{"id":73747,"date":"2023-12-11T13:22:30","date_gmt":"2023-12-11T16:22:30","guid":{"rendered":"https:\/\/www.lasrosas.com.ar\/portal\/?p=73747"},"modified":"2023-12-11T13:22:33","modified_gmt":"2023-12-11T16:22:33","slug":"el-presidente-electo-javier-milei-eligio-a-rochas-para-vestirse-en-su-traspaso-de-mando-presidencial","status":"publish","type":"post","link":"https:\/\/www.lasrosas.com.ar\/portal\/el-presidente-electo-javier-milei-eligio-a-rochas-para-vestirse-en-su-traspaso-de-mando-presidencial\/","title":{"rendered":"EL PRESIDENTE ELECTO, JAVIER MILEI ELIGI\u00d3 A ROCHAS PARA VESTIRSE EN SU TRASPASO DE MANDO PRESIDENCIAL"},"content":{"rendered":"\n<p>Este domingo 10 de diciembre, Javier Milei finalmente asumi\u00f3 como el nuevo presidente de Argentina. Lo hizo en el marco de la ceremonia de asunci\u00f3n, la cual se llev\u00f3 adelante en el Congreso de la Naci\u00f3n a partir de las 11 de la ma\u00f1ana. Se trat\u00f3 de un acto protocolar que culmin\u00f3 cuando Alberto Fern\u00e1ndez le hizo entrega del bast\u00f3n y la banda presidencial a su sucesor.<\/p>\n\n\n\n<p><strong>ROCHAS es elegido una vez m\u00e1s por un Presidente argetino para vestirse. La marca es conocida por su calidad, estilo y elegancia, lo que la convierte en una elecci\u00f3n popular entre l\u00edderes y figuras prominentes.<\/strong><\/p>\n\n\n\n<p>El presidente electo, Javier Milei eligi\u00f3 un traje de Rochas para vestirse en su traspaso de mando presidencial, y apuesta por la marca para que lo acompa\u00f1e durante todo su mandato.<\/p>\n\n\n\n<p>El modelo elegido fue un ambo Rochas, regular fit a medida, color gris grafito de lana fr\u00eda 150 Loro Piana silk touch, con una camisa celeste espigada puro algod\u00f3n mercerizada t\u00edtulo 100\/2 de corte cl\u00e1sico a medida. Corbata de seda gris oscura.<\/p>\n<!-- AddThis Advanced Settings generic via filter on the_content --><!-- AddThis Share Buttons generic via filter on the_content -->","protected":false},"excerpt":{"rendered":"<p>Este domingo 10 de diciembre, Javier Milei finalmente asumi\u00f3 como el nuevo presidente de Argentina. Lo hizo en el marco de la ceremonia de asunci\u00f3n, la cual se llev\u00f3 adelante en el Congreso de la Naci\u00f3n a partir de las 11 de la ma\u00f1ana. Se trat\u00f3 de un acto protocolar que culmin\u00f3 cuando Alberto Fern\u00e1ndez [&hellip;]<!-- AddThis Advanced Settings generic via filter on get_the_excerpt --><!-- AddThis Share Buttons generic via filter on get_the_excerpt --><\/p>\n","protected":false},"author":6,"featured_media":73748,"comment_status":"closed","ping_status":"open","sticky":false,"template":"","format":"standard","meta":{"_acf_changed":false,"om_disable_all_campaigns":false,"_monsterinsights_skip_tracking":false,"_monsterinsights_sitenote_active":false,"_monsterinsights_sitenote_note":"","_monsterinsights_sitenote_category":0,"_uf_show_specific_survey":0,"_uf_disable_surveys":false,"footnotes":""},"categories":[100,30],"tags":[],"class_list":["post-73747","post","type-post","status-publish","format-standard","has-post-thumbnail","hentry","category-noticias","category-moda"],"acf":[],"aioseo_notices":[],"_links":{"self":[{"href":"https:\/\/www.lasrosas.com.ar\/portal\/wp-json\/wp\/v2\/posts\/73747","targetHints":{"allow":["GET"]}}],"collection":[{"href":"https:\/\/www.lasrosas.com.ar\/portal\/wp-json\/wp\/v2\/posts"}],"about":[{"href":"https:\/\/www.lasrosas.com.ar\/portal\/wp-json\/wp\/v2\/types\/post"}],"author":[{"embeddable":true,"href":"https:\/\/www.lasrosas.com.ar\/portal\/wp-json\/wp\/v2\/users\/6"}],"replies":[{"embeddable":true,"href":"https:\/\/www.lasrosas.com.ar\/portal\/wp-json\/wp\/v2\/comments?post=73747"}],"version-history":[{"count":1,"href":"https:\/\/www.lasrosas.com.ar\/portal\/wp-json\/wp\/v2\/posts\/73747\/revisions"}],"predecessor-version":[{"id":73749,"href":"https:\/\/www.lasrosas.com.ar\/portal\/wp-json\/wp\/v2\/posts\/73747\/revisions\/73749"}],"wp:featuredmedia":[{"embeddable":true,"href":"https:\/\/www.lasrosas.com.ar\/portal\/wp-json\/wp\/v2\/media\/73748"}],"wp:attachment":[{"href":"https:\/\/www.lasrosas.com.ar\/portal\/wp-json\/wp\/v2\/media?parent=73747"}],"wp:term":[{"taxonomy":"category","embeddable":true,"href":"https:\/\/www.lasrosas.com.ar\/portal\/wp-json\/wp\/v2\/categories?post=73747"},{"taxonomy":"post_tag","embeddable":true,"href":"https:\/\/www.lasrosas.com.ar\/portal\/wp-json\/wp\/v2\/tags?post=73747"}],"curies":[{"name":"wp","href":"https:\/\/api.w.org\/{rel}","templated":true}]}}