{"id":73478,"date":"2023-12-04T13:20:19","date_gmt":"2023-12-04T16:20:19","guid":{"rendered":"https:\/\/www.lasrosas.com.ar\/portal\/?p=73478"},"modified":"2023-12-04T13:20:22","modified_gmt":"2023-12-04T16:20:22","slug":"dermaglos-solar-lanzo-su-campana-estasatiempo","status":"publish","type":"post","link":"https:\/\/www.lasrosas.com.ar\/portal\/dermaglos-solar-lanzo-su-campana-estasatiempo\/","title":{"rendered":"DERMAGL\u00d3S SOLAR LANZ\u00d3 SU CAMPA\u00d1A #EST\u00c1SATIEMPO"},"content":{"rendered":"\n<p><strong>Dermagl\u00f3s Solar<\/strong> lanz\u00f3 su campa\u00f1a #Est\u00e1sATiempo con un evento en Rooftop Puerto Madero. All\u00ed, reafirmaron su compromiso con la concientizaci\u00f3n sobre la importancia del uso del protector solar durante todo el a\u00f1o.<\/p>\n\n\n\n<p>Junto a su campa\u00f1a<em> #Est\u00e1sATiempo de cambiar tu historia con el sol, <\/em>y con el fin de concientizar sobre la importancia del uso del protector solar y la prevenci\u00f3n del c\u00e1ncer de piel, <strong>Dermagl\u00f3s Solar<\/strong>, realiz\u00f3 un evento en un prestigioso sal\u00f3n porte\u00f1o. Estuvieron presentes m\u00e9dicos dermat\u00f3logos, periodistas, influencers y personalidades como Maju Lozano, Claudia Font\u00e1n, Guillermo Lobo, Roxy V\u00e1zquez y China Ansa,\u00a0entre otros. \u00a0<\/p>\n\n\n\n<figure class=\"wp-block-gallery has-nested-images columns-default is-cropped wp-block-gallery-1 is-layout-flex wp-block-gallery-is-layout-flex\">\n<figure class=\"wp-block-image size-large\"><img decoding=\"async\" width=\"1920\" height=\"1280\" data-id=\"73498\" data-src=\"https:\/\/www.lasrosas.com.ar\/portal\/wp-content\/uploads\/d-117-1920x1280.jpg\" alt=\"\" class=\"wp-image-73498 lazyload\" data-srcset=\"https:\/\/www.lasrosas.com.ar\/portal\/wp-content\/uploads\/\/d-117-1920x1280.jpg 1920w, https:\/\/www.lasrosas.com.ar\/portal\/wp-content\/uploads\/\/d-117-960x640.jpg 960w, https:\/\/www.lasrosas.com.ar\/portal\/wp-content\/uploads\/\/d-117-1536x1024.jpg 1536w, https:\/\/www.lasrosas.com.ar\/portal\/wp-content\/uploads\/\/d-117-scaled.jpg 2048w\" data-sizes=\"(max-width: 1920px) 100vw, 1920px\" src=\"data:image\/svg+xml;base64,PHN2ZyB3aWR0aD0iMSIgaGVpZ2h0PSIxIiB4bWxucz0iaHR0cDovL3d3dy53My5vcmcvMjAwMC9zdmciPjwvc3ZnPg==\" style=\"--smush-placeholder-width: 1920px; --smush-placeholder-aspect-ratio: 1920\/1280;\" \/><\/figure>\n\n\n\n<figure class=\"wp-block-image size-large\"><img decoding=\"async\" width=\"1277\" height=\"1920\" data-id=\"73493\" data-src=\"https:\/\/www.lasrosas.com.ar\/portal\/wp-content\/uploads\/China-ansa-y-su-pareja-Diego-Mendoza--1277x1920.jpg\" alt=\"\" class=\"wp-image-73493 lazyload\" data-srcset=\"https:\/\/www.lasrosas.com.ar\/portal\/wp-content\/uploads\/\/China-ansa-y-su-pareja-Diego-Mendoza--1277x1920.jpg 1277w, https:\/\/www.lasrosas.com.ar\/portal\/wp-content\/uploads\/\/China-ansa-y-su-pareja-Diego-Mendoza--639x960.jpg 639w, https:\/\/www.lasrosas.com.ar\/portal\/wp-content\/uploads\/\/China-ansa-y-su-pareja-Diego-Mendoza--1022x1536.jpg 1022w, https:\/\/www.lasrosas.com.ar\/portal\/wp-content\/uploads\/\/China-ansa-y-su-pareja-Diego-Mendoza--scaled.jpg 1363w\" data-sizes=\"(max-width: 1277px) 100vw, 1277px\" src=\"data:image\/svg+xml;base64,PHN2ZyB3aWR0aD0iMSIgaGVpZ2h0PSIxIiB4bWxucz0iaHR0cDovL3d3dy53My5vcmcvMjAwMC9zdmciPjwvc3ZnPg==\" style=\"--smush-placeholder-width: 1277px; --smush-placeholder-aspect-ratio: 1277\/1920;\" \/><\/figure>\n\n\n\n<figure class=\"wp-block-image size-large\"><img decoding=\"async\" width=\"1920\" height=\"1277\" data-id=\"73495\" data-src=\"https:\/\/www.lasrosas.com.ar\/portal\/wp-content\/uploads\/Dermaglos-solar-Caludia-Fontan-y-Maju-lozano-1920x1277.jpg\" alt=\"\" class=\"wp-image-73495 lazyload\" data-srcset=\"https:\/\/www.lasrosas.com.ar\/portal\/wp-content\/uploads\/\/Dermaglos-solar-Caludia-Fontan-y-Maju-lozano-1920x1277.jpg 1920w, https:\/\/www.lasrosas.com.ar\/portal\/wp-content\/uploads\/\/Dermaglos-solar-Caludia-Fontan-y-Maju-lozano-960x639.jpg 960w, https:\/\/www.lasrosas.com.ar\/portal\/wp-content\/uploads\/\/Dermaglos-solar-Caludia-Fontan-y-Maju-lozano-1536x1022.jpg 1536w, https:\/\/www.lasrosas.com.ar\/portal\/wp-content\/uploads\/\/Dermaglos-solar-Caludia-Fontan-y-Maju-lozano-scaled.jpg 2048w\" data-sizes=\"(max-width: 1920px) 100vw, 1920px\" src=\"data:image\/svg+xml;base64,PHN2ZyB3aWR0aD0iMSIgaGVpZ2h0PSIxIiB4bWxucz0iaHR0cDovL3d3dy53My5vcmcvMjAwMC9zdmciPjwvc3ZnPg==\" style=\"--smush-placeholder-width: 1920px; --smush-placeholder-aspect-ratio: 1920\/1277;\" \/><\/figure>\n\n\n\n<figure class=\"wp-block-image size-large\"><img decoding=\"async\" width=\"1920\" height=\"1280\" data-id=\"73494\" data-src=\"https:\/\/www.lasrosas.com.ar\/portal\/wp-content\/uploads\/Guillermo-Lobo-1920x1280.jpg\" alt=\"\" class=\"wp-image-73494 lazyload\" data-srcset=\"https:\/\/www.lasrosas.com.ar\/portal\/wp-content\/uploads\/\/Guillermo-Lobo-1920x1280.jpg 1920w, https:\/\/www.lasrosas.com.ar\/portal\/wp-content\/uploads\/\/Guillermo-Lobo-960x640.jpg 960w, https:\/\/www.lasrosas.com.ar\/portal\/wp-content\/uploads\/\/Guillermo-Lobo-1536x1024.jpg 1536w, https:\/\/www.lasrosas.com.ar\/portal\/wp-content\/uploads\/\/Guillermo-Lobo-scaled.jpg 2048w\" data-sizes=\"(max-width: 1920px) 100vw, 1920px\" src=\"data:image\/svg+xml;base64,PHN2ZyB3aWR0aD0iMSIgaGVpZ2h0PSIxIiB4bWxucz0iaHR0cDovL3d3dy53My5vcmcvMjAwMC9zdmciPjwvc3ZnPg==\" style=\"--smush-placeholder-width: 1920px; --smush-placeholder-aspect-ratio: 1920\/1280;\" \/><\/figure>\n\n\n\n<figure class=\"wp-block-image size-large\"><img decoding=\"async\" width=\"1920\" height=\"1280\" data-id=\"73496\" data-src=\"https:\/\/www.lasrosas.com.ar\/portal\/wp-content\/uploads\/Maju-Lozano-Y-Caludia-Fontan-junto-a-Santiago-Vaz-Director-de-mkt-y-comunicacion-de-Laboratorios-Andromaco--1920x1280.jpg\" alt=\"\" class=\"wp-image-73496 lazyload\" data-srcset=\"https:\/\/www.lasrosas.com.ar\/portal\/wp-content\/uploads\/\/Maju-Lozano-Y-Caludia-Fontan-junto-a-Santiago-Vaz-Director-de-mkt-y-comunicacion-de-Laboratorios-Andromaco--1920x1280.jpg 1920w, https:\/\/www.lasrosas.com.ar\/portal\/wp-content\/uploads\/\/Maju-Lozano-Y-Caludia-Fontan-junto-a-Santiago-Vaz-Director-de-mkt-y-comunicacion-de-Laboratorios-Andromaco--960x640.jpg 960w, https:\/\/www.lasrosas.com.ar\/portal\/wp-content\/uploads\/\/Maju-Lozano-Y-Caludia-Fontan-junto-a-Santiago-Vaz-Director-de-mkt-y-comunicacion-de-Laboratorios-Andromaco--1536x1024.jpg 1536w, https:\/\/www.lasrosas.com.ar\/portal\/wp-content\/uploads\/\/Maju-Lozano-Y-Caludia-Fontan-junto-a-Santiago-Vaz-Director-de-mkt-y-comunicacion-de-Laboratorios-Andromaco--scaled.jpg 2048w\" data-sizes=\"(max-width: 1920px) 100vw, 1920px\" src=\"data:image\/svg+xml;base64,PHN2ZyB3aWR0aD0iMSIgaGVpZ2h0PSIxIiB4bWxucz0iaHR0cDovL3d3dy53My5vcmcvMjAwMC9zdmciPjwvc3ZnPg==\" style=\"--smush-placeholder-width: 1920px; --smush-placeholder-aspect-ratio: 1920\/1280;\" \/><\/figure>\n\n\n\n<figure class=\"wp-block-image size-large\"><img decoding=\"async\" width=\"1920\" height=\"1280\" data-id=\"73497\" data-src=\"https:\/\/www.lasrosas.com.ar\/portal\/wp-content\/uploads\/d-4-1920x1280.jpg\" alt=\"\" class=\"wp-image-73497 lazyload\" data-srcset=\"https:\/\/www.lasrosas.com.ar\/portal\/wp-content\/uploads\/\/d-4-1920x1280.jpg 1920w, https:\/\/www.lasrosas.com.ar\/portal\/wp-content\/uploads\/\/d-4-960x640.jpg 960w, https:\/\/www.lasrosas.com.ar\/portal\/wp-content\/uploads\/\/d-4-1536x1024.jpg 1536w, https:\/\/www.lasrosas.com.ar\/portal\/wp-content\/uploads\/\/d-4-scaled.jpg 2048w\" data-sizes=\"(max-width: 1920px) 100vw, 1920px\" src=\"data:image\/svg+xml;base64,PHN2ZyB3aWR0aD0iMSIgaGVpZ2h0PSIxIiB4bWxucz0iaHR0cDovL3d3dy53My5vcmcvMjAwMC9zdmciPjwvc3ZnPg==\" style=\"--smush-placeholder-width: 1920px; --smush-placeholder-aspect-ratio: 1920\/1280;\" \/><\/figure>\n<\/figure>\n\n\n\n<p>A trav\u00e9s de una muestra con impactantes fotograf\u00edas en blanco y negro, distintos cuerpos y lunares sospechosos como est\u00edmulo, <strong>Dermagl\u00f3s Solar<\/strong> interpel\u00f3 a los invitados. Esa din\u00e1mica, ayud\u00f3 a comprender los pilares fundamentales a la hora de cuidar la piel los 365 d\u00edas del a\u00f1o: la prevenci\u00f3n, el chequeo de lunares, las visitas dermatol\u00f3gicas y la foto-protecci\u00f3n. El c\u00e1ncer de piel est\u00e1 apareciendo con mayor frecuencia especialmente entre personas j\u00f3venes. Una enfermedad prevenible, cuyo desenlace depende del autoconocimiento, cuidado y detecci\u00f3n temprana.<\/p>\n\n\n\n<p>El evento cont\u00f3, adem\u00e1s, con distintas activaciones y sorpresas. Por ejemplo, una artista pl\u00e1stica, acompa\u00f1ada por una banda de jazz, cre\u00f3 una obra en vivo y luego fue donada entre los presentes. Se gener\u00f3 un clima interesante entre los m\u00e9dicos dermat\u00f3logos, influencers y periodistas especializados, lo que se vio reflejado en un contenido variado en redes sociales. Tambi\u00e9n en redes se amplific\u00f3, con conceptos claros y f\u00e1ciles de recordar, el lema de la marca experta en el cuidado de la piel y del sol<strong><em>: <\/em><\/strong><em>\u201cEst\u00e1s a tiempo de cambiar tu historia con el sol\u201d<\/em><\/p>\n\n\n\n<p>En un contexto de creciente incidencia de c\u00e1ncer de piel, Dermagl\u00f3s, la marca l\u00edder en cuidado de la piel de Laboratorios Andr\u00f3maco,<strong> <\/strong>busca movilizar a las personas a prestar atenci\u00f3n a las se\u00f1ales de alerta y afecciones y prevenir incorporando h\u00e1bitos diarios de cuidado. <strong>Dermagl\u00f3s Solar<\/strong> act\u00faa como agente de transformaci\u00f3n y se compromete a influir positivamente en los consumidores y a la poblaci\u00f3n en general durante todo el a\u00f1o.<\/p>\n<!-- AddThis Advanced Settings generic via filter on the_content --><!-- AddThis Share Buttons generic via filter on the_content -->","protected":false},"excerpt":{"rendered":"<p>Dermagl\u00f3s Solar lanz\u00f3 su campa\u00f1a #Est\u00e1sATiempo con un evento en Rooftop Puerto Madero. All\u00ed, reafirmaron su compromiso con la concientizaci\u00f3n sobre la importancia del uso del protector solar durante todo el a\u00f1o. Junto a su campa\u00f1a #Est\u00e1sATiempo de cambiar tu historia con el sol, y con el fin de concientizar sobre la importancia del uso [&hellip;]<!-- AddThis Advanced Settings generic via filter on get_the_excerpt --><!-- AddThis Share Buttons generic via filter on get_the_excerpt --><\/p>\n","protected":false},"author":6,"featured_media":73499,"comment_status":"closed","ping_status":"open","sticky":false,"template":"","format":"standard","meta":{"_acf_changed":false,"om_disable_all_campaigns":false,"_monsterinsights_skip_tracking":false,"_monsterinsights_sitenote_active":false,"_monsterinsights_sitenote_note":"","_monsterinsights_sitenote_category":0,"_uf_show_specific_survey":0,"_uf_disable_surveys":false,"footnotes":""},"categories":[376,100],"tags":[],"class_list":["post-73478","post","type-post","status-publish","format-standard","has-post-thumbnail","hentry","category-lifestyle","category-noticias"],"acf":[],"aioseo_notices":[],"_links":{"self":[{"href":"https:\/\/www.lasrosas.com.ar\/portal\/wp-json\/wp\/v2\/posts\/73478","targetHints":{"allow":["GET"]}}],"collection":[{"href":"https:\/\/www.lasrosas.com.ar\/portal\/wp-json\/wp\/v2\/posts"}],"about":[{"href":"https:\/\/www.lasrosas.com.ar\/portal\/wp-json\/wp\/v2\/types\/post"}],"author":[{"embeddable":true,"href":"https:\/\/www.lasrosas.com.ar\/portal\/wp-json\/wp\/v2\/users\/6"}],"replies":[{"embeddable":true,"href":"https:\/\/www.lasrosas.com.ar\/portal\/wp-json\/wp\/v2\/comments?post=73478"}],"version-history":[{"count":1,"href":"https:\/\/www.lasrosas.com.ar\/portal\/wp-json\/wp\/v2\/posts\/73478\/revisions"}],"predecessor-version":[{"id":73500,"href":"https:\/\/www.lasrosas.com.ar\/portal\/wp-json\/wp\/v2\/posts\/73478\/revisions\/73500"}],"wp:featuredmedia":[{"embeddable":true,"href":"https:\/\/www.lasrosas.com.ar\/portal\/wp-json\/wp\/v2\/media\/73499"}],"wp:attachment":[{"href":"https:\/\/www.lasrosas.com.ar\/portal\/wp-json\/wp\/v2\/media?parent=73478"}],"wp:term":[{"taxonomy":"category","embeddable":true,"href":"https:\/\/www.lasrosas.com.ar\/portal\/wp-json\/wp\/v2\/categories?post=73478"},{"taxonomy":"post_tag","embeddable":true,"href":"https:\/\/www.lasrosas.com.ar\/portal\/wp-json\/wp\/v2\/tags?post=73478"}],"curies":[{"name":"wp","href":"https:\/\/api.w.org\/{rel}","templated":true}]}}