{"id":73425,"date":"2023-12-01T13:26:08","date_gmt":"2023-12-01T16:26:08","guid":{"rendered":"https:\/\/www.lasrosas.com.ar\/portal\/?p=73425"},"modified":"2023-12-01T13:26:11","modified_gmt":"2023-12-01T16:26:11","slug":"lollapalooza-revela-su-lineup-por-dia","status":"publish","type":"post","link":"https:\/\/www.lasrosas.com.ar\/portal\/lollapalooza-revela-su-lineup-por-dia\/","title":{"rendered":"\u00a1LOLLAPALOOZA REVELA SU LINEUP POR D\u00cdA!"},"content":{"rendered":"\n<p><strong>ENTERATE C\u00d3MO SER\u00c1 CADA JORNADA DE LA NOVENA EDICI\u00d3N DE ESTA GRAN CELEBRACI\u00d3N DE LA M\u00daSICA.<\/strong><\/p>\n\n\n\n<p><strong>TICKETS DIARIOS YA A LA VENTA Y<\/strong><\/p>\n\n\n\n<p><strong>ABONOS DISPONIBLES EN PREVENTA 5<\/strong>&nbsp;<\/p>\n\n\n\n<p><strong>Luego de develar la grilla completa para su novena edici\u00f3n, ahora sabemos c\u00f3mo quedar\u00e1n distribuidos los m\u00e1s de 100 artistas del fin de semana del #LollaAr que tendr\u00e1 lugar el 15, 16 y 17 de marzo en el Hip\u00f3dromo de San Isidro.<\/strong><\/p>\n\n\n\n<p><strong>ENTRADAS \u00daNICAMENTE POR&nbsp;<a href=\"https:\/\/lt.mydplr.com\/e5afafb4988b9c1e1fd843868eef3b75-16d6b84fabe730cfeb89d9763b4824b1\" target=\"_blank\" rel=\"noreferrer noopener\"><u>ALL ACCESS<\/u><\/a><\/strong><\/p>\n\n\n\n<p><strong>6 CUOTAS SIN INTER\u00c9S CON TARJETAS SANTANDER AMERICAN EXPRESS<\/strong><\/p>\n\n\n\n<p><strong>TICKETS DIARIOS A PARTIR DE $50.000, EN 6 CUOTAS DE $8.333<\/strong><\/p>\n\n\n\n<p><strong>ABONOS EN PREVENTA 5 A PARTIR DE $120.000<\/strong><\/p>\n\n\n\n<figure class=\"wp-block-image size-full\"><img decoding=\"async\" width=\"1080\" height=\"1350\" data-src=\"https:\/\/www.lasrosas.com.ar\/portal\/wp-content\/uploads\/unnamed-51.png\" alt=\"\" class=\"wp-image-73426 lazyload\" data-srcset=\"https:\/\/www.lasrosas.com.ar\/portal\/wp-content\/uploads\/\/unnamed-51.png 1080w, https:\/\/www.lasrosas.com.ar\/portal\/wp-content\/uploads\/\/unnamed-51-768x960.png 768w\" data-sizes=\"(max-width: 1080px) 100vw, 1080px\" src=\"data:image\/svg+xml;base64,PHN2ZyB3aWR0aD0iMSIgaGVpZ2h0PSIxIiB4bWxucz0iaHR0cDovL3d3dy53My5vcmcvMjAwMC9zdmciPjwvc3ZnPg==\" style=\"--smush-placeholder-width: 1080px; --smush-placeholder-aspect-ratio: 1080\/1350;\" \/><\/figure>\n\n\n\n<p>Tras el esperado anuncio de la grilla de su novena edici\u00f3n,&nbsp;<strong>Lollapalooza Argentina comparte c\u00f3mo ser\u00e1 cada jornada<\/strong>&nbsp;de la gran fiesta de la m\u00fasica que se desarrollar\u00e1&nbsp;<strong>entre el viernes 15 y el domingo 17 de marzo de 2024 en el Hip\u00f3dromo de San Isidro, presentado por FLOW y con producci\u00f3n de DF Entertainment.<\/strong>&nbsp;<strong>Con la diversidad como bandera<\/strong>, cada d\u00eda re\u00fane shows de los m\u00e1s variados g\u00e9neros para celebrar algunas de las figuras m\u00e1s talentosas de todo el panorama actual.&nbsp;<strong>#LollaAR se mantiene fiel a su esp\u00edritu: &nbsp;en cada jornada brillar\u00e1n sobre los 5 escenarios artistas internacionales y locales, estrellas consagradas y figuras emergentes que vale la pena conocer.<\/strong><\/p>\n\n\n\n<p><strong>El d\u00eda de apertura estar\u00e1 encabezado por los pioneros del pop-punk Blink-182, que estar\u00e1n viniendo por primera vez a Argentina y con su formaci\u00f3n original.<\/strong>&nbsp;Este primer d\u00eda contar\u00e1 tambi\u00e9n con la presentaci\u00f3n de&nbsp;<strong>Arcade Fire<\/strong>, la&nbsp;<strong>camale\u00f3nica banda de rock alternativo<\/strong>&nbsp;oriunda de Canad\u00e1, movi\u00e9ndose entre el punk funk, gui\u00f1os al disco, recursos electro, y deslumbrando en&nbsp;<strong>vivo llenos de instrumentos que van rotando. \u00bfEl plato fuerte local? YSY A, el rapero y trapero argentino de energ\u00eda arrolladora.<\/strong>&nbsp;Adem\u00e1s, para los amantes del rock y del punk, la jornada ofrecer\u00e1 el show de&nbsp;<strong>The Offspring<\/strong>&nbsp;y&nbsp;<strong>Jaden<\/strong>, joven artista que viene trabajando con Travis Barker, el baterista de Blink-182, as\u00ed como a los locales&nbsp;<strong>Winona Riders<\/strong>,&nbsp;<strong>Pacifica<\/strong>&nbsp;y&nbsp;<strong>Mujer Cebra<\/strong>. En la l\u00ednea de la m\u00fasica urbana estar\u00e1n el espa\u00f1ol&nbsp;<strong>Saiko<\/strong>, el chileno&nbsp;<strong>Jere Klein<\/strong>, el mexicano que fusiona esos sonidos con recursos de la electr\u00f3nica&nbsp;<strong>Nsqk<\/strong>, el peruano&nbsp;<strong>JAZE<\/strong>&nbsp;y el rapero argentino&nbsp;<strong>Oney1<\/strong>. Para quienes gusten de la electr\u00f3nica, estar\u00e1n&nbsp;<strong>Diplo<\/strong>, una de las figuras m\u00e1s fuertes del EDM,&nbsp;<strong>Dom Dolla<\/strong>, el australiano cuyo nombre es indispensable en la escena del house, el DJ y productor&nbsp;<strong>MK<\/strong>, el d\u00fao franc\u00e9s&nbsp;<strong>The Blaze<\/strong>, as\u00ed como los argentinos&nbsp;<strong>Mariano Mellino, Evlay<\/strong>&nbsp;y&nbsp;<strong>Peces Raros.<\/strong>&nbsp;El cl\u00e1sico siempre vigente de la m\u00fasica latinoamericana&nbsp;<strong>Cristian Castro reunir\u00e1 a amantes de la canci\u00f3n, mientras que el pop<\/strong>&nbsp;tendr\u00e1 su lugar con&nbsp;<strong>Fletcher, Juliana Gattas<\/strong>&nbsp;y&nbsp;<strong>Juana Rozas.<\/strong>&nbsp;<strong>Grupo Frontera aportar\u00e1 un poco de regional mexicano<\/strong>&nbsp;al festival, en un momento en el que el g\u00e9nero cobr\u00f3 un lugar destacado a escala global.<\/p>\n\n\n\n<figure class=\"wp-block-image size-full is-resized\"><img decoding=\"async\" data-src=\"https:\/\/www.lasrosas.com.ar\/portal\/wp-content\/uploads\/unnamed-147.jpg\" alt=\"\" class=\"wp-image-73427 lazyload\" style=\"--smush-placeholder-width: 840px; --smush-placeholder-aspect-ratio: 840\/438;width:840px;height:438px\" width=\"840\" height=\"438\" src=\"data:image\/svg+xml;base64,PHN2ZyB3aWR0aD0iMSIgaGVpZ2h0PSIxIiB4bWxucz0iaHR0cDovL3d3dy53My5vcmcvMjAwMC9zdmciPjwvc3ZnPg==\" \/><\/figure>\n\n\n\n<figure class=\"wp-block-table\"><table><tbody><tr><td>La segunda jornada tendr\u00e1 a la&nbsp;<strong>superestrella que renov\u00f3 la escena del R&amp;B SZA como headliner junto al ic\u00f3nico Sam Smith en una jornada donde el pop ser\u00e1 preponderante<\/strong>&nbsp;y reunir\u00e1 a&nbsp;<strong>Miranda!<\/strong>, la banda argentina que es siempre vanguardia pop y diversi\u00f3n garantizada, la actriz y cantante estadounidense&nbsp;<strong>Dove Cameron<\/strong>, el R&amp;B de&nbsp;<strong>Omar Apollo<\/strong>, la mexicana&nbsp;<strong>Kenia Os, y los argentinos Lucca Bocci, FERMIN, Santi Muk.<\/strong>&nbsp;En cuanto al rock, el s\u00e1bado 16 contar\u00e1 con la banda francesa&nbsp;<strong>Phoenix<\/strong>, con m\u00e1s de 20 a\u00f1os en lo m\u00e1s alto del indie,&nbsp;<strong>The Driver Era<\/strong>&nbsp;con un sonido m\u00e1s alternativo,&nbsp;<strong>Nothing But Thieves<\/strong>&nbsp;y los argentinos&nbsp;<strong>Koino Yokan<\/strong>. Adem\u00e1s, la jornada contar\u00e1 con&nbsp;<strong>Jungle<\/strong>, la banda que viene marcando el rumbo en la m\u00fasica dance. Los sonidos de la electr\u00f3nica tambi\u00e9n estar\u00e1n representados por el poderoso tr\u00edo brit\u00e1nico de trance y progressive<strong>&nbsp;Above &amp; Beyond, Timmy Trumpet, Loud Luxury, Chico Blanco Live&nbsp;<\/strong>y la argentina<strong>&nbsp;Franzizca.<\/strong>&nbsp;Diferentes sonidos latinos dir\u00e1n presente con&nbsp;<strong>Robleis, Latin Mafia, BM, Santi Celli.<\/strong>&nbsp;No pod\u00eda faltar la m\u00fasica urbana: habr\u00e1 shows de&nbsp;<strong>Mechayrxmeo<\/strong>&nbsp;e&nbsp;<strong>ill Quentin<\/strong>, as\u00ed como varias figuras emergentes de diferentes g\u00e9neros musicales &nbsp;para descubrir.&nbsp;<\/td><\/tr><\/tbody><\/table><\/figure>\n\n\n\n<figure class=\"wp-block-image size-full\"><img decoding=\"async\" width=\"657\" height=\"436\" data-src=\"https:\/\/www.lasrosas.com.ar\/portal\/wp-content\/uploads\/unnamed-1-162.jpg\" alt=\"\" class=\"wp-image-73428 lazyload\" src=\"data:image\/svg+xml;base64,PHN2ZyB3aWR0aD0iMSIgaGVpZ2h0PSIxIiB4bWxucz0iaHR0cDovL3d3dy53My5vcmcvMjAwMC9zdmciPjwvc3ZnPg==\" style=\"--smush-placeholder-width: 657px; --smush-placeholder-aspect-ratio: 657\/436;\" \/><\/figure>\n\n\n\n<p>La jornada de cierre pondr\u00e1 el broche de oro a otro fin de semana inolvidable de #LollaAR.\u00a0<strong>FEID es el primer latinoamericano en ocupar el slot principal del festival, donde har\u00e1 sonar sus hits de reggaet\u00f3n a veces m\u00e1s electr\u00f3nico, a veces m\u00e1s hip hopero.<\/strong>\u00a0Encabezando la grilla de ese domingo estar\u00e1 tambi\u00e9n la m\u00edtica banda\u00a0<strong>Limp Bizkit<\/strong>\u00a0a puro nu metal, as\u00ed como\u00a0<strong>HOZIER<\/strong>, el australiano de voz singular que vuelve a colocar al folk en el centro de la escena musical.\u00a0<strong>Thirty Seconds to Mars<\/strong>\u00a0aportar\u00e1 una dosis de rock alternativo y su famoso desparpajo sobre el escenario, mientras que el tr\u00edo italiano de house\u00a0<strong>Meduza<\/strong>\u00a0encabezar\u00e1 en lo que refiere a la electr\u00f3nica en una jornada que tambi\u00e9n traer\u00e1 al productor y cantante de origen chino\u00a0<strong>Zhu<\/strong>, y al franc\u00e9s\u00a0<strong>Dombresky<\/strong>.\u00a0<strong>Rina Sawayama<\/strong>\u00a0participar\u00e1 con su pop provocador, los locales\u00a0<strong>Bandalos Chinos<\/strong>\u00a0har\u00e1n sonar sus hits de pop argento y\u00a0<strong>Dayglow<\/strong>\u00a0sin dudas har\u00e1 bailar a todo el mundo con sus sintetizadores retro. El trap brillar\u00e1 de la mano de<strong>\u00a0Bhavi.<\/strong>\u00a0<strong>King Gizzard &amp; the Lizard Wizard<\/strong>\u00a0arrasar\u00e1 a fuerza de psicodelia,\u00a0<strong>Pierce the Veil<\/strong>\u00a0representar\u00e1 al hardore, el cantante mexicano\u00a0<strong>Le\u00f3n Larregui y Ximena<\/strong>\u00a0y la banda argentina\u00a0<strong>El Zar<\/strong>\u00a0sonar\u00e1n en el cruce del rock y del pop en un cierre que tendr\u00e1, como siempre, nombres nuevos por conocer y mantener en la mira.<\/p>\n<!-- AddThis Advanced Settings generic via filter on the_content --><!-- AddThis Share Buttons generic via filter on the_content -->","protected":false},"excerpt":{"rendered":"<p>ENTERATE C\u00d3MO SER\u00c1 CADA JORNADA DE LA NOVENA EDICI\u00d3N DE ESTA GRAN CELEBRACI\u00d3N DE LA M\u00daSICA. TICKETS DIARIOS YA A LA VENTA Y ABONOS DISPONIBLES EN PREVENTA 5&nbsp; Luego de develar la grilla completa para su novena edici\u00f3n, ahora sabemos c\u00f3mo quedar\u00e1n distribuidos los m\u00e1s de 100 artistas del fin de semana del #LollaAr que [&hellip;]<!-- AddThis Advanced Settings generic via filter on get_the_excerpt --><!-- AddThis Share Buttons generic via filter on get_the_excerpt --><\/p>\n","protected":false},"author":6,"featured_media":73427,"comment_status":"closed","ping_status":"open","sticky":false,"template":"","format":"standard","meta":{"_acf_changed":false,"om_disable_all_campaigns":false,"_monsterinsights_skip_tracking":false,"_monsterinsights_sitenote_active":false,"_monsterinsights_sitenote_note":"","_monsterinsights_sitenote_category":0,"_uf_show_specific_survey":0,"_uf_disable_surveys":false,"footnotes":""},"categories":[100],"tags":[],"class_list":["post-73425","post","type-post","status-publish","format-standard","has-post-thumbnail","hentry","category-noticias"],"acf":[],"aioseo_notices":[],"_links":{"self":[{"href":"https:\/\/www.lasrosas.com.ar\/portal\/wp-json\/wp\/v2\/posts\/73425","targetHints":{"allow":["GET"]}}],"collection":[{"href":"https:\/\/www.lasrosas.com.ar\/portal\/wp-json\/wp\/v2\/posts"}],"about":[{"href":"https:\/\/www.lasrosas.com.ar\/portal\/wp-json\/wp\/v2\/types\/post"}],"author":[{"embeddable":true,"href":"https:\/\/www.lasrosas.com.ar\/portal\/wp-json\/wp\/v2\/users\/6"}],"replies":[{"embeddable":true,"href":"https:\/\/www.lasrosas.com.ar\/portal\/wp-json\/wp\/v2\/comments?post=73425"}],"version-history":[{"count":1,"href":"https:\/\/www.lasrosas.com.ar\/portal\/wp-json\/wp\/v2\/posts\/73425\/revisions"}],"predecessor-version":[{"id":73429,"href":"https:\/\/www.lasrosas.com.ar\/portal\/wp-json\/wp\/v2\/posts\/73425\/revisions\/73429"}],"wp:featuredmedia":[{"embeddable":true,"href":"https:\/\/www.lasrosas.com.ar\/portal\/wp-json\/wp\/v2\/media\/73427"}],"wp:attachment":[{"href":"https:\/\/www.lasrosas.com.ar\/portal\/wp-json\/wp\/v2\/media?parent=73425"}],"wp:term":[{"taxonomy":"category","embeddable":true,"href":"https:\/\/www.lasrosas.com.ar\/portal\/wp-json\/wp\/v2\/categories?post=73425"},{"taxonomy":"post_tag","embeddable":true,"href":"https:\/\/www.lasrosas.com.ar\/portal\/wp-json\/wp\/v2\/tags?post=73425"}],"curies":[{"name":"wp","href":"https:\/\/api.w.org\/{rel}","templated":true}]}}