{"id":73363,"date":"2023-11-29T13:11:00","date_gmt":"2023-11-29T16:11:00","guid":{"rendered":"https:\/\/www.lasrosas.com.ar\/portal\/?p=73363"},"modified":"2023-11-29T13:11:03","modified_gmt":"2023-11-29T16:11:03","slug":"matilda-el-musical-10-razones-para-no-perderte-la-despedida-del-espectaculo-del-ano","status":"publish","type":"post","link":"https:\/\/www.lasrosas.com.ar\/portal\/matilda-el-musical-10-razones-para-no-perderte-la-despedida-del-espectaculo-del-ano\/","title":{"rendered":"\u00abMATILDA, EL MUSICAL\u00bb 10 RAZONES PARA NO PERDERTE LA DESPEDIDA DEL ESPECT\u00c1CULO DEL A\u00d1O"},"content":{"rendered":"\n<h5 class=\"wp-block-heading\"><em>\u00abMatilda, el musical\u00bb,\u00a0<\/em>la mayor superproducci\u00f3n nacional, vuelve al escenario del Teatro Gran Rex el 12 de enero de 2024, por \u00fanicas 4 semanas, despu\u00e9s de haber alcanzado m\u00e1s de 140.000 espectadores durante las vacaciones de invierno. \u00a1El espect\u00e1culo del a\u00f1o se despide definitivamente de la cartelera porte\u00f1a!<\/h5>\n\n\n\n<h5 class=\"wp-block-heading\"><em>Matilda, el musical&nbsp;<\/em>&#8211; LA DESPEDIDA, entradas a la venta a trav\u00e9s de<\/h5>\n\n\n\n<h5 class=\"wp-block-heading\"><a href=\"https:\/\/www.tuentrada.com\/eventos\/detalle\/matilda\/5541243744\" target=\"_blank\" rel=\"noreferrer noopener\">TU ENTRADA<\/a><\/h5>\n\n\n\n<figure class=\"wp-block-image size-full\"><img decoding=\"async\" width=\"1200\" height=\"1200\" data-src=\"https:\/\/www.lasrosas.com.ar\/portal\/wp-content\/uploads\/WhatsApp-Image-2023-11-23-at-16.08.45-1.jpeg\" alt=\"\" class=\"wp-image-73364 lazyload\" data-srcset=\"https:\/\/www.lasrosas.com.ar\/portal\/wp-content\/uploads\/\/WhatsApp-Image-2023-11-23-at-16.08.45-1.jpeg 1200w, https:\/\/www.lasrosas.com.ar\/portal\/wp-content\/uploads\/\/WhatsApp-Image-2023-11-23-at-16.08.45-1-960x960.jpeg 960w\" data-sizes=\"(max-width: 1200px) 100vw, 1200px\" src=\"data:image\/svg+xml;base64,PHN2ZyB3aWR0aD0iMSIgaGVpZ2h0PSIxIiB4bWxucz0iaHR0cDovL3d3dy53My5vcmcvMjAwMC9zdmciPjwvc3ZnPg==\" style=\"--smush-placeholder-width: 1200px; --smush-placeholder-aspect-ratio: 1200\/1200;\" \/><\/figure>\n\n\n\n<p><strong>10 RAZONES POR LAS QUE NO PODES PERDERTE LA DESPEDIDA DEFINITIVA DE \u201cMATILDA EL MUSICAL\u201d&nbsp;<\/strong><\/p>\n\n\n\n<p>1- Fue la obra m\u00e1s convocante del 2023: super\u00f3 las 140.000 localidades vendidas en tan s\u00f3lo 8 semanas de su estreno, ganadora de 5 premios Hugo y 3 premios ACE<\/p>\n\n\n\n<p>2- Es una superproducci\u00f3n: 48 artistas en escena, 400 horas de ensayo, 124 personas en backstage, 245 cambios de vestuario y una escenograf\u00eda con 500 letras retroiluminadas.&nbsp;<\/p>\n\n\n\n<p>3- El incre\u00edble elenco de 26 ni\u00f1os de entre 9 y 12 a\u00f1os act\u00faa, canta y baila en vivo.&nbsp;<\/p>\n\n\n\n<p>4- Sus protagonistas: Laurita Fern\u00e1ndez, Agust\u00edn \u201cRada\u201d Aristar\u00e1n, Jos\u00e9 Mar\u00eda Listorti y Fer Metilli encarnan los roles de los adultos de la ic\u00f3nica historia siendo destacados por la cr\u00edtica y ovacionados de pie por el p\u00fablico.<\/p>\n\n\n\n<p>5- Es una obra para toda la familia. \u00a1El mejor plan para las vacaciones de verano!<\/p>\n\n\n\n<p>6- Matilda invita a los ni\u00f1os a crecer libremente y luchar por sus sue\u00f1os.&nbsp;<\/p>\n\n\n\n<p>7- Es la oportunidad de revivir la pel\u00edcula favorita de tu infancia y volver a ser ni\u00f1o por un rato.<\/p>\n\n\n\n<p>8- Matilda, el musical fue declarado inter\u00e9s cultural de la Ciudad por su alto contenido educativo y pedag\u00f3gico.&nbsp;<\/p>\n\n\n\n<p>9- Las entradas se mantienen al mismo precio que en Julio 2023, hasta el 31 de diciembre.<\/p>\n\n\n\n<p>10- \u00a1Es la \u00faltima oportunidad de disfrutar del espect\u00e1culo del a\u00f1o!<\/p>\n\n\n\n<figure class=\"wp-block-image size-large\"><img decoding=\"async\" width=\"1920\" height=\"1080\" data-src=\"https:\/\/www.lasrosas.com.ar\/portal\/wp-content\/uploads\/unnamed-8-11-1920x1080.jpg\" alt=\"\" class=\"wp-image-73366 lazyload\" data-srcset=\"https:\/\/www.lasrosas.com.ar\/portal\/wp-content\/uploads\/\/unnamed-8-11-1920x1080.jpg 1920w, https:\/\/www.lasrosas.com.ar\/portal\/wp-content\/uploads\/\/unnamed-8-11-960x540.jpg 960w, https:\/\/www.lasrosas.com.ar\/portal\/wp-content\/uploads\/\/unnamed-8-11-1536x864.jpg 1536w, https:\/\/www.lasrosas.com.ar\/portal\/wp-content\/uploads\/\/unnamed-8-11.jpg 2048w\" data-sizes=\"(max-width: 1920px) 100vw, 1920px\" src=\"data:image\/svg+xml;base64,PHN2ZyB3aWR0aD0iMSIgaGVpZ2h0PSIxIiB4bWxucz0iaHR0cDovL3d3dy53My5vcmcvMjAwMC9zdmciPjwvc3ZnPg==\" style=\"--smush-placeholder-width: 1920px; --smush-placeholder-aspect-ratio: 1920\/1080;\" \/><\/figure>\n\n\n\n<h5 class=\"wp-block-heading\">\u201cMATILDA, EL MUSICAL\u201d &#8211; DEL 12 DE ENERO AL 13 DE FEBRERO<\/h5>\n\n\n\n<h5 class=\"wp-block-heading\">Estreno Viernes 12 de enero 21hs &#8211; TEATRO GRAN REX (Av. Corrientes 857)<\/h5>\n\n\n\n<h5 class=\"wp-block-heading\"><a href=\"https:\/\/www.tuentrada.com\/eventos\/detalle\/matilda\/5541243744\" target=\"_blank\" rel=\"noreferrer noopener\">ENTRADAS DISPONIBLES EN TU ENTRADA<\/a><\/h5>\n\n\n\n<h5 class=\"wp-block-heading\">El elenco, integrado por grandes actores argentinos, da vida a algunos de los personajes m\u00e1s amados de todos los tiempos. Laurita Fern\u00e1ndez es la Se\u00f1orita Miel; Agust\u00edn \u201cSoy Rada\u201d Aristar\u00e1n interpreta a la tan temida directora Tronchatoro; Jos\u00e9 Mar\u00eda Listorti y Fer Metilli son el Sr y la Sra. Wormwood, es decir, \u201clos singulares, exc\u00e9ntricos, rid\u00edculos y por momentos odiosos padres de Matilda\u201d.<\/h5>\n\n\n\n<p>Luego de romper r\u00e9cords en taquilla en Broadway y en Londres, el musical se present\u00f3 en&nbsp; Argentina de la mano de Carlos y Tom\u00e1s Rottemberg, Valentina Berger de GO Broadway, Mariano Pagani de MP y Pablo Kohlhuber y Fernando Moya de Ozono Producciones, en una uni\u00f3n in\u00e9dita de productoras para llevar a cabo esta s\u00faper producci\u00f3n que regresa en su segunda y \u00faltima temporada.<\/p>\n\n\n\n<p>Matilda, el musical nos devuelve personajes m\u00e1gicos como Tronchatoro, Miss Honey y el memorable Bruce Bogtrotter prometiendo atravesar generaciones que crecieron viendo la ic\u00f3nica pel\u00edcula que marc\u00f3 a la primera hero\u00edna femenina de una generaci\u00f3n.<\/p>\n<!-- AddThis Advanced Settings generic via filter on the_content --><!-- AddThis Share Buttons generic via filter on the_content -->","protected":false},"excerpt":{"rendered":"<p>\u00abMatilda, el musical\u00bb,\u00a0la mayor superproducci\u00f3n nacional, vuelve al escenario del Teatro Gran Rex el 12 de enero de 2024, por \u00fanicas 4 semanas, despu\u00e9s de haber alcanzado m\u00e1s de 140.000 espectadores durante las vacaciones de invierno. \u00a1El espect\u00e1culo del a\u00f1o se despide definitivamente de la cartelera porte\u00f1a! Matilda, el musical&nbsp;&#8211; LA DESPEDIDA, entradas a la [&hellip;]<!-- AddThis Advanced Settings generic via filter on get_the_excerpt --><!-- AddThis Share Buttons generic via filter on get_the_excerpt --><\/p>\n","protected":false},"author":6,"featured_media":73365,"comment_status":"closed","ping_status":"open","sticky":false,"template":"","format":"standard","meta":{"_acf_changed":false,"om_disable_all_campaigns":false,"_monsterinsights_skip_tracking":false,"_monsterinsights_sitenote_active":false,"_monsterinsights_sitenote_note":"","_monsterinsights_sitenote_category":0,"_uf_show_specific_survey":0,"_uf_disable_surveys":false,"footnotes":""},"categories":[100],"tags":[],"class_list":["post-73363","post","type-post","status-publish","format-standard","has-post-thumbnail","hentry","category-noticias"],"acf":[],"aioseo_notices":[],"_links":{"self":[{"href":"https:\/\/www.lasrosas.com.ar\/portal\/wp-json\/wp\/v2\/posts\/73363","targetHints":{"allow":["GET"]}}],"collection":[{"href":"https:\/\/www.lasrosas.com.ar\/portal\/wp-json\/wp\/v2\/posts"}],"about":[{"href":"https:\/\/www.lasrosas.com.ar\/portal\/wp-json\/wp\/v2\/types\/post"}],"author":[{"embeddable":true,"href":"https:\/\/www.lasrosas.com.ar\/portal\/wp-json\/wp\/v2\/users\/6"}],"replies":[{"embeddable":true,"href":"https:\/\/www.lasrosas.com.ar\/portal\/wp-json\/wp\/v2\/comments?post=73363"}],"version-history":[{"count":1,"href":"https:\/\/www.lasrosas.com.ar\/portal\/wp-json\/wp\/v2\/posts\/73363\/revisions"}],"predecessor-version":[{"id":73367,"href":"https:\/\/www.lasrosas.com.ar\/portal\/wp-json\/wp\/v2\/posts\/73363\/revisions\/73367"}],"wp:featuredmedia":[{"embeddable":true,"href":"https:\/\/www.lasrosas.com.ar\/portal\/wp-json\/wp\/v2\/media\/73365"}],"wp:attachment":[{"href":"https:\/\/www.lasrosas.com.ar\/portal\/wp-json\/wp\/v2\/media?parent=73363"}],"wp:term":[{"taxonomy":"category","embeddable":true,"href":"https:\/\/www.lasrosas.com.ar\/portal\/wp-json\/wp\/v2\/categories?post=73363"},{"taxonomy":"post_tag","embeddable":true,"href":"https:\/\/www.lasrosas.com.ar\/portal\/wp-json\/wp\/v2\/tags?post=73363"}],"curies":[{"name":"wp","href":"https:\/\/api.w.org\/{rel}","templated":true}]}}