{"id":73355,"date":"2023-11-29T13:03:09","date_gmt":"2023-11-29T16:03:09","guid":{"rendered":"https:\/\/www.lasrosas.com.ar\/portal\/?p=73355"},"modified":"2023-11-29T13:03:12","modified_gmt":"2023-11-29T16:03:12","slug":"america-rockstars-2023-mas-de-40-mil-personas-disfrutaron-de-dos-dias-a-pura-musica","status":"publish","type":"post","link":"https:\/\/www.lasrosas.com.ar\/portal\/america-rockstars-2023-mas-de-40-mil-personas-disfrutaron-de-dos-dias-a-pura-musica\/","title":{"rendered":"AMERICA ROCKSTARS 2023: M\u00c1S DE 40 MIL PERSONAS DISFRUTARON DE DOS D\u00cdAS A PURA M\u00daSICA"},"content":{"rendered":"\n<p><em>La 3\u00b0 edici\u00f3n del festival tuvo r\u00e9cord absoluto de asistencia. La Rambla del Golf de Montevideo vibr\u00f3 al ritmo de Lali, Tiago PZK,&nbsp; Milo J, Abel Pintos, MYA y Coti Sorokin.<\/em><\/p>\n\n\n\n<p>A lo largo del fin de semana se llev\u00f3 a cabo America Rockstars 2023, el festival que re\u00fane a las figuras m\u00e1s importantes del momento en un solo lugar. Esta tercera edici\u00f3n cont\u00f3 con shows en vivo de <strong>Lali, Tiago PZK, Milo J, Abel Pintos, MYA, Coti Sorokin, Mat\u00edas Valdez y M\u00e1rama<\/strong>. En total, m\u00e1s de 40 mil personas vibraron al ritmo de sus \u00eddolos en La Rambla del Golf de Montevideo.\u00a0<\/p>\n\n\n\n<p>El evento para toda la familia contin\u00faa posicion\u00e1ndose como el espect\u00e1culo m\u00e1s importante de Uruguay y alcanz\u00f3 un r\u00e9cord absoluto de asistencia, que super\u00f3 en 33% al a\u00f1o anterior. En dos jornadas repletas de sorpresas, los fan\u00e1ticos pudieron disfrutar de: <strong>Tiago PZK<\/strong> haciendo <em>freestyle<\/em> en vivo; de<strong> Lali<\/strong> y<strong> Cris Morena<\/strong> juntas; <strong>Coti y Cande \u201cLel\u00e9\u201d Tinelli<\/strong> son su tema \u00abQuiero verte\u00bb; y <strong>Abel Pintos<\/strong> en una performance exclusiva de <em>\u201cSin principio ni final\u201d<\/em> junto a <strong>Agustin Casanova <\/strong>de <strong>M\u00e1rama<\/strong>.&nbsp;<\/p>\n\n\n\n<p><strong>Tiago PZK<\/strong> fue el encargado del gran cierre de <strong>America Rockstars<\/strong>. Para esta ocasi\u00f3n, eligi\u00f3 un repertorio que incluy\u00f3 sus hits <em>\u201cLos del Espacio\u201d<\/em>, <em>\u201cBombona\u201d y \u201cAdem\u00e1s de m\u00ed\u201d<\/em>. Asimismo, en medio de su actuaci\u00f3n destac\u00f3 que fue su primer show en cuatro meses y el \u00faltimo del a\u00f1o. Por otro lado, en honor a sus or\u00edgenes, realiz\u00f3 una improvisaci\u00f3n en donde los asistentes, asombrados por su talento, lo alentaron euf\u00f3ricos. Para introducir <em>\u201cMe Enter\u00e9\u201d<\/em>, le envi\u00f3 un saludo a <strong>Tini Stoessel<\/strong>, con quien realiz\u00f3 el tema en colaboraci\u00f3n.<\/p>\n\n\n\n<figure class=\"wp-block-gallery has-nested-images columns-default is-cropped wp-block-gallery-1 is-layout-flex wp-block-gallery-is-layout-flex\">\n<figure class=\"wp-block-image size-large\"><img decoding=\"async\" width=\"1920\" height=\"1280\" data-id=\"73356\" data-src=\"https:\/\/www.lasrosas.com.ar\/portal\/wp-content\/uploads\/10.-Tiago-PZK-en-America-Rockstars-2023.--1920x1280.jpeg\" alt=\"\" class=\"wp-image-73356 lazyload\" data-srcset=\"https:\/\/www.lasrosas.com.ar\/portal\/wp-content\/uploads\/10.-Tiago-PZK-en-America-Rockstars-2023.--1920x1280.jpeg 1920w, https:\/\/www.lasrosas.com.ar\/portal\/wp-content\/uploads\/10.-Tiago-PZK-en-America-Rockstars-2023.--960x640.jpeg 960w, https:\/\/www.lasrosas.com.ar\/portal\/wp-content\/uploads\/10.-Tiago-PZK-en-America-Rockstars-2023.--1536x1024.jpeg 1536w, https:\/\/www.lasrosas.com.ar\/portal\/wp-content\/uploads\/10.-Tiago-PZK-en-America-Rockstars-2023.--scaled.jpeg 2048w\" data-sizes=\"(max-width: 1920px) 100vw, 1920px\" src=\"data:image\/svg+xml;base64,PHN2ZyB3aWR0aD0iMSIgaGVpZ2h0PSIxIiB4bWxucz0iaHR0cDovL3d3dy53My5vcmcvMjAwMC9zdmciPjwvc3ZnPg==\" style=\"--smush-placeholder-width: 1920px; --smush-placeholder-aspect-ratio: 1920\/1280;\" \/><\/figure>\n<\/figure>\n\n\n\n<p><strong>Lali <\/strong>fue la gran estrella del primer d\u00eda, y fiel a su estilo, tuvo una puesta en escena de primer nivel, con en\u00e9rgicas coreograf\u00edas y numerosos cambios de vestuario. Le dedic\u00f3 unas emotivas palabras a <strong>Cris Morena<\/strong> quien la alentaba desde el p\u00fablico acompa\u00f1ada por gran parte del elenco de su \u00faltimo proyecto. El momento c\u00falmine fue cuando los invit\u00f3 al escenario para bailar \u201c\u00danico\u201d. As\u00ed, <strong>Cris Morena, Mery del Cerro, Isabel Macedo<\/strong>, entre otros, subieron a demostrarle su apoyo incondicional para el deleite de sus fans.<\/p>\n\n\n\n<figure class=\"wp-block-gallery has-nested-images columns-default is-cropped wp-block-gallery-2 is-layout-flex wp-block-gallery-is-layout-flex\">\n<figure class=\"wp-block-image size-large\"><img decoding=\"async\" width=\"1280\" height=\"1920\" data-id=\"73357\" data-src=\"https:\/\/www.lasrosas.com.ar\/portal\/wp-content\/uploads\/03.-Lali-y-Cris-Morena-en-America-Rockstars-1280x1920.jpg\" alt=\"\" class=\"wp-image-73357 lazyload\" data-srcset=\"https:\/\/www.lasrosas.com.ar\/portal\/wp-content\/uploads\/03.-Lali-y-Cris-Morena-en-America-Rockstars-1280x1920.jpg 1280w, https:\/\/www.lasrosas.com.ar\/portal\/wp-content\/uploads\/03.-Lali-y-Cris-Morena-en-America-Rockstars-640x960.jpg 640w, https:\/\/www.lasrosas.com.ar\/portal\/wp-content\/uploads\/03.-Lali-y-Cris-Morena-en-America-Rockstars-1024x1536.jpg 1024w, https:\/\/www.lasrosas.com.ar\/portal\/wp-content\/uploads\/03.-Lali-y-Cris-Morena-en-America-Rockstars-scaled.jpg 1365w\" data-sizes=\"(max-width: 1280px) 100vw, 1280px\" src=\"data:image\/svg+xml;base64,PHN2ZyB3aWR0aD0iMSIgaGVpZ2h0PSIxIiB4bWxucz0iaHR0cDovL3d3dy53My5vcmcvMjAwMC9zdmciPjwvc3ZnPg==\" style=\"--smush-placeholder-width: 1280px; --smush-placeholder-aspect-ratio: 1280\/1920;\" \/><\/figure>\n<\/figure>\n\n\n\n<p><strong>Milo J<\/strong>, quien con solo 17 a\u00f1os conquista escenarios internacionales, brind\u00f3 un show que incluy\u00f3 su \u00e9xito junto <strong>Bizarrap <\/strong>que hace diez d\u00edas presentaron en los Latin Grammy: \u201c<em>BZRP Music Sessions, Vol. 57\u201d<\/em>. En unas sentidas palabras, resalt\u00f3 la gran etapa que est\u00e1 experimentando en su carrera y c\u00f3mo la m\u00fasica le cambi\u00f3 la vida.\u00a0<\/p>\n\n\n\n<figure class=\"wp-block-image size-large\"><img decoding=\"async\" width=\"1280\" height=\"1920\" data-src=\"https:\/\/www.lasrosas.com.ar\/portal\/wp-content\/uploads\/07.-Milo-J-en-America-Rockstars-1280x1920.jpeg\" alt=\"\" class=\"wp-image-73358 lazyload\" data-srcset=\"https:\/\/www.lasrosas.com.ar\/portal\/wp-content\/uploads\/\/07.-Milo-J-en-America-Rockstars-1280x1920.jpeg 1280w, https:\/\/www.lasrosas.com.ar\/portal\/wp-content\/uploads\/\/07.-Milo-J-en-America-Rockstars-640x960.jpeg 640w, https:\/\/www.lasrosas.com.ar\/portal\/wp-content\/uploads\/\/07.-Milo-J-en-America-Rockstars-1024x1536.jpeg 1024w, https:\/\/www.lasrosas.com.ar\/portal\/wp-content\/uploads\/\/07.-Milo-J-en-America-Rockstars-scaled.jpeg 1365w\" data-sizes=\"(max-width: 1280px) 100vw, 1280px\" src=\"data:image\/svg+xml;base64,PHN2ZyB3aWR0aD0iMSIgaGVpZ2h0PSIxIiB4bWxucz0iaHR0cDovL3d3dy53My5vcmcvMjAwMC9zdmciPjwvc3ZnPg==\" style=\"--smush-placeholder-width: 1280px; --smush-placeholder-aspect-ratio: 1280\/1920;\" \/><\/figure>\n\n\n\n<p>Por su parte, <strong>Abel Pintos<\/strong> sorprendi\u00f3 al p\u00fablico cantando<em> \u201cSin principio ni final\u201d <\/em>en conjunto con <strong>Agust\u00edn Casanova<\/strong> de M\u00e1rama. El uruguayo no pudo contener su emoci\u00f3n ante los miles de fan\u00e1ticos que los alentaban por este hito clave en su carrera: un sue\u00f1o cumplido. Adem\u00e1s, <strong>Abel Pintos <\/strong>expres\u00f3 que este fue su primer festival en Montevideo y agradeci\u00f3 la oportunidad de poder conectar a trav\u00e9s de su m\u00fasica tanto con el p\u00fablico como con otros artistas en un solo lugar.<\/p>\n\n\n\n<figure class=\"wp-block-image size-large\"><img decoding=\"async\" width=\"1920\" height=\"1280\" data-src=\"https:\/\/www.lasrosas.com.ar\/portal\/wp-content\/uploads\/13.-Abel-Pintos-y-Agustin-de-Marama-en-America-Rockstars-1920x1280.jpeg\" alt=\"\" class=\"wp-image-73359 lazyload\" data-srcset=\"https:\/\/www.lasrosas.com.ar\/portal\/wp-content\/uploads\/13.-Abel-Pintos-y-Agustin-de-Marama-en-America-Rockstars-1920x1280.jpeg 1920w, https:\/\/www.lasrosas.com.ar\/portal\/wp-content\/uploads\/13.-Abel-Pintos-y-Agustin-de-Marama-en-America-Rockstars-960x640.jpeg 960w, https:\/\/www.lasrosas.com.ar\/portal\/wp-content\/uploads\/13.-Abel-Pintos-y-Agustin-de-Marama-en-America-Rockstars-1536x1024.jpeg 1536w, https:\/\/www.lasrosas.com.ar\/portal\/wp-content\/uploads\/13.-Abel-Pintos-y-Agustin-de-Marama-en-America-Rockstars-scaled.jpeg 2048w\" data-sizes=\"(max-width: 1920px) 100vw, 1920px\" src=\"data:image\/svg+xml;base64,PHN2ZyB3aWR0aD0iMSIgaGVpZ2h0PSIxIiB4bWxucz0iaHR0cDovL3d3dy53My5vcmcvMjAwMC9zdmciPjwvc3ZnPg==\" style=\"--smush-placeholder-width: 1920px; --smush-placeholder-aspect-ratio: 1920\/1280;\" \/><\/figure>\n\n\n\n<p><strong>Coti <\/strong>fue otro de los reconocidos m\u00fasicos que realiz\u00f3 un show inolvidable. El p\u00fablico bail\u00f3 al ritmo de sus canciones m\u00e1s exitosas que trascienden generaciones como <em>\u201cAntes que ver el sol\u201d<\/em>, <em>\u201cNada fue un error\u201d <\/em>y <em>\u201cColor esperanza\u201d<\/em>. El momento m\u00e1s destacado de la tarde fue cuando invit\u00f3 a su pareja, <strong>Cande \u201cLel\u00e9\u201d Tinelli<\/strong>, quien lo estaba alentando desde detr\u00e1s del escenario, a cantar juntos <em>\u201cQuiero Verte\u201d<\/em>.\u00a0<\/p>\n\n\n\n<figure class=\"wp-block-image size-large\"><img decoding=\"async\" width=\"1280\" height=\"1920\" data-src=\"https:\/\/www.lasrosas.com.ar\/portal\/wp-content\/uploads\/09.-Santiago-del-Moro-y-MYA-en-America-Rockstars-1280x1920.jpeg\" alt=\"\" class=\"wp-image-73360 lazyload\" data-srcset=\"https:\/\/www.lasrosas.com.ar\/portal\/wp-content\/uploads\/\/09.-Santiago-del-Moro-y-MYA-en-America-Rockstars-1280x1920.jpeg 1280w, https:\/\/www.lasrosas.com.ar\/portal\/wp-content\/uploads\/\/09.-Santiago-del-Moro-y-MYA-en-America-Rockstars-640x960.jpeg 640w, https:\/\/www.lasrosas.com.ar\/portal\/wp-content\/uploads\/\/09.-Santiago-del-Moro-y-MYA-en-America-Rockstars-1024x1536.jpeg 1024w, https:\/\/www.lasrosas.com.ar\/portal\/wp-content\/uploads\/\/09.-Santiago-del-Moro-y-MYA-en-America-Rockstars-scaled.jpeg 1365w\" data-sizes=\"(max-width: 1280px) 100vw, 1280px\" src=\"data:image\/svg+xml;base64,PHN2ZyB3aWR0aD0iMSIgaGVpZ2h0PSIxIiB4bWxucz0iaHR0cDovL3d3dy53My5vcmcvMjAwMC9zdmciPjwvc3ZnPg==\" style=\"--smush-placeholder-width: 1280px; --smush-placeholder-aspect-ratio: 1280\/1920;\" \/><\/figure>\n\n\n\n<p>Durante todo el fin de semana, <strong>Santiago del Moro<\/strong> fue el encargado de las entrevistas exclusivas a los artistas y a personalidades de la industria del entretenimiento, como los ex Gran hermano <strong>Nacho Casta\u00f1ares y Lucila \u201cLa Tora\u201d Villar<\/strong>; el futbolista<strong> Sebasti\u00e1n \u201cEl Loco\u201d Abreu<\/strong>; y <strong>Dario Turovelzky (<\/strong>EVP de Paramount Broadcast and Studios para Contenido Original en Espa\u00f1ol y Portugu\u00e9s), entre otros. Asimismo, el conductor acept\u00f3 el desaf\u00edo de invertir su rol y respondi\u00f3 preguntas con<strong> Ignacio Gonz\u00e1lez Castro<\/strong>, productor general de America Rockstars.<\/p>\n\n\n\n<p><strong>Las frases m\u00e1s destacadas de las entrevistas en el Inspire Stage<\/strong><\/p>\n\n\n\n<ul class=\"wp-block-list\">\n<li><strong>Lali: <\/strong><em>\u201cMi objetivo de vida es hacer cosas en mi pa\u00eds\u201d.<\/em><\/li>\n\n\n\n<li><strong>Santiago del Moro: <\/strong><em>\u201cJulieta Poggio va a ser la encargada de recibir a los integrantes de Gran Hermano\u201d.<\/em><\/li>\n\n\n\n<li><strong>Dario Turovelzky: <\/strong><em>\u201cLa nueva edici\u00f3n de Gran Hermano (GH) se estrena el lunes 11 de diciembre\u201d.<\/em><\/li>\n\n\n\n<li><strong>Nacho y La Tora: <\/strong><em>\u201cEstamos juntos, pero como compa\u00f1eros\u201d.<\/em><\/li>\n\n\n\n<li><strong>Sebastian \u201cEl Loco\u201d Abreu: <\/strong><em>\u201cLa Selecci\u00f3n uruguaya est\u00e1 en un momento fant\u00e1stico\u201d.&nbsp;<\/em><\/li>\n<\/ul>\n\n\n\n<figure class=\"wp-block-table\"><table><tbody><tr><td><strong>America Rockstars 2023 en n\u00fameros&nbsp;<\/strong>M\u00e1s de 40 mil personas asistieron a la tercera edici\u00f3n del festival.&nbsp;33% m\u00e1s de asistencia que la edici\u00f3n pasada.14 artistas nacionales e internacionales de primer nivel.&nbsp;11 entrevistas exclusivas de Santiago del Moro a personalidades destacadas.&nbsp;2 d\u00edas a pura m\u00fasica en la Rambla del Golf de Montevideo.&nbsp;<\/td><\/tr><\/tbody><\/table><\/figure>\n\n\n\n<p><strong>America Rockstars <\/strong>es el festival que lo cambia todo y busca inspirar a trav\u00e9s de las voces de los artistas l\u00edderes de la nueva generaci\u00f3n.<\/p>\n\n\n\n<p><strong>Trailer<\/strong>: <a href=\"https:\/\/youtu.be\/2z5MSNh2gZA\">ARTISTAS AMERICA ROCKSTARS 2023<\/a><\/p>\n\n\n\n<p><strong>Hashtags<\/strong>: <a href=\"https:\/\/www.instagram.com\/explore\/tags\/americarockstars\/\">#AmericaRockstars<\/a> <a href=\"https:\/\/www.instagram.com\/explore\/tags\/rockstars22\/\">#Rockstars2<\/a>3<\/p>\n<!-- AddThis Advanced Settings generic via filter on the_content --><!-- AddThis Share Buttons generic via filter on the_content -->","protected":false},"excerpt":{"rendered":"<p>La 3\u00b0 edici\u00f3n del festival tuvo r\u00e9cord absoluto de asistencia. La Rambla del Golf de Montevideo vibr\u00f3 al ritmo de Lali, Tiago PZK,&nbsp; Milo J, Abel Pintos, MYA y Coti Sorokin. A lo largo del fin de semana se llev\u00f3 a cabo America Rockstars 2023, el festival que re\u00fane a las figuras m\u00e1s importantes del [&hellip;]<!-- AddThis Advanced Settings generic via filter on get_the_excerpt --><!-- AddThis Share Buttons generic via filter on get_the_excerpt --><\/p>\n","protected":false},"author":6,"featured_media":73361,"comment_status":"closed","ping_status":"open","sticky":false,"template":"","format":"standard","meta":{"_acf_changed":false,"om_disable_all_campaigns":false,"_monsterinsights_skip_tracking":false,"_monsterinsights_sitenote_active":false,"_monsterinsights_sitenote_note":"","_monsterinsights_sitenote_category":0,"_uf_show_specific_survey":0,"_uf_disable_surveys":false,"footnotes":""},"categories":[100],"tags":[],"class_list":["post-73355","post","type-post","status-publish","format-standard","has-post-thumbnail","hentry","category-noticias"],"acf":[],"aioseo_notices":[],"_links":{"self":[{"href":"https:\/\/www.lasrosas.com.ar\/portal\/wp-json\/wp\/v2\/posts\/73355","targetHints":{"allow":["GET"]}}],"collection":[{"href":"https:\/\/www.lasrosas.com.ar\/portal\/wp-json\/wp\/v2\/posts"}],"about":[{"href":"https:\/\/www.lasrosas.com.ar\/portal\/wp-json\/wp\/v2\/types\/post"}],"author":[{"embeddable":true,"href":"https:\/\/www.lasrosas.com.ar\/portal\/wp-json\/wp\/v2\/users\/6"}],"replies":[{"embeddable":true,"href":"https:\/\/www.lasrosas.com.ar\/portal\/wp-json\/wp\/v2\/comments?post=73355"}],"version-history":[{"count":1,"href":"https:\/\/www.lasrosas.com.ar\/portal\/wp-json\/wp\/v2\/posts\/73355\/revisions"}],"predecessor-version":[{"id":73362,"href":"https:\/\/www.lasrosas.com.ar\/portal\/wp-json\/wp\/v2\/posts\/73355\/revisions\/73362"}],"wp:featuredmedia":[{"embeddable":true,"href":"https:\/\/www.lasrosas.com.ar\/portal\/wp-json\/wp\/v2\/media\/73361"}],"wp:attachment":[{"href":"https:\/\/www.lasrosas.com.ar\/portal\/wp-json\/wp\/v2\/media?parent=73355"}],"wp:term":[{"taxonomy":"category","embeddable":true,"href":"https:\/\/www.lasrosas.com.ar\/portal\/wp-json\/wp\/v2\/categories?post=73355"},{"taxonomy":"post_tag","embeddable":true,"href":"https:\/\/www.lasrosas.com.ar\/portal\/wp-json\/wp\/v2\/tags?post=73355"}],"curies":[{"name":"wp","href":"https:\/\/api.w.org\/{rel}","templated":true}]}}