{"id":73333,"date":"2023-11-28T13:27:50","date_gmt":"2023-11-28T16:27:50","guid":{"rendered":"https:\/\/www.lasrosas.com.ar\/portal\/?p=73333"},"modified":"2023-11-28T13:27:53","modified_gmt":"2023-11-28T16:27:53","slug":"las-hijas-de-evangelina-anderson-y-martin-demichelis-desfilaron-por-primera-vez-en-un-mega-evento","status":"publish","type":"post","link":"https:\/\/www.lasrosas.com.ar\/portal\/las-hijas-de-evangelina-anderson-y-martin-demichelis-desfilaron-por-primera-vez-en-un-mega-evento\/","title":{"rendered":"LAS HIJAS DE EVANGELINA ANDERSON Y MART\u00cdN DEMICHELIS DESFILARON POR PRIMERA VEZ EN UN MEGA\u00a0EVENTO"},"content":{"rendered":"\n<p>Ayer jueves 23 de noviembre,&nbsp;en el marco del&nbsp;<strong>Alcorta Edition,&nbsp;<\/strong><strong>Little Akiabara<\/strong>&nbsp;reuni\u00f3 a las hijas de&nbsp;<strong>Evangelina Anderson, B\u00e1rbara Diez<\/strong>; y de las influencers Muy Mona, Caro Berro Madero y Maji Gonta, para presentar su colecci\u00f3n SS 24 en un gran desfile.<\/p>\n\n\n\n<p><strong>Emma y Lolita Demichelis<\/strong>, hijas de Mart\u00edn y Evangelina Anderson, abrieron el desfile que cont\u00f3 con la presencia de m\u00e1s de 10 ni\u00f1os. Tambi\u00e9n hizo su caminata por pasarela\u00a0<strong>Serena Rodriguez Larreta<\/strong>, la hija de Horacio y B\u00e1rbara Diez. Tanto Evangelina (que eligi\u00f3 presentarse con un look de Akiabara) como B\u00e1rbara, se mostraron muy orgullosas aplaudiendo a sus hijas, quienes eligieron a<strong>\u00a0Little Akiabara\u00a0<\/strong>para desfilar por primera vez.<\/p>\n\n\n\n<figure class=\"wp-block-gallery has-nested-images columns-default is-cropped wp-block-gallery-1 is-layout-flex wp-block-gallery-is-layout-flex\">\n<figure class=\"wp-block-image size-large\"><img decoding=\"async\" width=\"1280\" height=\"1920\" data-id=\"73334\" data-src=\"https:\/\/www.lasrosas.com.ar\/portal\/wp-content\/uploads\/Barbara-Diez-y-una-foto-llena-de-amor-luego-del-desfile-de-Little-Akiabara-en-Alcorta-Edition-2023-1280x1920.jpg\" alt=\"\" class=\"wp-image-73334 lazyload\" data-srcset=\"https:\/\/www.lasrosas.com.ar\/portal\/wp-content\/uploads\/\/Barbara-Diez-y-una-foto-llena-de-amor-luego-del-desfile-de-Little-Akiabara-en-Alcorta-Edition-2023-1280x1920.jpg 1280w, https:\/\/www.lasrosas.com.ar\/portal\/wp-content\/uploads\/\/Barbara-Diez-y-una-foto-llena-de-amor-luego-del-desfile-de-Little-Akiabara-en-Alcorta-Edition-2023-640x960.jpg 640w, https:\/\/www.lasrosas.com.ar\/portal\/wp-content\/uploads\/\/Barbara-Diez-y-una-foto-llena-de-amor-luego-del-desfile-de-Little-Akiabara-en-Alcorta-Edition-2023-1024x1536.jpg 1024w, https:\/\/www.lasrosas.com.ar\/portal\/wp-content\/uploads\/\/Barbara-Diez-y-una-foto-llena-de-amor-luego-del-desfile-de-Little-Akiabara-en-Alcorta-Edition-2023-scaled.jpg 1365w\" data-sizes=\"(max-width: 1280px) 100vw, 1280px\" src=\"data:image\/svg+xml;base64,PHN2ZyB3aWR0aD0iMSIgaGVpZ2h0PSIxIiB4bWxucz0iaHR0cDovL3d3dy53My5vcmcvMjAwMC9zdmciPjwvc3ZnPg==\" style=\"--smush-placeholder-width: 1280px; --smush-placeholder-aspect-ratio: 1280\/1920;\" \/><\/figure>\n\n\n\n<figure class=\"wp-block-image size-large\"><img decoding=\"async\" width=\"1280\" height=\"1920\" data-id=\"73335\" data-src=\"https:\/\/www.lasrosas.com.ar\/portal\/wp-content\/uploads\/Evangelina-Anderson-junto-a-sus-hijas-Emma-y-Lolita-Demichelis-luego-de-su-desfile-pasaron-por-el-local-de-Akiabara-Alcorta-Edition-2023-1280x1920.jpg\" alt=\"\" class=\"wp-image-73335 lazyload\" data-srcset=\"https:\/\/www.lasrosas.com.ar\/portal\/wp-content\/uploads\/\/Evangelina-Anderson-junto-a-sus-hijas-Emma-y-Lolita-Demichelis-luego-de-su-desfile-pasaron-por-el-local-de-Akiabara-Alcorta-Edition-2023-1280x1920.jpg 1280w, https:\/\/www.lasrosas.com.ar\/portal\/wp-content\/uploads\/\/Evangelina-Anderson-junto-a-sus-hijas-Emma-y-Lolita-Demichelis-luego-de-su-desfile-pasaron-por-el-local-de-Akiabara-Alcorta-Edition-2023-640x960.jpg 640w, https:\/\/www.lasrosas.com.ar\/portal\/wp-content\/uploads\/\/Evangelina-Anderson-junto-a-sus-hijas-Emma-y-Lolita-Demichelis-luego-de-su-desfile-pasaron-por-el-local-de-Akiabara-Alcorta-Edition-2023-1024x1536.jpg 1024w, https:\/\/www.lasrosas.com.ar\/portal\/wp-content\/uploads\/\/Evangelina-Anderson-junto-a-sus-hijas-Emma-y-Lolita-Demichelis-luego-de-su-desfile-pasaron-por-el-local-de-Akiabara-Alcorta-Edition-2023-scaled.jpg 1365w\" data-sizes=\"(max-width: 1280px) 100vw, 1280px\" src=\"data:image\/svg+xml;base64,PHN2ZyB3aWR0aD0iMSIgaGVpZ2h0PSIxIiB4bWxucz0iaHR0cDovL3d3dy53My5vcmcvMjAwMC9zdmciPjwvc3ZnPg==\" style=\"--smush-placeholder-width: 1280px; --smush-placeholder-aspect-ratio: 1280\/1920;\" \/><\/figure>\n<\/figure>\n<!-- AddThis Advanced Settings generic via filter on the_content --><!-- AddThis Share Buttons generic via filter on the_content -->","protected":false},"excerpt":{"rendered":"<p>Ayer jueves 23 de noviembre,&nbsp;en el marco del&nbsp;Alcorta Edition,&nbsp;Little Akiabara&nbsp;reuni\u00f3 a las hijas de&nbsp;Evangelina Anderson, B\u00e1rbara Diez; y de las influencers Muy Mona, Caro Berro Madero y Maji Gonta, para presentar su colecci\u00f3n SS 24 en un gran desfile. Emma y Lolita Demichelis, hijas de Mart\u00edn y Evangelina Anderson, abrieron el desfile que cont\u00f3 con [&hellip;]<!-- AddThis Advanced Settings generic via filter on get_the_excerpt --><!-- AddThis Share Buttons generic via filter on get_the_excerpt --><\/p>\n","protected":false},"author":6,"featured_media":73335,"comment_status":"closed","ping_status":"open","sticky":false,"template":"","format":"standard","meta":{"_acf_changed":false,"om_disable_all_campaigns":false,"_monsterinsights_skip_tracking":false,"_monsterinsights_sitenote_active":false,"_monsterinsights_sitenote_note":"","_monsterinsights_sitenote_category":0,"_uf_show_specific_survey":0,"_uf_disable_surveys":false,"footnotes":""},"categories":[100,30],"tags":[],"class_list":["post-73333","post","type-post","status-publish","format-standard","has-post-thumbnail","hentry","category-noticias","category-moda"],"acf":[],"aioseo_notices":[],"_links":{"self":[{"href":"https:\/\/www.lasrosas.com.ar\/portal\/wp-json\/wp\/v2\/posts\/73333","targetHints":{"allow":["GET"]}}],"collection":[{"href":"https:\/\/www.lasrosas.com.ar\/portal\/wp-json\/wp\/v2\/posts"}],"about":[{"href":"https:\/\/www.lasrosas.com.ar\/portal\/wp-json\/wp\/v2\/types\/post"}],"author":[{"embeddable":true,"href":"https:\/\/www.lasrosas.com.ar\/portal\/wp-json\/wp\/v2\/users\/6"}],"replies":[{"embeddable":true,"href":"https:\/\/www.lasrosas.com.ar\/portal\/wp-json\/wp\/v2\/comments?post=73333"}],"version-history":[{"count":1,"href":"https:\/\/www.lasrosas.com.ar\/portal\/wp-json\/wp\/v2\/posts\/73333\/revisions"}],"predecessor-version":[{"id":73336,"href":"https:\/\/www.lasrosas.com.ar\/portal\/wp-json\/wp\/v2\/posts\/73333\/revisions\/73336"}],"wp:featuredmedia":[{"embeddable":true,"href":"https:\/\/www.lasrosas.com.ar\/portal\/wp-json\/wp\/v2\/media\/73335"}],"wp:attachment":[{"href":"https:\/\/www.lasrosas.com.ar\/portal\/wp-json\/wp\/v2\/media?parent=73333"}],"wp:term":[{"taxonomy":"category","embeddable":true,"href":"https:\/\/www.lasrosas.com.ar\/portal\/wp-json\/wp\/v2\/categories?post=73333"},{"taxonomy":"post_tag","embeddable":true,"href":"https:\/\/www.lasrosas.com.ar\/portal\/wp-json\/wp\/v2\/tags?post=73333"}],"curies":[{"name":"wp","href":"https:\/\/api.w.org\/{rel}","templated":true}]}}