{"id":73326,"date":"2023-11-28T13:05:09","date_gmt":"2023-11-28T16:05:09","guid":{"rendered":"https:\/\/www.lasrosas.com.ar\/portal\/?p=73326"},"modified":"2023-11-28T13:05:12","modified_gmt":"2023-11-28T16:05:12","slug":"isdin-retinal-intense","status":"publish","type":"post","link":"https:\/\/www.lasrosas.com.ar\/portal\/isdin-retinal-intense\/","title":{"rendered":"ISDIN RETINAL INTENSE\u00a0\u00a0"},"content":{"rendered":"\n<p>Es un s\u00e9rum de noche. Su componente principal es el Retinaldeh\u00eddo, es de la familia de los retinoides y en cosmetolog\u00eda la mayor\u00eda de los productos contienen Retinol, pero el Retinaldeh\u00eddo es 3 veces m\u00e1s potente y m\u00e1s tolerante para la piel.\u00a0<\/p>\n\n\n\n<figure class=\"wp-block-gallery has-nested-images columns-default is-cropped wp-block-gallery-1 is-layout-flex wp-block-gallery-is-layout-flex\">\n<figure class=\"wp-block-image size-large\"><img decoding=\"async\" width=\"1280\" height=\"1920\" data-id=\"73327\" data-src=\"https:\/\/www.lasrosas.com.ar\/portal\/wp-content\/uploads\/Emilia-Attias-1--1280x1920.jpg\" alt=\"\" class=\"wp-image-73327 lazyload\" data-srcset=\"https:\/\/www.lasrosas.com.ar\/portal\/wp-content\/uploads\/\/Emilia-Attias-1--1280x1920.jpg 1280w, https:\/\/www.lasrosas.com.ar\/portal\/wp-content\/uploads\/\/Emilia-Attias-1--640x960.jpg 640w, https:\/\/www.lasrosas.com.ar\/portal\/wp-content\/uploads\/\/Emilia-Attias-1--1024x1536.jpg 1024w, https:\/\/www.lasrosas.com.ar\/portal\/wp-content\/uploads\/\/Emilia-Attias-1--scaled.jpg 1365w\" data-sizes=\"(max-width: 1280px) 100vw, 1280px\" src=\"data:image\/svg+xml;base64,PHN2ZyB3aWR0aD0iMSIgaGVpZ2h0PSIxIiB4bWxucz0iaHR0cDovL3d3dy53My5vcmcvMjAwMC9zdmciPjwvc3ZnPg==\" style=\"--smush-placeholder-width: 1280px; --smush-placeholder-aspect-ratio: 1280\/1920;\" \/><\/figure>\n\n\n\n<figure class=\"wp-block-image size-large\"><img decoding=\"async\" width=\"1280\" height=\"1920\" data-id=\"73328\" data-src=\"https:\/\/www.lasrosas.com.ar\/portal\/wp-content\/uploads\/Sofia-Zamolo-1-1-1280x1920.jpg\" alt=\"\" class=\"wp-image-73328 lazyload\" data-srcset=\"https:\/\/www.lasrosas.com.ar\/portal\/wp-content\/uploads\/\/Sofia-Zamolo-1-1-1280x1920.jpg 1280w, https:\/\/www.lasrosas.com.ar\/portal\/wp-content\/uploads\/\/Sofia-Zamolo-1-1-640x960.jpg 640w, https:\/\/www.lasrosas.com.ar\/portal\/wp-content\/uploads\/\/Sofia-Zamolo-1-1-1024x1536.jpg 1024w, https:\/\/www.lasrosas.com.ar\/portal\/wp-content\/uploads\/\/Sofia-Zamolo-1-1-scaled.jpg 1365w\" data-sizes=\"(max-width: 1280px) 100vw, 1280px\" src=\"data:image\/svg+xml;base64,PHN2ZyB3aWR0aD0iMSIgaGVpZ2h0PSIxIiB4bWxucz0iaHR0cDovL3d3dy53My5vcmcvMjAwMC9zdmciPjwvc3ZnPg==\" style=\"--smush-placeholder-width: 1280px; --smush-placeholder-aspect-ratio: 1280\/1920;\" \/><\/figure>\n<\/figure>\n\n\n\n<p>Retinal Intense de ISDIN propone:<\/p>\n\n\n\n<p>&#8211; Reducir un 43% las arrugas en 30 d\u00edas.<\/p>\n\n\n\n<p>&#8211; M\u00e1s elasticidad&nbsp;<\/p>\n\n\n\n<p>&#8211; Un 90% de la piel renovada con su uso prolongado durante 3 meses.<\/p>\n\n\n\n<p>&#8211; Piel un 97% m\u00e1s firme con su uso prolongado durante 3 meses.<\/p>\n\n\n\n<p>Componentes principales:<\/p>\n\n\n\n<p>-Retinaldeh\u00eddo: Ingrediente reconocido por su poder antiedad. Mejora significativamente las arrugas minimizando el impacto sobre la piel.<\/p>\n\n\n\n<p>-Bakuchiol: Ingrediente retinol-like de origen natural que ayuda a restaurar la elasticidad y firmeza de la piel.<\/p>\n\n\n\n<p>-Vit-A-Tech: Complejo retinol-like que ayuda a estimular la renovaci\u00f3n celular de la epidermis, reduciendo visiblemente las arrugas.<\/p>\n\n\n\n<p><strong>Retinal Intense: $42.271<\/strong><\/p>\n\n\n\n<figure class=\"wp-block-gallery has-nested-images columns-default is-cropped wp-block-gallery-2 is-layout-flex wp-block-gallery-is-layout-flex\">\n<figure class=\"wp-block-image size-large\"><img decoding=\"async\" width=\"1280\" height=\"1920\" data-id=\"73329\" data-src=\"https:\/\/www.lasrosas.com.ar\/portal\/wp-content\/uploads\/Emilia-Attias-2-1280x1920.jpg\" alt=\"\" class=\"wp-image-73329 lazyload\" data-srcset=\"https:\/\/www.lasrosas.com.ar\/portal\/wp-content\/uploads\/\/Emilia-Attias-2-1280x1920.jpg 1280w, https:\/\/www.lasrosas.com.ar\/portal\/wp-content\/uploads\/\/Emilia-Attias-2-640x960.jpg 640w, https:\/\/www.lasrosas.com.ar\/portal\/wp-content\/uploads\/\/Emilia-Attias-2-1024x1536.jpg 1024w, https:\/\/www.lasrosas.com.ar\/portal\/wp-content\/uploads\/\/Emilia-Attias-2-scaled.jpg 1365w\" data-sizes=\"(max-width: 1280px) 100vw, 1280px\" src=\"data:image\/svg+xml;base64,PHN2ZyB3aWR0aD0iMSIgaGVpZ2h0PSIxIiB4bWxucz0iaHR0cDovL3d3dy53My5vcmcvMjAwMC9zdmciPjwvc3ZnPg==\" style=\"--smush-placeholder-width: 1280px; --smush-placeholder-aspect-ratio: 1280\/1920;\" \/><\/figure>\n\n\n\n<figure class=\"wp-block-image size-large\"><img decoding=\"async\" width=\"1280\" height=\"1920\" data-id=\"73330\" data-src=\"https:\/\/www.lasrosas.com.ar\/portal\/wp-content\/uploads\/Sofia-Zamolo-5-1280x1920.jpg\" alt=\"\" class=\"wp-image-73330 lazyload\" data-srcset=\"https:\/\/www.lasrosas.com.ar\/portal\/wp-content\/uploads\/\/Sofia-Zamolo-5-1280x1920.jpg 1280w, https:\/\/www.lasrosas.com.ar\/portal\/wp-content\/uploads\/\/Sofia-Zamolo-5-640x960.jpg 640w, https:\/\/www.lasrosas.com.ar\/portal\/wp-content\/uploads\/\/Sofia-Zamolo-5-1024x1536.jpg 1024w, https:\/\/www.lasrosas.com.ar\/portal\/wp-content\/uploads\/\/Sofia-Zamolo-5-scaled.jpg 1365w\" data-sizes=\"(max-width: 1280px) 100vw, 1280px\" src=\"data:image\/svg+xml;base64,PHN2ZyB3aWR0aD0iMSIgaGVpZ2h0PSIxIiB4bWxucz0iaHR0cDovL3d3dy53My5vcmcvMjAwMC9zdmciPjwvc3ZnPg==\" style=\"--smush-placeholder-width: 1280px; --smush-placeholder-aspect-ratio: 1280\/1920;\" \/><\/figure>\n<\/figure>\n<!-- AddThis Advanced Settings generic via filter on the_content --><!-- AddThis Share Buttons generic via filter on the_content -->","protected":false},"excerpt":{"rendered":"<p>Es un s\u00e9rum de noche. Su componente principal es el Retinaldeh\u00eddo, es de la familia de los retinoides y en cosmetolog\u00eda la mayor\u00eda de los productos contienen Retinol, pero el Retinaldeh\u00eddo es 3 veces m\u00e1s potente y m\u00e1s tolerante para la piel.\u00a0 Retinal Intense de ISDIN propone: &#8211; Reducir un 43% las arrugas en 30 [&hellip;]<!-- AddThis Advanced Settings generic via filter on get_the_excerpt --><!-- AddThis Share Buttons generic via filter on get_the_excerpt --><\/p>\n","protected":false},"author":6,"featured_media":73331,"comment_status":"closed","ping_status":"open","sticky":false,"template":"","format":"standard","meta":{"_acf_changed":false,"om_disable_all_campaigns":false,"_monsterinsights_skip_tracking":false,"_monsterinsights_sitenote_active":false,"_monsterinsights_sitenote_note":"","_monsterinsights_sitenote_category":0,"_uf_show_specific_survey":0,"_uf_disable_surveys":false,"footnotes":""},"categories":[376],"tags":[],"class_list":["post-73326","post","type-post","status-publish","format-standard","has-post-thumbnail","hentry","category-lifestyle"],"acf":[],"aioseo_notices":[],"_links":{"self":[{"href":"https:\/\/www.lasrosas.com.ar\/portal\/wp-json\/wp\/v2\/posts\/73326","targetHints":{"allow":["GET"]}}],"collection":[{"href":"https:\/\/www.lasrosas.com.ar\/portal\/wp-json\/wp\/v2\/posts"}],"about":[{"href":"https:\/\/www.lasrosas.com.ar\/portal\/wp-json\/wp\/v2\/types\/post"}],"author":[{"embeddable":true,"href":"https:\/\/www.lasrosas.com.ar\/portal\/wp-json\/wp\/v2\/users\/6"}],"replies":[{"embeddable":true,"href":"https:\/\/www.lasrosas.com.ar\/portal\/wp-json\/wp\/v2\/comments?post=73326"}],"version-history":[{"count":1,"href":"https:\/\/www.lasrosas.com.ar\/portal\/wp-json\/wp\/v2\/posts\/73326\/revisions"}],"predecessor-version":[{"id":73332,"href":"https:\/\/www.lasrosas.com.ar\/portal\/wp-json\/wp\/v2\/posts\/73326\/revisions\/73332"}],"wp:featuredmedia":[{"embeddable":true,"href":"https:\/\/www.lasrosas.com.ar\/portal\/wp-json\/wp\/v2\/media\/73331"}],"wp:attachment":[{"href":"https:\/\/www.lasrosas.com.ar\/portal\/wp-json\/wp\/v2\/media?parent=73326"}],"wp:term":[{"taxonomy":"category","embeddable":true,"href":"https:\/\/www.lasrosas.com.ar\/portal\/wp-json\/wp\/v2\/categories?post=73326"},{"taxonomy":"post_tag","embeddable":true,"href":"https:\/\/www.lasrosas.com.ar\/portal\/wp-json\/wp\/v2\/tags?post=73326"}],"curies":[{"name":"wp","href":"https:\/\/api.w.org\/{rel}","templated":true}]}}