{"id":73080,"date":"2023-11-21T13:44:55","date_gmt":"2023-11-21T16:44:55","guid":{"rendered":"https:\/\/www.lasrosas.com.ar\/portal\/?p=73080"},"modified":"2023-11-21T13:44:57","modified_gmt":"2023-11-21T16:44:57","slug":"shakira-prepara-una-gira-mundial-y-un-nuevo-disco-para-el-2024","status":"publish","type":"post","link":"https:\/\/www.lasrosas.com.ar\/portal\/shakira-prepara-una-gira-mundial-y-un-nuevo-disco-para-el-2024\/","title":{"rendered":"SHAKIRA PREPARA UNA GIRA MUNDIAL Y UN NUEVO DISCO PARA EL 2024"},"content":{"rendered":"\n<p>Desde el regreso de\u00a0<strong>Shakira<\/strong>\u00a0a la industria musical, la cantante no ha parado de crear \u00e9xitos y enloquecer a sus fan\u00e1ticos con cada uno de sus lanzamientos.<\/p>\n\n\n\n<p>Esta vez,&nbsp;<strong>Shakira<\/strong>&nbsp;anunci\u00f3 que est\u00e1 preparandosu pr\u00f3ximo disco y hasta revel\u00f3 que tambi\u00e9n ya est\u00e1 trabajando en la gira m\u00e1s grande de su vida.<\/p>\n\n\n\n<p>En una entrevista reciente con el medio\u00a0<em>\u00ab\u00a1Hola!\u00bb<\/em>, la int\u00e9rprete de\u00a0<em>\u00abAcr\u00f3stico\u00bb<\/em>\u00a0coment\u00f3:\u00a0<em>\u201cAhora mismo estoy cerrando un \u00e1lbum que me tiene muy entusiasmada, con canciones que la gente ya conoce y con otras que no he lanzado a\u00fan. Va a ser un documento vivo que recoge mis emociones y vivencias de los \u00faltimos dos a\u00f1os y es un trabajo muy personal. Estoy muy feliz con las colaboraciones que vendr\u00e1n con este \u00e1lbum, que la gente no se espera\u00bb.<\/em><\/p>\n\n\n\n<blockquote class=\"twitter-tweet\"><p lang=\"es\" dir=\"ltr\">&#x1f6a8; | <a href=\"https:\/\/twitter.com\/shakira?ref_src=twsrc%5Etfw\">@shakira<\/a> cubre la portada de la Revista <a href=\"https:\/\/twitter.com\/hola?ref_src=twsrc%5Etfw\">@hola<\/a> y revela detalles sobre lo que viene en su carrera musical.<br><br>\u2022 Su nuevo \u00e1lbum ser\u00e1 lanzado entre Enero\/Febrero de 2024.<br>\u2022 Adelanta colaboraciones inesperadas.<br>\u2022 En verano de 2024 se embarcar\u00e1 en una gira extensa e importante. <a href=\"https:\/\/t.co\/xINquRIyHG\">pic.twitter.com\/xINquRIyHG<\/a><\/p>&mdash; Fabi\u00e1n Sabala&#x1f916;&#x1f47d;&#x1fac0; (@SP_Fabiii) <a href=\"https:\/\/twitter.com\/SP_Fabiii\/status\/1724794518443348132?ref_src=twsrc%5Etfw\">November 15, 2023<\/a><\/blockquote> <script async src=\"https:\/\/platform.twitter.com\/widgets.js\" charset=\"utf-8\"><\/script>\n\n\n\n<p>Sobre la fecha en la que saldr\u00e1 el material Shakira agreg\u00f3<em>: \u201cA principios del pr\u00f3ximo a\u00f1o espero lanzar el nuevo disco y luego habr\u00e1 una gira mundial, la m\u00e1s extensa e importante de toda mi carrera\u201d,<\/em>\u00a0con esta confesi\u00f3n la artista revolucion\u00f3 por completo a sus seguidores que esperan poder verla en vivo.<\/p>\n\n\n\n<p>Por el momento no hay fechas confirmadas, pero se espera que para enero o febrero ya podamos conocer el nuevo material discogr\u00e1fico de la barranquillera. Mientras tanto esperamos con ansias el disco y la gira mundial de Shakira, que estamos seguros que ser\u00e1 un \u00e9xito.<\/p>\n<!-- AddThis Advanced Settings generic via filter on the_content --><!-- AddThis Share Buttons generic via filter on the_content -->","protected":false},"excerpt":{"rendered":"<p>Desde el regreso de\u00a0Shakira\u00a0a la industria musical, la cantante no ha parado de crear \u00e9xitos y enloquecer a sus fan\u00e1ticos con cada uno de sus lanzamientos. Esta vez,&nbsp;Shakira&nbsp;anunci\u00f3 que est\u00e1 preparandosu pr\u00f3ximo disco y hasta revel\u00f3 que tambi\u00e9n ya est\u00e1 trabajando en la gira m\u00e1s grande de su vida. En una entrevista reciente con el [&hellip;]<!-- AddThis Advanced Settings generic via filter on get_the_excerpt --><!-- AddThis Share Buttons generic via filter on get_the_excerpt --><\/p>\n","protected":false},"author":6,"featured_media":73081,"comment_status":"closed","ping_status":"open","sticky":false,"template":"","format":"standard","meta":{"_acf_changed":false,"om_disable_all_campaigns":false,"_monsterinsights_skip_tracking":false,"_monsterinsights_sitenote_active":false,"_monsterinsights_sitenote_note":"","_monsterinsights_sitenote_category":0,"_uf_show_specific_survey":0,"_uf_disable_surveys":false,"footnotes":""},"categories":[100],"tags":[],"class_list":["post-73080","post","type-post","status-publish","format-standard","has-post-thumbnail","hentry","category-noticias"],"acf":[],"aioseo_notices":[],"_links":{"self":[{"href":"https:\/\/www.lasrosas.com.ar\/portal\/wp-json\/wp\/v2\/posts\/73080","targetHints":{"allow":["GET"]}}],"collection":[{"href":"https:\/\/www.lasrosas.com.ar\/portal\/wp-json\/wp\/v2\/posts"}],"about":[{"href":"https:\/\/www.lasrosas.com.ar\/portal\/wp-json\/wp\/v2\/types\/post"}],"author":[{"embeddable":true,"href":"https:\/\/www.lasrosas.com.ar\/portal\/wp-json\/wp\/v2\/users\/6"}],"replies":[{"embeddable":true,"href":"https:\/\/www.lasrosas.com.ar\/portal\/wp-json\/wp\/v2\/comments?post=73080"}],"version-history":[{"count":1,"href":"https:\/\/www.lasrosas.com.ar\/portal\/wp-json\/wp\/v2\/posts\/73080\/revisions"}],"predecessor-version":[{"id":73082,"href":"https:\/\/www.lasrosas.com.ar\/portal\/wp-json\/wp\/v2\/posts\/73080\/revisions\/73082"}],"wp:featuredmedia":[{"embeddable":true,"href":"https:\/\/www.lasrosas.com.ar\/portal\/wp-json\/wp\/v2\/media\/73081"}],"wp:attachment":[{"href":"https:\/\/www.lasrosas.com.ar\/portal\/wp-json\/wp\/v2\/media?parent=73080"}],"wp:term":[{"taxonomy":"category","embeddable":true,"href":"https:\/\/www.lasrosas.com.ar\/portal\/wp-json\/wp\/v2\/categories?post=73080"},{"taxonomy":"post_tag","embeddable":true,"href":"https:\/\/www.lasrosas.com.ar\/portal\/wp-json\/wp\/v2\/tags?post=73080"}],"curies":[{"name":"wp","href":"https:\/\/api.w.org\/{rel}","templated":true}]}}