{"id":72923,"date":"2023-11-15T17:48:50","date_gmt":"2023-11-15T20:48:50","guid":{"rendered":"https:\/\/www.lasrosas.com.ar\/portal\/?p=72923"},"modified":"2023-11-15T17:48:53","modified_gmt":"2023-11-15T20:48:53","slug":"un-video-dos-canciones-en-el-marco-de-la-presentacion-de-su-nuevo-disco-asan-presenta-los-videos-de-dos-nuevos-singles-en-un-mismo-videoclip","status":"publish","type":"post","link":"https:\/\/www.lasrosas.com.ar\/portal\/un-video-dos-canciones-en-el-marco-de-la-presentacion-de-su-nuevo-disco-asan-presenta-los-videos-de-dos-nuevos-singles-en-un-mismo-videoclip\/","title":{"rendered":"UN VIDEO, DOS CANCIONES: EN EL MARCO DE LA PRESENTACI\u00d3N DE SU NUEVO DISCO,\u00a0ASAN\u00a0PRESENTA LOS VIDEOS DE DOS NUEVOS SINGLES \u00a1EN UN MISMO VIDEOCLIP!"},"content":{"rendered":"\n<p><strong>\u00abBellas Artes Malas Vidas\u00bb<\/strong>\u00a0es el nuevo trabajo discogr\u00e1fico de\u00a0<strong>ASAN<\/strong>. El \u00e1lbum es un anticipo de lo que vendr\u00e1 en materia de obras art\u00edsticas, ya que, para lograrlo, combin\u00f3 los recursos inherentes a la vida humana con las nuevas tecnolog\u00edas de la Inteligencia Artificial.<\/p>\n\n\n\n<figure class=\"wp-block-image size-full\"><img decoding=\"async\" width=\"519\" height=\"523\" data-src=\"https:\/\/www.lasrosas.com.ar\/portal\/wp-content\/uploads\/unnamed-1-159.jpg\" alt=\"\" class=\"wp-image-72924 lazyload\" src=\"data:image\/svg+xml;base64,PHN2ZyB3aWR0aD0iMSIgaGVpZ2h0PSIxIiB4bWxucz0iaHR0cDovL3d3dy53My5vcmcvMjAwMC9zdmciPjwvc3ZnPg==\" style=\"--smush-placeholder-width: 519px; --smush-placeholder-aspect-ratio: 519\/523;\" \/><\/figure>\n\n\n\n<p>Con este videoclip, donde presenta las canciones \u00abBellas Artes Malas Vidas\u00bb y \u00abNunca Es Suficiente\u00bb, el productor se anima a desafiar la nueva forma de hacer m\u00fasica.<\/p>\n\n\n\n<figure class=\"wp-block-table\"><table><tbody><tr><td>Este nuevo trabajo audiovisual de\u00a0<strong>ASAN<\/strong>\u00a0condensa las primeras dos canciones de su disco que pertenecen a la\u00a0<strong>SECCI\u00d3N 1: Inconformidad<\/strong>.<br><br>Dirigido por Agust\u00edn Portela, el video nos muestra como\u00a0<strong>ASAN<\/strong>\u00a0crea el museo donde expone las obras generadas a trav\u00e9s de Inteligencia Artificial en la computadora y el \u00e9xito que logra con la gente visit\u00e1ndolo. De esta manera sigue el hilo conductor del disco con elementos humanos y tecnol\u00f3gicos. Tambi\u00e9n podemos ver algunas referencias al videoclip de \u201cTeca\u201d, tambi\u00e9n dirigido por \u00e9l.<\/td><\/tr><\/tbody><\/table><\/figure>\n<!-- AddThis Advanced Settings generic via filter on the_content --><!-- AddThis Share Buttons generic via filter on the_content -->","protected":false},"excerpt":{"rendered":"<p>\u00abBellas Artes Malas Vidas\u00bb\u00a0es el nuevo trabajo discogr\u00e1fico de\u00a0ASAN. El \u00e1lbum es un anticipo de lo que vendr\u00e1 en materia de obras art\u00edsticas, ya que, para lograrlo, combin\u00f3 los recursos inherentes a la vida humana con las nuevas tecnolog\u00edas de la Inteligencia Artificial. Con este videoclip, donde presenta las canciones \u00abBellas Artes Malas Vidas\u00bb y [&hellip;]<!-- AddThis Advanced Settings generic via filter on get_the_excerpt --><!-- AddThis Share Buttons generic via filter on get_the_excerpt --><\/p>\n","protected":false},"author":6,"featured_media":72926,"comment_status":"closed","ping_status":"open","sticky":false,"template":"","format":"standard","meta":{"_acf_changed":false,"om_disable_all_campaigns":false,"_monsterinsights_skip_tracking":false,"_monsterinsights_sitenote_active":false,"_monsterinsights_sitenote_note":"","_monsterinsights_sitenote_category":0,"_uf_show_specific_survey":0,"_uf_disable_surveys":false,"footnotes":""},"categories":[100,25],"tags":[],"class_list":["post-72923","post","type-post","status-publish","format-standard","has-post-thumbnail","hentry","category-noticias","category-radio"],"acf":[],"aioseo_notices":[],"_links":{"self":[{"href":"https:\/\/www.lasrosas.com.ar\/portal\/wp-json\/wp\/v2\/posts\/72923","targetHints":{"allow":["GET"]}}],"collection":[{"href":"https:\/\/www.lasrosas.com.ar\/portal\/wp-json\/wp\/v2\/posts"}],"about":[{"href":"https:\/\/www.lasrosas.com.ar\/portal\/wp-json\/wp\/v2\/types\/post"}],"author":[{"embeddable":true,"href":"https:\/\/www.lasrosas.com.ar\/portal\/wp-json\/wp\/v2\/users\/6"}],"replies":[{"embeddable":true,"href":"https:\/\/www.lasrosas.com.ar\/portal\/wp-json\/wp\/v2\/comments?post=72923"}],"version-history":[{"count":1,"href":"https:\/\/www.lasrosas.com.ar\/portal\/wp-json\/wp\/v2\/posts\/72923\/revisions"}],"predecessor-version":[{"id":72927,"href":"https:\/\/www.lasrosas.com.ar\/portal\/wp-json\/wp\/v2\/posts\/72923\/revisions\/72927"}],"wp:featuredmedia":[{"embeddable":true,"href":"https:\/\/www.lasrosas.com.ar\/portal\/wp-json\/wp\/v2\/media\/72926"}],"wp:attachment":[{"href":"https:\/\/www.lasrosas.com.ar\/portal\/wp-json\/wp\/v2\/media?parent=72923"}],"wp:term":[{"taxonomy":"category","embeddable":true,"href":"https:\/\/www.lasrosas.com.ar\/portal\/wp-json\/wp\/v2\/categories?post=72923"},{"taxonomy":"post_tag","embeddable":true,"href":"https:\/\/www.lasrosas.com.ar\/portal\/wp-json\/wp\/v2\/tags?post=72923"}],"curies":[{"name":"wp","href":"https:\/\/api.w.org\/{rel}","templated":true}]}}