{"id":72860,"date":"2023-11-10T16:27:56","date_gmt":"2023-11-10T19:27:56","guid":{"rendered":"https:\/\/www.lasrosas.com.ar\/portal\/?p=72860"},"modified":"2023-11-10T16:27:58","modified_gmt":"2023-11-10T19:27:58","slug":"stefi-roitman-se-prepara-para-un-nuevo-desafio-de-la-mano-de-su-peluquero-max-jara","status":"publish","type":"post","link":"https:\/\/www.lasrosas.com.ar\/portal\/stefi-roitman-se-prepara-para-un-nuevo-desafio-de-la-mano-de-su-peluquero-max-jara\/","title":{"rendered":"STEFI ROITMAN SE PREPARA PARA UN NUEVO DESAF\u00cdO DE LA MANO DE SU PELUQUERO, MAX JARA\u00a0"},"content":{"rendered":"\n<p>Max Jara impone tendencias siempre de la mano de Stefi Rotiman, esta vez\u00a0llev\u00e1ndola a un casta\u00f1o fr\u00edo.<\/p>\n\n\n\n<p>El pelo casta\u00f1o sigue siendo uno de los tonos de tendencia. \u00bfEl secreto de su \u00e9xito? Sienta bien a pieles claras y oscuras, funciona con todos los cortes de pelo tendencia (bob, pixies, melenas) y aporta multidimensionalidad&nbsp;al&nbsp;cabello.<\/p>\n\n\n\n<p>Max Jara, el reconocido estilista, fue el encargado del cambio de look de la actriz Stefi Roitman.<\/p>\n\n\n\n<p>Haily Bieber, Hailey Baldwin, Charlize Theron, Dakota Johnson, lo eligen, y tambi\u00e9n es el caso de Stefi Roitman\u00a0que eligi\u00f3 este cambio de look para su pr\u00f3ximo\u00a0gran desaf\u00edo.\u00a0<\/p>\n\n\n\n<figure class=\"wp-block-image size-large\"><img decoding=\"async\" width=\"1920\" height=\"1280\" data-src=\"https:\/\/www.lasrosas.com.ar\/portal\/wp-content\/uploads\/Workshop-Max-Jara-Taller-de-Pelo-191-1-1920x1280.jpg\" alt=\"\" class=\"wp-image-72861 lazyload\" data-srcset=\"https:\/\/www.lasrosas.com.ar\/portal\/wp-content\/uploads\/\/Workshop-Max-Jara-Taller-de-Pelo-191-1-1920x1280.jpg 1920w, https:\/\/www.lasrosas.com.ar\/portal\/wp-content\/uploads\/\/Workshop-Max-Jara-Taller-de-Pelo-191-1-960x640.jpg 960w, https:\/\/www.lasrosas.com.ar\/portal\/wp-content\/uploads\/\/Workshop-Max-Jara-Taller-de-Pelo-191-1-1536x1024.jpg 1536w, https:\/\/www.lasrosas.com.ar\/portal\/wp-content\/uploads\/\/Workshop-Max-Jara-Taller-de-Pelo-191-1-scaled.jpg 2048w\" data-sizes=\"(max-width: 1920px) 100vw, 1920px\" src=\"data:image\/svg+xml;base64,PHN2ZyB3aWR0aD0iMSIgaGVpZ2h0PSIxIiB4bWxucz0iaHR0cDovL3d3dy53My5vcmcvMjAwMC9zdmciPjwvc3ZnPg==\" style=\"--smush-placeholder-width: 1920px; --smush-placeholder-aspect-ratio: 1920\/1280;\" \/><\/figure>\n\n\n\n<p><em>Max Jara,\u00a0<\/em>llegado recientemente de New York en el marco de la Fashion Week, se caracteriza por estar en sinton\u00eda con las \u00faltimas\u00a0tendencias de cabello y el \u00abWet look\u201d marca esta nueva temporada.<br><br>Max se destaca por embellecer el cabello desde el cuidado y la fortificaci\u00f3n. Entre sus clientes m\u00e1s destacados se encuentran: Camila Homs, Stefi Roitman, Los Montaner, y m\u00e1s.\u00a0<br><br>Dentro de las tendencias para esta primavera-verano estar\u00e1n adem\u00e1s el flequillo, las paletas de colores naturales y las melenas XL. Pero la tendencia m\u00e1s importante y la que nunca debe pasar de moda es la del pelo sano, una caracter\u00edstica importante que el estilista remarca en sus clientes y mantiene como filosof\u00eda en su sal\u00f3n. A su vez, una tendencia que est\u00e1 a la orden del d\u00eda es volver al color natural del cabello, incluso con canas o con iluminaciones sutiles.<br><br>Otra moda que se est\u00e1 adoptando para el cabello en este \u00faltimo tiempo, es dejar atr\u00e1s el alisado o los procesos qu\u00edmicos para as\u00ed mantener el estado natural del cabello con una buena l\u00ednea de cuidado e hidrataci\u00f3n.<\/p>\n\n\n\n<figure class=\"wp-block-image size-full\"><img decoding=\"async\" width=\"600\" height=\"400\" data-src=\"https:\/\/www.lasrosas.com.ar\/portal\/wp-content\/uploads\/unnamed-8-10.jpg\" alt=\"\" class=\"wp-image-72862 lazyload\" src=\"data:image\/svg+xml;base64,PHN2ZyB3aWR0aD0iMSIgaGVpZ2h0PSIxIiB4bWxucz0iaHR0cDovL3d3dy53My5vcmcvMjAwMC9zdmciPjwvc3ZnPg==\" style=\"--smush-placeholder-width: 600px; --smush-placeholder-aspect-ratio: 600\/400;\" \/><\/figure>\n\n\n\n<p><strong>EL TALLER DE PELO<br><br><\/strong>El espacio est\u00e1 pensado para estimular la relajaci\u00f3n. Est\u00e1 dise\u00f1ado bajo una est\u00e9tica minimalista, ambientalista, c\u00e1lida y arm\u00f3nica donde se destacan luces tenues para mantener la sutileza del clima y, espacios verdes que se presentan en todo el taller y son sello de identidad de Max.<\/p>\n\n\n\n<figure class=\"wp-block-image\"><img decoding=\"async\" data-src=\"https:\/\/ci6.googleusercontent.com\/proxy\/ApcxG5buKKPEyNuQxrEBZZf6HMhotlLYkluumaCvD2U_X-j5RORZaIx_AmhE2_CsjqRZrb-K37-ouQJNTcN5uxwAhaJnMzXaL5J5wPCRLqcfrzkgn5Jz3KOfTdRerFNCNlpflNU2hXr0EJPHHMwrv6eQr9rwsyd_D5TifQ=s0-d-e1-ft#https:\/\/mcusercontent.com\/ec7f80281f4fc1f7d5f1aa62f\/_compresseds\/fa9e7c1e-1c0c-e530-fcab-3b83431247ae.jpg\" alt=\"\" src=\"data:image\/svg+xml;base64,PHN2ZyB3aWR0aD0iMSIgaGVpZ2h0PSIxIiB4bWxucz0iaHR0cDovL3d3dy53My5vcmcvMjAwMC9zdmciPjwvc3ZnPg==\" class=\"lazyload\" \/><\/figure>\n\n\n\n<p>\u201cEl pelo es como la orqu\u00eddea. Para que ambos crezcan sanos hay que saber hidratarlos correctamente\u201d (Max Jara)<\/p>\n<!-- AddThis Advanced Settings generic via filter on the_content --><!-- AddThis Share Buttons generic via filter on the_content -->","protected":false},"excerpt":{"rendered":"<p>Max Jara impone tendencias siempre de la mano de Stefi Rotiman, esta vez\u00a0llev\u00e1ndola a un casta\u00f1o fr\u00edo. El pelo casta\u00f1o sigue siendo uno de los tonos de tendencia. \u00bfEl secreto de su \u00e9xito? Sienta bien a pieles claras y oscuras, funciona con todos los cortes de pelo tendencia (bob, pixies, melenas) y aporta multidimensionalidad&nbsp;al&nbsp;cabello. Max [&hellip;]<!-- AddThis Advanced Settings generic via filter on get_the_excerpt --><!-- AddThis Share Buttons generic via filter on get_the_excerpt --><\/p>\n","protected":false},"author":6,"featured_media":72863,"comment_status":"closed","ping_status":"open","sticky":false,"template":"","format":"standard","meta":{"_acf_changed":false,"om_disable_all_campaigns":false,"_monsterinsights_skip_tracking":false,"_monsterinsights_sitenote_active":false,"_monsterinsights_sitenote_note":"","_monsterinsights_sitenote_category":0,"_uf_show_specific_survey":0,"_uf_disable_surveys":false,"footnotes":""},"categories":[376,100],"tags":[],"class_list":["post-72860","post","type-post","status-publish","format-standard","has-post-thumbnail","hentry","category-lifestyle","category-noticias"],"acf":[],"aioseo_notices":[],"_links":{"self":[{"href":"https:\/\/www.lasrosas.com.ar\/portal\/wp-json\/wp\/v2\/posts\/72860","targetHints":{"allow":["GET"]}}],"collection":[{"href":"https:\/\/www.lasrosas.com.ar\/portal\/wp-json\/wp\/v2\/posts"}],"about":[{"href":"https:\/\/www.lasrosas.com.ar\/portal\/wp-json\/wp\/v2\/types\/post"}],"author":[{"embeddable":true,"href":"https:\/\/www.lasrosas.com.ar\/portal\/wp-json\/wp\/v2\/users\/6"}],"replies":[{"embeddable":true,"href":"https:\/\/www.lasrosas.com.ar\/portal\/wp-json\/wp\/v2\/comments?post=72860"}],"version-history":[{"count":1,"href":"https:\/\/www.lasrosas.com.ar\/portal\/wp-json\/wp\/v2\/posts\/72860\/revisions"}],"predecessor-version":[{"id":72864,"href":"https:\/\/www.lasrosas.com.ar\/portal\/wp-json\/wp\/v2\/posts\/72860\/revisions\/72864"}],"wp:featuredmedia":[{"embeddable":true,"href":"https:\/\/www.lasrosas.com.ar\/portal\/wp-json\/wp\/v2\/media\/72863"}],"wp:attachment":[{"href":"https:\/\/www.lasrosas.com.ar\/portal\/wp-json\/wp\/v2\/media?parent=72860"}],"wp:term":[{"taxonomy":"category","embeddable":true,"href":"https:\/\/www.lasrosas.com.ar\/portal\/wp-json\/wp\/v2\/categories?post=72860"},{"taxonomy":"post_tag","embeddable":true,"href":"https:\/\/www.lasrosas.com.ar\/portal\/wp-json\/wp\/v2\/tags?post=72860"}],"curies":[{"name":"wp","href":"https:\/\/api.w.org\/{rel}","templated":true}]}}