{"id":72806,"date":"2023-11-09T15:55:10","date_gmt":"2023-11-09T18:55:10","guid":{"rendered":"https:\/\/www.lasrosas.com.ar\/portal\/?p=72806"},"modified":"2023-11-09T15:55:12","modified_gmt":"2023-11-09T18:55:12","slug":"skin-perfecto-uv-protection","status":"publish","type":"post","link":"https:\/\/www.lasrosas.com.ar\/portal\/skin-perfecto-uv-protection\/","title":{"rendered":"\u00a0SKIN PERFECTO: UV PROTECTION"},"content":{"rendered":"\n<p><strong>UNA PIEL REVITALIZADA Y PROTEGIDA<\/strong><\/p>\n\n\n\n<p>Con el ritmo de vida estresante y desenfrenado de nuestro&nbsp; tiempo, tener una piel sana y luminosa es un aut\u00e9ntico desaf\u00edo. Para conservar una piel bonita y rebosante de salud, as\u00ed como una tez radiante y homog\u00e9nea, nuestra epidermis necesita tratamientos que ofrezcan un apoyo constante a las c\u00e9lulas de la piel, pero tambi\u00e9n una protecci\u00f3n infalible durante todo el d\u00eda.&nbsp;<\/p>\n\n\n\n<p>Para responder a estas expectativas, Givenchy ha creado Skin Perfecto, un concentrado de vitalidad, frescor y energ\u00eda que revela la luminosidad natural de una piel radiante de salud. En el coraz\u00f3n de la gama se encuentra el Vitamin Blend Complex, un c\u00f3ctel vitaminado de activos que permite reactivar la energ\u00eda de las c\u00e9lulas de la piel.<\/p>\n\n\n\n<p>&nbsp;Givenchy ampl\u00eda hoy la rutina Skin Perfecto proponiendo dos protectores UV complementarios \u2013 en fluido y en stick \u2013 que perfeccionan el ritual diario para proteger la piel de los rayos UVA y UVB durante todo el d\u00eda. Protegerse del sol es fundamental para conservar una piel luminosa, preservada de la aparici\u00f3n de los primeros signos de la edad inducidos por los rayos UV.<\/p>\n\n\n\n<p>En el coraz\u00f3n de las c\u00e9lulas, las mitocondrias son las responsables de la energ\u00eda vital de la piel: sintetizan la mol\u00e9cula ATP* que suministra la energ\u00eda necesaria para un buen funcionamiento celular. Con el tiempo, debido a las agresiones externas, este dep\u00f3sito de energ\u00eda va agot\u00e1ndose: las c\u00e9lulas de la epidermis crean menos ATP. La piel se vuelve m\u00e1s opaca.<\/p>\n\n\n\n<figure class=\"wp-block-gallery has-nested-images columns-default is-cropped wp-block-gallery-1 is-layout-flex wp-block-gallery-is-layout-flex\">\n<figure class=\"wp-block-image size-large\"><img decoding=\"async\" width=\"1920\" height=\"1920\" data-id=\"72808\" data-src=\"https:\/\/www.lasrosas.com.ar\/portal\/wp-content\/uploads\/Skin-Perfecto-Fluid-1920x1920.jpg\" alt=\"\" class=\"wp-image-72808 lazyload\" data-srcset=\"https:\/\/www.lasrosas.com.ar\/portal\/wp-content\/uploads\/\/Skin-Perfecto-Fluid-1920x1920.jpg 1920w, https:\/\/www.lasrosas.com.ar\/portal\/wp-content\/uploads\/\/Skin-Perfecto-Fluid-960x960.jpg 960w, https:\/\/www.lasrosas.com.ar\/portal\/wp-content\/uploads\/\/Skin-Perfecto-Fluid-1536x1536.jpg 1536w, https:\/\/www.lasrosas.com.ar\/portal\/wp-content\/uploads\/\/Skin-Perfecto-Fluid-scaled.jpg 2048w\" data-sizes=\"(max-width: 1920px) 100vw, 1920px\" src=\"data:image\/svg+xml;base64,PHN2ZyB3aWR0aD0iMSIgaGVpZ2h0PSIxIiB4bWxucz0iaHR0cDovL3d3dy53My5vcmcvMjAwMC9zdmciPjwvc3ZnPg==\" style=\"--smush-placeholder-width: 1920px; --smush-placeholder-aspect-ratio: 1920\/1920;\" \/><figcaption class=\"wp-element-caption\">PLEASE NOTE\/ MAXIMUM PRINTING SIZE FOR THIS VISUAL IS A3.<\/figcaption><\/figure>\n\n\n\n<figure class=\"wp-block-image size-large\"><img decoding=\"async\" width=\"1920\" height=\"1920\" data-id=\"72807\" data-src=\"https:\/\/www.lasrosas.com.ar\/portal\/wp-content\/uploads\/Skin-Perfecto-Stick-1920x1920.jpg\" alt=\"\" class=\"wp-image-72807 lazyload\" data-srcset=\"https:\/\/www.lasrosas.com.ar\/portal\/wp-content\/uploads\/\/Skin-Perfecto-Stick-1920x1920.jpg 1920w, https:\/\/www.lasrosas.com.ar\/portal\/wp-content\/uploads\/\/Skin-Perfecto-Stick-960x960.jpg 960w, https:\/\/www.lasrosas.com.ar\/portal\/wp-content\/uploads\/\/Skin-Perfecto-Stick-1536x1536.jpg 1536w, https:\/\/www.lasrosas.com.ar\/portal\/wp-content\/uploads\/\/Skin-Perfecto-Stick-scaled.jpg 2048w\" data-sizes=\"(max-width: 1920px) 100vw, 1920px\" src=\"data:image\/svg+xml;base64,PHN2ZyB3aWR0aD0iMSIgaGVpZ2h0PSIxIiB4bWxucz0iaHR0cDovL3d3dy53My5vcmcvMjAwMC9zdmciPjwvc3ZnPg==\" style=\"--smush-placeholder-width: 1920px; --smush-placeholder-aspect-ratio: 1920\/1920;\" \/><\/figure>\n<\/figure>\n\n\n\n<p>Para reactivar la energ\u00eda celular, los laboratorios Givenchy han desarrollado la gama Skin Perfecto, compuesta en torno a un complejo de activos de origen natural: el Vitamin Blend Complex. Este aut\u00e9ntico c\u00f3ctel de vitaminas contiene un extracto de pomelo rosa, vitamina C estabilizada y un extracto de pimienta rosa para estimular y reavivar la energ\u00eda de la piel. Aporta nutrientes, \u00e1cidos grasos y vitaminas a la superficie de la epidermis. En concreto, el extracto de pimienta rosa aumenta la producci\u00f3n de energ\u00eda celular en un 19 %<\/p>\n\n\n\n<p>Con cada aplicaci\u00f3n, la piel est\u00e1 m\u00e1s luminosa y unificada. Irradia una luminosidad fresca y natural. D\u00eda tras d\u00eda, la piel est\u00e1 alisada, m\u00e1s homog\u00e9nea.<\/p>\n\n\n\n<p><strong>EN EL CORAZ\u00d3N DEL VITAMIN BLEND COMPLEX<\/strong><\/p>\n\n\n\n<p><strong>El extracto de pimienta rosa<\/strong><\/p>\n\n\n\n<p>Este extracto de pimienta rosa, obtenido mediante un sistema de extracci\u00f3n de alta tecnolog\u00eda respetuoso con el medio ambiente, se cosecha en la Isla Reuni\u00f3n. Es rico en \u00e1cidos grasos omega-6, elementos nutritivos esenciales que el organismo no puede sintetizar por s\u00ed mismo y que contribuyen a restaurar y mantener la calidad de la barrera de la epidermis. La pimienta rosa silvestre aporta adem\u00e1s un nuevo soplo de energ\u00eda a la piel. Ayuda a proteger la barrera cut\u00e1nea y a mantener la piel rebosante de salud, d\u00eda tras d\u00eda.<\/p>\n\n\n\n<p><strong>El extracto de pomelo rosa org\u00e1nico<\/strong><\/p>\n\n\n\n<p>El pomelo rosa utilizado se cultiva seg\u00fan las normas de la agricultura org\u00e1nica europea en San Nicolao, Alta C\u00f3rcega. Los frutos se recogen durante el mes de marzo, un per\u00edodo \u00f3ptimo en el que rebosan de activos. Luego, se secan y se cortan los frutos maduros. En el extracto se concentran el agua y el zumo de los frutos, que contienen vitaminas y glucosa. Su acci\u00f3n hidratante promete una luminosidad sublimada. Sus propiedades hacen que la piel est\u00e9 m\u00e1s lisa.&nbsp;&nbsp;<\/p>\n\n\n\n<p><strong>La vitamina C estabilizada<\/strong><\/p>\n\n\n\n<p>Permite una asimilaci\u00f3n perfecta de los nutrientes aportados por los extractos de pomelo rosa y pimienta rosa silvestre en el coraz\u00f3n de las c\u00e9lulas. Adem\u00e1s, potencia el resplandor de la piel, para un glow m\u00e1ximo.<\/p>\n\n\n\n<p><strong>EL FLUIDE UV PERFECTEUR D\u2019\u00c9CLAT SPF 50+ PA++++<\/strong><\/p>\n\n\n\n<p>\u00daltima etapa de la rutina Skin Perfecto, el Fluide UV Perfecteur d\u2019\u00c9clat SPF 50+ PA ++++ es un tratamiento de d\u00eda de textura ligera y fundente que proporciona una protecci\u00f3n \u00f3ptima a la epidermis. Su f\u00f3rmula contiene Vitamin Blend Complex para reactivar la producci\u00f3n de energ\u00eda*. Este tratamiento completo combina un efecto perfeccionador con una acci\u00f3n protectora global contra los rayos UVA y UVB preservando la hidrataci\u00f3n de la piel (+41 %** despu\u00e9s de 24 horas).<\/p>\n\n\n\n<p>El plus: su textura ligera y rosada, que se funde sobre la piel durante la aplicaci\u00f3n. Muy fluida, se desvanece inmediatamente sobre la epidermis sin dejar rastros. Gracias a su acci\u00f3n alisadora, puede utilizarse como alternativa a la base de maquillaje. Los n\u00e1cares presentes en la f\u00f3rmula potencian el efecto perfeccionador e iluminador, aportando una luminosidad sutil a la tez. Este glow inmediato se mantiene con el paso de las semanas.<\/p>\n\n\n\n<p>Aplique el fluido en el rostro y el cuello despu\u00e9s de la rutina Skin Perfecto y antes del maquillaje.<\/p>\n\n\n\n<p><strong>EL STICK UV PERFECTEUR D\u2019\u00c9CLAT SPF 50+ PA++++<\/strong><\/p>\n\n\n\n<p>Presentado en un estuche n\u00f3mada, este protector solar posee una textura in\u00e9dita con reflejos veteados. La f\u00f3rmula combina vitamina C y extracto de pimienta rosa para sublimar la piel. Perfecciona su textura y potencia la luminosidad de la tez. Dotado de un filtro SPF 50+ PA ++++, este stick protege la piel manteniendo su hidrataci\u00f3n durante 24 horas*.&nbsp;<\/p>\n\n\n\n<p>El plus: sus tonalidades veteadas de color rosa empolvado se entremezclan, evocando los c\u00f3digos gr\u00e1ficos de la gama Skin Perfecto. El producto se fusiona con la piel ofreciendo una aplicaci\u00f3n simple y sensorial. \u00a1Proteger la piel nunca ha sido tan intuitivo y agradable! Los defectos se ven difuminados, la piel parece revelar su luminosidad d\u00eda tras d\u00eda.<\/p>\n\n\n\n<p>Como toque final o en retoques, utilice el stick todas las veces que sea necesario, durante todo el d\u00eda. Aplique el stick en el rostro, masajee y extienda el tratamiento sobre la piel.<\/p>\n<!-- AddThis Advanced Settings generic via filter on the_content --><!-- AddThis Share Buttons generic via filter on the_content -->","protected":false},"excerpt":{"rendered":"<p>UNA PIEL REVITALIZADA Y PROTEGIDA Con el ritmo de vida estresante y desenfrenado de nuestro&nbsp; tiempo, tener una piel sana y luminosa es un aut\u00e9ntico desaf\u00edo. Para conservar una piel bonita y rebosante de salud, as\u00ed como una tez radiante y homog\u00e9nea, nuestra epidermis necesita tratamientos que ofrezcan un apoyo constante a las c\u00e9lulas de [&hellip;]<!-- AddThis Advanced Settings generic via filter on get_the_excerpt --><!-- AddThis Share Buttons generic via filter on get_the_excerpt --><\/p>\n","protected":false},"author":6,"featured_media":72807,"comment_status":"closed","ping_status":"open","sticky":false,"template":"","format":"standard","meta":{"_acf_changed":false,"om_disable_all_campaigns":false,"_monsterinsights_skip_tracking":false,"_monsterinsights_sitenote_active":false,"_monsterinsights_sitenote_note":"","_monsterinsights_sitenote_category":0,"_uf_show_specific_survey":0,"_uf_disable_surveys":false,"footnotes":""},"categories":[376,100],"tags":[],"class_list":["post-72806","post","type-post","status-publish","format-standard","has-post-thumbnail","hentry","category-lifestyle","category-noticias"],"acf":[],"aioseo_notices":[],"_links":{"self":[{"href":"https:\/\/www.lasrosas.com.ar\/portal\/wp-json\/wp\/v2\/posts\/72806","targetHints":{"allow":["GET"]}}],"collection":[{"href":"https:\/\/www.lasrosas.com.ar\/portal\/wp-json\/wp\/v2\/posts"}],"about":[{"href":"https:\/\/www.lasrosas.com.ar\/portal\/wp-json\/wp\/v2\/types\/post"}],"author":[{"embeddable":true,"href":"https:\/\/www.lasrosas.com.ar\/portal\/wp-json\/wp\/v2\/users\/6"}],"replies":[{"embeddable":true,"href":"https:\/\/www.lasrosas.com.ar\/portal\/wp-json\/wp\/v2\/comments?post=72806"}],"version-history":[{"count":1,"href":"https:\/\/www.lasrosas.com.ar\/portal\/wp-json\/wp\/v2\/posts\/72806\/revisions"}],"predecessor-version":[{"id":72809,"href":"https:\/\/www.lasrosas.com.ar\/portal\/wp-json\/wp\/v2\/posts\/72806\/revisions\/72809"}],"wp:featuredmedia":[{"embeddable":true,"href":"https:\/\/www.lasrosas.com.ar\/portal\/wp-json\/wp\/v2\/media\/72807"}],"wp:attachment":[{"href":"https:\/\/www.lasrosas.com.ar\/portal\/wp-json\/wp\/v2\/media?parent=72806"}],"wp:term":[{"taxonomy":"category","embeddable":true,"href":"https:\/\/www.lasrosas.com.ar\/portal\/wp-json\/wp\/v2\/categories?post=72806"},{"taxonomy":"post_tag","embeddable":true,"href":"https:\/\/www.lasrosas.com.ar\/portal\/wp-json\/wp\/v2\/tags?post=72806"}],"curies":[{"name":"wp","href":"https:\/\/api.w.org\/{rel}","templated":true}]}}