{"id":72713,"date":"2023-11-06T15:56:41","date_gmt":"2023-11-06T18:56:41","guid":{"rendered":"https:\/\/www.lasrosas.com.ar\/portal\/?p=72713"},"modified":"2023-11-06T15:56:44","modified_gmt":"2023-11-06T18:56:44","slug":"una-noche-magica-muy-especial-junto-a-tan-bionica-en-el-estadio-unico-de-la-plataen-el-dia-de-chano-moreno-charpentier-la-banda-brillo-como-nunca","status":"publish","type":"post","link":"https:\/\/www.lasrosas.com.ar\/portal\/una-noche-magica-muy-especial-junto-a-tan-bionica-en-el-estadio-unico-de-la-plataen-el-dia-de-chano-moreno-charpentier-la-banda-brillo-como-nunca\/","title":{"rendered":"UNA NOCHE M\u00c1GICA MUY ESPECIAL JUNTO A TAN BI\u00d3NICA EN EL ESTADIO \u00daNICO DE LA PLATAEN EL \u201cD\u00cdA DE CHANO MORENO CHARPENTIER\u201d LA BANDA BRILL\u00d3 COMO NUNCA"},"content":{"rendered":"\n<figure class=\"wp-block-table\"><table><tbody><tr><td><strong>Los m\u00fasicos dieron un paso m\u00e1s en su gira de estadios que les est\u00e1 cumpliendo un sue\u00f1o a los fans que esperaron siete a\u00f1os para verlos juntos en vivo. En este 4 de noviembre tan especial para ellos y su base de fans \u2013es una fecha que surge de su hit \u201cLa Melod\u00eda de Dios\u201d\u2013 se vivieron momentos memorables en un repaso legendario de su discograf\u00eda.<\/strong>\u00a0<\/td><\/tr><\/tbody><\/table><\/figure>\n\n\n\n<p>Anoche todo era pura alegr\u00eda y emoci\u00f3n en el&nbsp;<strong>Estadio \u00danico de La Plata.<\/strong>&nbsp;Despu\u00e9s de los shows en V\u00e9lez, que fueron el punto de partida de esta gira de estadios con producci\u00f3n de&nbsp;<strong>DF Entertainment<\/strong>, la&nbsp;<strong>primera fecha en La Plata<\/strong>&nbsp;fue otro testimonio innegable del lugar central que ocupan&nbsp;<strong>Chano, Bambi, Seby y Diega<\/strong>&nbsp;en la m\u00fasica argentina y en el coraz\u00f3n de todos sus fans.<\/p>\n\n\n\n<p>Minutos despu\u00e9s de las 21 hs, la banda hizo su aparici\u00f3n en el escenario en medio de los gritos del p\u00fablico y arranc\u00f3 la noche muy arriba con\u00a0<strong>\u201cHola Mi Vida\u201d<\/strong>, ese hit contundente que fue el primer single de su disco\u00a0<strong><em>Hola Mundo<\/em><\/strong>, de 2015, un himno sobre la conexi\u00f3n y las experiencias que vienen de la mano de la m\u00fasica, experiencias como el show que estaba empezando y que se perfilaba como un acontecimiento inolvidable. La segunda canci\u00f3n de la noche fue\u00a0<strong>\u201cBeautiful\u201d<\/strong>, otro hit que termin\u00f3 de sentar el tono. Le siguieron\u00a0<strong>\u201cM\u00fasica\u201d<\/strong>\u00a0y\u00a0<strong>\u201cLoca\u201d<\/strong>.<\/p>\n\n\n\n<figure class=\"wp-block-gallery has-nested-images columns-default is-cropped wp-block-gallery-1 is-layout-flex wp-block-gallery-is-layout-flex\">\n<figure class=\"wp-block-image size-large\"><img decoding=\"async\" width=\"1600\" height=\"1066\" data-id=\"72714\" data-src=\"https:\/\/www.lasrosas.com.ar\/portal\/wp-content\/uploads\/unnamed-10-8.jpg\" alt=\"\" class=\"wp-image-72714 lazyload\" data-srcset=\"https:\/\/www.lasrosas.com.ar\/portal\/wp-content\/uploads\/\/unnamed-10-8.jpg 1600w, https:\/\/www.lasrosas.com.ar\/portal\/wp-content\/uploads\/\/unnamed-10-8-960x640.jpg 960w, https:\/\/www.lasrosas.com.ar\/portal\/wp-content\/uploads\/\/unnamed-10-8-1536x1023.jpg 1536w\" data-sizes=\"(max-width: 1600px) 100vw, 1600px\" src=\"data:image\/svg+xml;base64,PHN2ZyB3aWR0aD0iMSIgaGVpZ2h0PSIxIiB4bWxucz0iaHR0cDovL3d3dy53My5vcmcvMjAwMC9zdmciPjwvc3ZnPg==\" style=\"--smush-placeholder-width: 1600px; --smush-placeholder-aspect-ratio: 1600\/1066;\" \/><figcaption class=\"wp-element-caption\">@gcorbatta<\/figcaption><\/figure>\n\n\n\n<figure class=\"wp-block-image size-large\"><img decoding=\"async\" width=\"1600\" height=\"1026\" data-id=\"72715\" data-src=\"https:\/\/www.lasrosas.com.ar\/portal\/wp-content\/uploads\/unnamed-9-9.jpg\" alt=\"\" class=\"wp-image-72715 lazyload\" data-srcset=\"https:\/\/www.lasrosas.com.ar\/portal\/wp-content\/uploads\/\/unnamed-9-9.jpg 1600w, https:\/\/www.lasrosas.com.ar\/portal\/wp-content\/uploads\/\/unnamed-9-9-960x616.jpg 960w, https:\/\/www.lasrosas.com.ar\/portal\/wp-content\/uploads\/\/unnamed-9-9-1536x985.jpg 1536w\" data-sizes=\"(max-width: 1600px) 100vw, 1600px\" src=\"data:image\/svg+xml;base64,PHN2ZyB3aWR0aD0iMSIgaGVpZ2h0PSIxIiB4bWxucz0iaHR0cDovL3d3dy53My5vcmcvMjAwMC9zdmciPjwvc3ZnPg==\" style=\"--smush-placeholder-width: 1600px; --smush-placeholder-aspect-ratio: 1600\/1026;\" \/><figcaption class=\"wp-element-caption\">@gcorbatta<\/figcaption><\/figure>\n\n\n\n<figure class=\"wp-block-image size-large\"><img decoding=\"async\" width=\"1432\" height=\"922\" data-id=\"72716\" data-src=\"https:\/\/www.lasrosas.com.ar\/portal\/wp-content\/uploads\/unnamed-49.png\" alt=\"\" class=\"wp-image-72716 lazyload\" data-srcset=\"https:\/\/www.lasrosas.com.ar\/portal\/wp-content\/uploads\/\/unnamed-49.png 1432w, https:\/\/www.lasrosas.com.ar\/portal\/wp-content\/uploads\/\/unnamed-49-960x618.png 960w\" data-sizes=\"(max-width: 1432px) 100vw, 1432px\" src=\"data:image\/svg+xml;base64,PHN2ZyB3aWR0aD0iMSIgaGVpZ2h0PSIxIiB4bWxucz0iaHR0cDovL3d3dy53My5vcmcvMjAwMC9zdmciPjwvc3ZnPg==\" style=\"--smush-placeholder-width: 1432px; --smush-placeholder-aspect-ratio: 1432\/922;\" \/><figcaption class=\"wp-element-caption\">@gcorbatta<\/figcaption><\/figure>\n<\/figure>\n\n\n\n<figure class=\"wp-block-table\"><table><tbody><tr><td>Uno de los momentos m\u00e1s emocionantes tanto para la banda como para los fans fue sin dudas aquel que le dedicaron a interpretar\u00a0<strong>\u201cLunita de Tucum\u00e1n\u201d<\/strong>, uno de los favoritos de Canciones del Hurac\u00e1n, ese primer disco que llev\u00f3 al p\u00fablico de nuevo donde empez\u00f3 todo. Para los que siguen a la banda desde el minuto uno la sensaci\u00f3n de nostalgia fue inevitable. Con\u00a0<strong>\u201cObsesionario en La mayor\u201d<\/strong>, uno de los temas m\u00e1s reconocibles de Obsesionario, a la que Chano se refiere como \u201cel himno nacional de la desolaci\u00f3n\u201d, nadie se qued\u00f3 sin cantar.<br><br>Con\u00a0<strong>\u201cCiudad M\u00e1gica\u201d<\/strong>, una de las canciones m\u00e1s emblem\u00e1ticas de la banda, el estadio se revolucion\u00f3 por completo en un momento glorioso. Todo el mundo salt\u00f3 y cant\u00f3 al ritmo de este hit que ya es un verdadero cl\u00e1sico de nuestra m\u00fasica.<\/td><\/tr><\/tbody><\/table><\/figure>\n\n\n\n<p><strong>Hace algunos a\u00f1os los fans decretaron que el 4 de noviembre, la fecha que se menciona en la letra de \u201cLa Melod\u00eda de Dios\u201d, es el \u201cd\u00eda de Chano Moreno Charpentier\u201d<\/strong>. La canci\u00f3n fue el segundo sencillo de Destinolog\u00eda, el tercer disco de la banda, sigue siendo una de las canciones m\u00e1s queridas por el p\u00fablico. Como no pod\u00eda ser de otra manera, la canci\u00f3n fue la elegida para cerrar esta noche m\u00e1gica con todo en un momento muy emotivo que puso en evidencia la uni\u00f3n irrompible que existe entre la banda y sus fan\u00e1ticos, ese piber\u00edo bi\u00f3nico que los acompa\u00f1a adonde vayan desde el principio y para siempre.<\/p>\n<!-- AddThis Advanced Settings generic via filter on the_content --><!-- AddThis Share Buttons generic via filter on the_content -->","protected":false},"excerpt":{"rendered":"<p>Los m\u00fasicos dieron un paso m\u00e1s en su gira de estadios que les est\u00e1 cumpliendo un sue\u00f1o a los fans que esperaron siete a\u00f1os para verlos juntos en vivo. En este 4 de noviembre tan especial para ellos y su base de fans \u2013es una fecha que surge de su hit \u201cLa Melod\u00eda de Dios\u201d\u2013 [&hellip;]<!-- AddThis Advanced Settings generic via filter on get_the_excerpt --><!-- AddThis Share Buttons generic via filter on get_the_excerpt --><\/p>\n","protected":false},"author":6,"featured_media":72717,"comment_status":"closed","ping_status":"open","sticky":false,"template":"","format":"standard","meta":{"_acf_changed":false,"om_disable_all_campaigns":false,"_monsterinsights_skip_tracking":false,"_monsterinsights_sitenote_active":false,"_monsterinsights_sitenote_note":"","_monsterinsights_sitenote_category":0,"_uf_show_specific_survey":0,"_uf_disable_surveys":false,"footnotes":""},"categories":[100,25],"tags":[],"class_list":["post-72713","post","type-post","status-publish","format-standard","has-post-thumbnail","hentry","category-noticias","category-radio"],"acf":[],"aioseo_notices":[],"_links":{"self":[{"href":"https:\/\/www.lasrosas.com.ar\/portal\/wp-json\/wp\/v2\/posts\/72713","targetHints":{"allow":["GET"]}}],"collection":[{"href":"https:\/\/www.lasrosas.com.ar\/portal\/wp-json\/wp\/v2\/posts"}],"about":[{"href":"https:\/\/www.lasrosas.com.ar\/portal\/wp-json\/wp\/v2\/types\/post"}],"author":[{"embeddable":true,"href":"https:\/\/www.lasrosas.com.ar\/portal\/wp-json\/wp\/v2\/users\/6"}],"replies":[{"embeddable":true,"href":"https:\/\/www.lasrosas.com.ar\/portal\/wp-json\/wp\/v2\/comments?post=72713"}],"version-history":[{"count":1,"href":"https:\/\/www.lasrosas.com.ar\/portal\/wp-json\/wp\/v2\/posts\/72713\/revisions"}],"predecessor-version":[{"id":72718,"href":"https:\/\/www.lasrosas.com.ar\/portal\/wp-json\/wp\/v2\/posts\/72713\/revisions\/72718"}],"wp:featuredmedia":[{"embeddable":true,"href":"https:\/\/www.lasrosas.com.ar\/portal\/wp-json\/wp\/v2\/media\/72717"}],"wp:attachment":[{"href":"https:\/\/www.lasrosas.com.ar\/portal\/wp-json\/wp\/v2\/media?parent=72713"}],"wp:term":[{"taxonomy":"category","embeddable":true,"href":"https:\/\/www.lasrosas.com.ar\/portal\/wp-json\/wp\/v2\/categories?post=72713"},{"taxonomy":"post_tag","embeddable":true,"href":"https:\/\/www.lasrosas.com.ar\/portal\/wp-json\/wp\/v2\/tags?post=72713"}],"curies":[{"name":"wp","href":"https:\/\/api.w.org\/{rel}","templated":true}]}}