{"id":72609,"date":"2023-11-02T17:19:42","date_gmt":"2023-11-02T20:19:42","guid":{"rendered":"https:\/\/www.lasrosas.com.ar\/portal\/?p=72609"},"modified":"2023-11-02T17:19:45","modified_gmt":"2023-11-02T20:19:45","slug":"el-evento-mas-esperado-el-crossover-de-la-franquicia-fbi-llega-a-universal-tv","status":"publish","type":"post","link":"https:\/\/www.lasrosas.com.ar\/portal\/el-evento-mas-esperado-el-crossover-de-la-franquicia-fbi-llega-a-universal-tv\/","title":{"rendered":"EL EVENTO M\u00c1S ESPERADO: EL\u00a0CROSSOVER\u00a0DE LA FRANQUICIA FBI LLEGA A UNIVERSAL TV"},"content":{"rendered":"\n<p><em>Los equipos de FBI International<\/em><em>, FBI<\/em><em>\u00a0y FBI\u00a0<\/em><em>Most<\/em><em>Wanted<\/em><em>\u00a0vuelven a\u00a0<\/em><em>un<\/em><em>ir<\/em><em>\u00a0fuerzas en un nuevo\u00a0<\/em><em>crossover<\/em><em>de<\/em><em>\u00a0<\/em><em>tres\u00a0<\/em><em>adrenal\u00ednicas\u00a0<\/em><em>horas de alto\u00a0<\/em><em>voltaje<\/em><em>\u00a0y\u00a0<\/em><em>pura<\/em><em>acci\u00f3n<\/em><em>.<\/em><\/p>\n\n\n\n<p>El pr\u00f3ximo\u00a003 de noviembre a partir de las 9pm LATAM, la franquicia FBI tendr\u00e1 un nuevo cruce de historias por Universal TV. Los miembros\u00a0de las\u00a0fuerzas especiales, surgidas de la factor\u00eda de Dick Wolf, volver\u00e1n a verse las caras e idear en conjunto la manera de combatir una despiadada amenaza que buscar\u00e1 atentar contra la integridad de quien juraron proteger.<\/p>\n\n\n\n<figure class=\"wp-block-gallery has-nested-images columns-default is-cropped wp-block-gallery-1 is-layout-flex wp-block-gallery-is-layout-flex\">\n<figure class=\"wp-block-image size-large\"><img decoding=\"async\" width=\"800\" height=\"450\" data-id=\"72610\" data-src=\"https:\/\/www.lasrosas.com.ar\/portal\/wp-content\/uploads\/IMG_9130.jpeg\" alt=\"\" class=\"wp-image-72610 lazyload\" src=\"data:image\/svg+xml;base64,PHN2ZyB3aWR0aD0iMSIgaGVpZ2h0PSIxIiB4bWxucz0iaHR0cDovL3d3dy53My5vcmcvMjAwMC9zdmciPjwvc3ZnPg==\" style=\"--smush-placeholder-width: 800px; --smush-placeholder-aspect-ratio: 800\/450;\" \/><\/figure>\n\n\n\n<figure class=\"wp-block-image size-large\"><img decoding=\"async\" width=\"800\" height=\"534\" data-id=\"72611\" data-src=\"https:\/\/www.lasrosas.com.ar\/portal\/wp-content\/uploads\/IMG_9132.jpeg\" alt=\"\" class=\"wp-image-72611 lazyload\" src=\"data:image\/svg+xml;base64,PHN2ZyB3aWR0aD0iMSIgaGVpZ2h0PSIxIiB4bWxucz0iaHR0cDovL3d3dy53My5vcmcvMjAwMC9zdmciPjwvc3ZnPg==\" style=\"--smush-placeholder-width: 800px; --smush-placeholder-aspect-ratio: 800\/534;\" \/><\/figure>\n\n\n\n<figure class=\"wp-block-image size-large\"><img decoding=\"async\" width=\"800\" height=\"533\" data-id=\"72612\" data-src=\"https:\/\/www.lasrosas.com.ar\/portal\/wp-content\/uploads\/IMG_9131.jpeg\" alt=\"\" class=\"wp-image-72612 lazyload\" src=\"data:image\/svg+xml;base64,PHN2ZyB3aWR0aD0iMSIgaGVpZ2h0PSIxIiB4bWxucz0iaHR0cDovL3d3dy53My5vcmcvMjAwMC9zdmciPjwvc3ZnPg==\" style=\"--smush-placeholder-width: 800px; --smush-placeholder-aspect-ratio: 800\/533;\" \/><\/figure>\n<\/figure>\n\n\n\n<p><strong>\u201cPeligro Inminente\u201d\u00a0<em>(Imminent\u00a0Threat)<\/em><\/strong>, ser\u00e1 el episodio que re\u00fana a los\u00a0tres\u00a0intr\u00e9pidos\u00a0equipos\u00a0de la agencia federal de investigaci\u00f3n e inteligencia. Juntos buscar\u00e1n resolver el peligro que se esconde detr\u00e1s del\u00a0secuestro de un ciudadano estadounidense en Roma,el cual revelar\u00e1\u00a0un complot\u00a0internacional para llevar a cabo un ataque terrorista\u00a0que buscar\u00e1 dejar numerosasv\u00edctimas en la ciudad de Nueva York.\u00a0<strong><em><br>\u00a1No\u00a0te pierdas\u00a0el evento televisivo del a\u00f1o:\u00a0el\u00a0crossover\u00a0de FBI llega el pr\u00f3ximo 03 de noviembre\u00a0a\u00a0partir de las\u00a09pm LATAM,<\/em><\/strong> <strong><em>s\u00f3lo y en exclusiva\u00a0por Universal TV!<\/em><\/strong><\/p>\n<!-- AddThis Advanced Settings generic via filter on the_content --><!-- AddThis Share Buttons generic via filter on the_content -->","protected":false},"excerpt":{"rendered":"<p>Los equipos de FBI International, FBI\u00a0y FBI\u00a0MostWanted\u00a0vuelven a\u00a0unir\u00a0fuerzas en un nuevo\u00a0crossoverde\u00a0tres\u00a0adrenal\u00ednicas\u00a0horas de alto\u00a0voltaje\u00a0y\u00a0puraacci\u00f3n. El pr\u00f3ximo\u00a003 de noviembre a partir de las 9pm LATAM, la franquicia FBI tendr\u00e1 un nuevo cruce de historias por Universal TV. Los miembros\u00a0de las\u00a0fuerzas especiales, surgidas de la factor\u00eda de Dick Wolf, volver\u00e1n a verse las caras e idear en conjunto [&hellip;]<!-- AddThis Advanced Settings generic via filter on get_the_excerpt --><!-- AddThis Share Buttons generic via filter on get_the_excerpt --><\/p>\n","protected":false},"author":6,"featured_media":72613,"comment_status":"closed","ping_status":"open","sticky":false,"template":"","format":"standard","meta":{"_acf_changed":false,"om_disable_all_campaigns":false,"_monsterinsights_skip_tracking":false,"_monsterinsights_sitenote_active":false,"_monsterinsights_sitenote_note":"","_monsterinsights_sitenote_category":0,"_uf_show_specific_survey":0,"_uf_disable_surveys":false,"footnotes":""},"categories":[100],"tags":[],"class_list":["post-72609","post","type-post","status-publish","format-standard","has-post-thumbnail","hentry","category-noticias"],"acf":[],"aioseo_notices":[],"_links":{"self":[{"href":"https:\/\/www.lasrosas.com.ar\/portal\/wp-json\/wp\/v2\/posts\/72609","targetHints":{"allow":["GET"]}}],"collection":[{"href":"https:\/\/www.lasrosas.com.ar\/portal\/wp-json\/wp\/v2\/posts"}],"about":[{"href":"https:\/\/www.lasrosas.com.ar\/portal\/wp-json\/wp\/v2\/types\/post"}],"author":[{"embeddable":true,"href":"https:\/\/www.lasrosas.com.ar\/portal\/wp-json\/wp\/v2\/users\/6"}],"replies":[{"embeddable":true,"href":"https:\/\/www.lasrosas.com.ar\/portal\/wp-json\/wp\/v2\/comments?post=72609"}],"version-history":[{"count":1,"href":"https:\/\/www.lasrosas.com.ar\/portal\/wp-json\/wp\/v2\/posts\/72609\/revisions"}],"predecessor-version":[{"id":72614,"href":"https:\/\/www.lasrosas.com.ar\/portal\/wp-json\/wp\/v2\/posts\/72609\/revisions\/72614"}],"wp:featuredmedia":[{"embeddable":true,"href":"https:\/\/www.lasrosas.com.ar\/portal\/wp-json\/wp\/v2\/media\/72613"}],"wp:attachment":[{"href":"https:\/\/www.lasrosas.com.ar\/portal\/wp-json\/wp\/v2\/media?parent=72609"}],"wp:term":[{"taxonomy":"category","embeddable":true,"href":"https:\/\/www.lasrosas.com.ar\/portal\/wp-json\/wp\/v2\/categories?post=72609"},{"taxonomy":"post_tag","embeddable":true,"href":"https:\/\/www.lasrosas.com.ar\/portal\/wp-json\/wp\/v2\/tags?post=72609"}],"curies":[{"name":"wp","href":"https:\/\/api.w.org\/{rel}","templated":true}]}}