{"id":72546,"date":"2023-11-02T17:54:19","date_gmt":"2023-11-02T20:54:19","guid":{"rendered":"https:\/\/www.lasrosas.com.ar\/portal\/?p=72546"},"modified":"2023-12-14T15:31:19","modified_gmt":"2023-12-14T18:31:19","slug":"juna-viale-en-una-entrevista-exclusiva","status":"publish","type":"post","link":"https:\/\/www.lasrosas.com.ar\/portal\/juna-viale-en-una-entrevista-exclusiva\/","title":{"rendered":"JUANA VIALE EN UNA ENTREVISTA EXCLUSIVA"},"content":{"rendered":"\n<p><strong>Juana Viale<\/strong>\u00a0volvi\u00f3 con sus almuerzos. El nuevo ciclo tuvo a la nieta de la Chiqui imponiendo su estilo desde el vamos. Juana brill\u00f3 en su vuelta y nosotros hablamos con ella en una entrevista exclusiva.<\/p>\n\n\n\n<p><br>Los famosos almuerzos con Juana hicieron su debut en la pantalla del Canal 13. Nos gustar\u00eda conocer c\u00f3mo afrontaste inicialmente este desaf\u00edo de ocupar esa silla, considerando la destacada trayectoria que tiene el programa.<\/p>\n\n\n\n<p>Cuando se present\u00f3 la situaci\u00f3n, no fue algo que hubi\u00e9ramos anticipado, ya que coincidi\u00f3 con el inicio de la pandemia. Mi abuela hab\u00eda comenzado el programa y creo que hab\u00eda completado uno o dos fines de semana, no estoy segura, pero fue justo cuando Alberto decret\u00f3 la cuarentena obligatoria. Fue en ese momento cuando asum\u00ed el compromiso, y dado que todo estaba vinculado a las declaraciones de nuestro presidente, quien mencionaba inicialmente que la cuarentena ser\u00eda cada 15 d\u00edas, inicialmente pens\u00e9 que estar\u00eda involucrada por un per\u00edodo corto, tal vez dos fines de semana. Sin embargo, algunos se enamoraron de la cuarentena y estuvimos casi nueve meses, entonces se extendi\u00f3, con lo cual me vi yo como en esta situaci\u00f3n de empezar algo que no estaba previsto ni planificado.<\/p>\n\n\n\n<figure class=\"wp-block-image size-large\"><img decoding=\"async\" width=\"1920\" height=\"1282\" data-src=\"https:\/\/www.lasrosas.com.ar\/portal\/wp-content\/uploads\/Malcolm_MacGibbon-45-1920x1282.jpg\" alt=\"\" class=\"wp-image-72547 lazyload\" data-srcset=\"https:\/\/www.lasrosas.com.ar\/portal\/wp-content\/uploads\/\/Malcolm_MacGibbon-45-1920x1282.jpg 1920w, https:\/\/www.lasrosas.com.ar\/portal\/wp-content\/uploads\/\/Malcolm_MacGibbon-45-960x641.jpg 960w, https:\/\/www.lasrosas.com.ar\/portal\/wp-content\/uploads\/\/Malcolm_MacGibbon-45-1536x1025.jpg 1536w, https:\/\/www.lasrosas.com.ar\/portal\/wp-content\/uploads\/\/Malcolm_MacGibbon-45-scaled.jpg 2048w\" data-sizes=\"(max-width: 1920px) 100vw, 1920px\" src=\"data:image\/svg+xml;base64,PHN2ZyB3aWR0aD0iMSIgaGVpZ2h0PSIxIiB4bWxucz0iaHR0cDovL3d3dy53My5vcmcvMjAwMC9zdmciPjwvc3ZnPg==\" style=\"--smush-placeholder-width: 1920px; --smush-placeholder-aspect-ratio: 1920\/1282;\" \/><\/figure>\n\n\n\n<p><br><strong>\u00bfCu\u00e1ndo vos empezaste a formar parte del programa te gustaba, te sent\u00edas inc\u00f3moda, quer\u00edas escapar? \u00bfA qu\u00e9 te aferraste como para poder mantenerlo?<\/strong><br><br>Inicialmente, experiment\u00e9 cierta incomodidad debido a mi falta de familiaridad con la din\u00e1mica, ya que no era mi especialidad y no estaba totalmente al tanto de c\u00f3mo conducir una mesa con invitados, abordando temas delicados. Adem\u00e1s, se trataba de situaciones enfocadas en un contexto y realidad que nos afectaba a todos, en el que nadie ten\u00eda un conocimiento profundo. Sin embargo, con el tiempo, la experiencia se volvi\u00f3 m\u00e1s amena a medida que aprend\u00eda a diferenciar las mesas de los s\u00e1bados de las de los domingos. Con cada paso, logr\u00e9 a\u00f1adirle un toque m\u00e1s personal y divertido a la din\u00e1mica.<br><br>Actualmente, podemos apreciar en la pantalla que has desarrollado un estilo propio, claramente distinguible de la mesa de Mirtha, lo cual es muy positivo. <strong>\u00bfC\u00f3mo te sentis hoy al llevar a cabo el programa?<\/strong><\/p>\n\n\n\n<p>Me siento feliz de que tenga continuidad, porque tambi\u00e9n es gracias al p\u00fablico que uno puede estar, \u00bfno? Entonces, creo que hay una aceptaci\u00f3n de parte del otro lado de la pantalla, que est\u00e1 buen\u00edsimo, y a mi me entusiasma, me divierte, me agrada, me llena de felicidad, creo que es un formato tan cl\u00e1sico y tan vigente as\u00ed que me genera felicidad pura.<\/p>\n\n\n\n<figure class=\"wp-block-gallery has-nested-images columns-default is-cropped wp-block-gallery-1 is-layout-flex wp-block-gallery-is-layout-flex\">\n<figure class=\"wp-block-image size-large\"><img decoding=\"async\" width=\"1280\" height=\"1920\" data-id=\"72549\" data-src=\"https:\/\/www.lasrosas.com.ar\/portal\/wp-content\/uploads\/Malcolm_MacGibbon-7-1280x1920.jpg\" alt=\"\" class=\"wp-image-72549 lazyload\" data-srcset=\"https:\/\/www.lasrosas.com.ar\/portal\/wp-content\/uploads\/\/Malcolm_MacGibbon-7-1280x1920.jpg 1280w, https:\/\/www.lasrosas.com.ar\/portal\/wp-content\/uploads\/\/Malcolm_MacGibbon-7-640x960.jpg 640w, https:\/\/www.lasrosas.com.ar\/portal\/wp-content\/uploads\/\/Malcolm_MacGibbon-7-1024x1536.jpg 1024w, https:\/\/www.lasrosas.com.ar\/portal\/wp-content\/uploads\/\/Malcolm_MacGibbon-7-scaled.jpg 1365w\" data-sizes=\"(max-width: 1280px) 100vw, 1280px\" src=\"data:image\/svg+xml;base64,PHN2ZyB3aWR0aD0iMSIgaGVpZ2h0PSIxIiB4bWxucz0iaHR0cDovL3d3dy53My5vcmcvMjAwMC9zdmciPjwvc3ZnPg==\" style=\"--smush-placeholder-width: 1280px; --smush-placeholder-aspect-ratio: 1280\/1920;\" \/><\/figure>\n\n\n\n<figure class=\"wp-block-image size-large\"><img decoding=\"async\" width=\"1282\" height=\"1920\" data-id=\"72548\" data-src=\"https:\/\/www.lasrosas.com.ar\/portal\/wp-content\/uploads\/Malcolm_MacGibbon-34-1282x1920.jpg\" alt=\"\" class=\"wp-image-72548 lazyload\" data-srcset=\"https:\/\/www.lasrosas.com.ar\/portal\/wp-content\/uploads\/\/Malcolm_MacGibbon-34-1282x1920.jpg 1282w, https:\/\/www.lasrosas.com.ar\/portal\/wp-content\/uploads\/\/Malcolm_MacGibbon-34-641x960.jpg 641w, https:\/\/www.lasrosas.com.ar\/portal\/wp-content\/uploads\/\/Malcolm_MacGibbon-34-1025x1536.jpg 1025w, https:\/\/www.lasrosas.com.ar\/portal\/wp-content\/uploads\/\/Malcolm_MacGibbon-34-scaled.jpg 1367w\" data-sizes=\"(max-width: 1282px) 100vw, 1282px\" src=\"data:image\/svg+xml;base64,PHN2ZyB3aWR0aD0iMSIgaGVpZ2h0PSIxIiB4bWxucz0iaHR0cDovL3d3dy53My5vcmcvMjAwMC9zdmciPjwvc3ZnPg==\" style=\"--smush-placeholder-width: 1282px; --smush-placeholder-aspect-ratio: 1282\/1920;\" \/><\/figure>\n<\/figure>\n\n\n\n<p>Dado que ven\u00eds de una familia con una fuerte influencia art\u00edstica y vinculada al mundo del espect\u00e1culo, <strong>\u00bfencontr\u00e1s inspiraci\u00f3n tanto en tu abuela como en tu mam\u00e1? \u00bfIdentificas ciertos aspectos de ellas en tu forma de llevar a cabo entrevistas?<\/strong><br><br>No, no soy mucho de tomar como referentes, si es interesante c\u00f3mo lo hacen, \u00bfno? Mi madre, mi abuela y mismo otro tipo de entrevistadores. Pero lo que hago yo es sentarme y disfrutar el momento. A m\u00ed me parece muy importante poder disfrutar donde estoy y con qui\u00e9n estoy.<br><\/p>\n\n\n\n<p><strong>Tambi\u00e9n has mencionado que te distingu\u00eds de tu abuela al porque prefer\u00eds mantener una conversaci\u00f3n fluida con el otro, destacando la importancia de dialogar m\u00e1s all\u00e1 de simplemente hacer preguntas y repreguntas.<\/strong><br><br>S\u00ed, yo creo que es un poco eso y tambi\u00e9n yo creo que los invitados cuando van a la mesa de mi abuela, friquean, muchos asustan. Entonces contestan lo que tiene que contestar y ya est\u00e1.<br>Somos de estilos diferentes y a veces la abuela es un poco m\u00e1s incisiva o hace unas preguntas que deja a todos con la boca abierta o boca cerrada directamente. <br>Pero s\u00ed, yo creo que voy m\u00e1s por lo que es el di\u00e1logo, muchas veces preguntar cosas puntuales, pero s\u00ed.<\/p>\n\n\n\n<figure class=\"wp-block-gallery has-nested-images columns-default is-cropped wp-block-gallery-2 is-layout-flex wp-block-gallery-is-layout-flex\">\n<figure class=\"wp-block-image size-large\"><img decoding=\"async\" width=\"1282\" height=\"1920\" data-id=\"72552\" data-src=\"https:\/\/www.lasrosas.com.ar\/portal\/wp-content\/uploads\/Malcolm_MacGibbon-38-1282x1920.jpg\" alt=\"\" class=\"wp-image-72552 lazyload\" data-srcset=\"https:\/\/www.lasrosas.com.ar\/portal\/wp-content\/uploads\/\/Malcolm_MacGibbon-38-1282x1920.jpg 1282w, https:\/\/www.lasrosas.com.ar\/portal\/wp-content\/uploads\/\/Malcolm_MacGibbon-38-641x960.jpg 641w, https:\/\/www.lasrosas.com.ar\/portal\/wp-content\/uploads\/\/Malcolm_MacGibbon-38-1025x1536.jpg 1025w, https:\/\/www.lasrosas.com.ar\/portal\/wp-content\/uploads\/\/Malcolm_MacGibbon-38-scaled.jpg 1367w\" data-sizes=\"(max-width: 1282px) 100vw, 1282px\" src=\"data:image\/svg+xml;base64,PHN2ZyB3aWR0aD0iMSIgaGVpZ2h0PSIxIiB4bWxucz0iaHR0cDovL3d3dy53My5vcmcvMjAwMC9zdmciPjwvc3ZnPg==\" style=\"--smush-placeholder-width: 1282px; --smush-placeholder-aspect-ratio: 1282\/1920;\" \/><\/figure>\n\n\n\n<figure class=\"wp-block-image size-large\"><img decoding=\"async\" width=\"1282\" height=\"1920\" data-id=\"72553\" data-src=\"https:\/\/www.lasrosas.com.ar\/portal\/wp-content\/uploads\/Malcolm_MacGibbon-33-1282x1920.jpg\" alt=\"\" class=\"wp-image-72553 lazyload\" data-srcset=\"https:\/\/www.lasrosas.com.ar\/portal\/wp-content\/uploads\/\/Malcolm_MacGibbon-33-1282x1920.jpg 1282w, https:\/\/www.lasrosas.com.ar\/portal\/wp-content\/uploads\/\/Malcolm_MacGibbon-33-641x960.jpg 641w, https:\/\/www.lasrosas.com.ar\/portal\/wp-content\/uploads\/\/Malcolm_MacGibbon-33-1025x1536.jpg 1025w, https:\/\/www.lasrosas.com.ar\/portal\/wp-content\/uploads\/\/Malcolm_MacGibbon-33-scaled.jpg 1367w\" data-sizes=\"(max-width: 1282px) 100vw, 1282px\" src=\"data:image\/svg+xml;base64,PHN2ZyB3aWR0aD0iMSIgaGVpZ2h0PSIxIiB4bWxucz0iaHR0cDovL3d3dy53My5vcmcvMjAwMC9zdmciPjwvc3ZnPg==\" style=\"--smush-placeholder-width: 1282px; --smush-placeholder-aspect-ratio: 1282\/1920;\" \/><\/figure>\n<\/figure>\n\n\n\n<p>Hablando de tu abuela, nos gustar\u00eda explorar un poco m\u00e1s sobre esto en relaci\u00f3n con el formato del programa que est\u00e1s liderando. En la promoci\u00f3n del programa del Canal 13, donde anticipan el regreso de Juana con la conducci\u00f3n de los almuerzos, hay un fragmento en el que est\u00e1s en una llamada telef\u00f3nica con Mirtha. Ella te dice: \u00abEstoy orgullosa de vos, Juana. Est\u00e1s muy suelta, muy encantadora, sal\u00eds divina\u00bb. <strong>\u00bfSent\u00eds que, de alguna manera, tu abuela est\u00e1 orgullosa de que est\u00e9s llevando adelante este proyecto que naci\u00f3 hace 50 a\u00f1os?<\/strong><\/p>\n\n\n\n<p>S\u00ed, yo creo que yo soy muy fan de ella y que ella se volvi\u00f3 muy fan m\u00eda y creo que es algo muy lindo de que tambi\u00e9n sea todo muy familiar, porque mi hermano, que tambi\u00e9n est\u00e1 en Storylab, que es la productora que lleva adelante el programa de mi abuela, est\u00e1 ah\u00ed metido que tambi\u00e9n era un rol que ocupaba mi abuelo. Entonces es como algo muy lindo de poder experimentar, de que est\u00e9 todo vinculado, pero al final somos todos tan profesionales que no nos metemos en el laburo de cada uno y que haya salido bien despu\u00e9s de cuatro a\u00f1os y que tenga continuidad y que el p\u00fablico siga eligiendo, es algo con lo que yo me siento feliz y por ah\u00ed de eso mi abuela se siente orgullosa.<\/p>\n\n\n\n<figure class=\"wp-block-gallery has-nested-images columns-default is-cropped wp-block-gallery-3 is-layout-flex wp-block-gallery-is-layout-flex\">\n<figure class=\"wp-block-image size-large\"><img decoding=\"async\" width=\"1920\" height=\"1280\" data-id=\"72550\" data-src=\"https:\/\/www.lasrosas.com.ar\/portal\/wp-content\/uploads\/Malcolm_MacGibbon-14-1920x1280.jpg\" alt=\"\" class=\"wp-image-72550 lazyload\" data-srcset=\"https:\/\/www.lasrosas.com.ar\/portal\/wp-content\/uploads\/\/Malcolm_MacGibbon-14-1920x1280.jpg 1920w, https:\/\/www.lasrosas.com.ar\/portal\/wp-content\/uploads\/\/Malcolm_MacGibbon-14-960x640.jpg 960w, https:\/\/www.lasrosas.com.ar\/portal\/wp-content\/uploads\/\/Malcolm_MacGibbon-14-1536x1024.jpg 1536w, https:\/\/www.lasrosas.com.ar\/portal\/wp-content\/uploads\/\/Malcolm_MacGibbon-14-scaled.jpg 2048w\" data-sizes=\"(max-width: 1920px) 100vw, 1920px\" src=\"data:image\/svg+xml;base64,PHN2ZyB3aWR0aD0iMSIgaGVpZ2h0PSIxIiB4bWxucz0iaHR0cDovL3d3dy53My5vcmcvMjAwMC9zdmciPjwvc3ZnPg==\" style=\"--smush-placeholder-width: 1920px; --smush-placeholder-aspect-ratio: 1920\/1280;\" \/><\/figure>\n<\/figure>\n\n\n\n<p><br>Felicitaciones por la continuidad de este proyecto, que venga con todos los \u00e9xitos. <strong>\u00bfVamos a ver algo distinto en esta ocasi\u00f3n?<\/strong><\/p>\n\n\n\n<p>No, creo que va a ser un poco m\u00e1s de continuar lo ya conocido y me van a ver a mi los domingos. Y tambi\u00e9n me van a ver a mi siendo tapa de la revista Las Rosas!<\/p>\n\n\n\n<figure class=\"wp-block-image size-large\"><img decoding=\"async\" width=\"1920\" height=\"1280\" data-src=\"https:\/\/www.lasrosas.com.ar\/portal\/wp-content\/uploads\/Malcolm_MacGibbon-27-1-1920x1280.jpg\" alt=\"\" class=\"wp-image-72551 lazyload\" data-srcset=\"https:\/\/www.lasrosas.com.ar\/portal\/wp-content\/uploads\/\/Malcolm_MacGibbon-27-1-1920x1280.jpg 1920w, https:\/\/www.lasrosas.com.ar\/portal\/wp-content\/uploads\/\/Malcolm_MacGibbon-27-1-960x640.jpg 960w, https:\/\/www.lasrosas.com.ar\/portal\/wp-content\/uploads\/\/Malcolm_MacGibbon-27-1-1536x1024.jpg 1536w, https:\/\/www.lasrosas.com.ar\/portal\/wp-content\/uploads\/\/Malcolm_MacGibbon-27-1-scaled.jpg 2048w\" data-sizes=\"(max-width: 1920px) 100vw, 1920px\" src=\"data:image\/svg+xml;base64,PHN2ZyB3aWR0aD0iMSIgaGVpZ2h0PSIxIiB4bWxucz0iaHR0cDovL3d3dy53My5vcmcvMjAwMC9zdmciPjwvc3ZnPg==\" style=\"--smush-placeholder-width: 1920px; --smush-placeholder-aspect-ratio: 1920\/1280;\" \/><\/figure>\n\n\n\n<p><strong>Cr\u00e9ditos:<\/strong><\/p>\n\n\n\n<p>Soy Prensa: @soy.prensa<\/p>\n<!-- AddThis Advanced Settings generic via filter on the_content --><!-- AddThis Share Buttons generic via filter on the_content -->","protected":false},"excerpt":{"rendered":"<p>Juana Viale\u00a0volvi\u00f3 con sus almuerzos. El nuevo ciclo tuvo a la nieta de la Chiqui imponiendo su estilo desde el vamos. Juana brill\u00f3 en su vuelta y nosotros hablamos con ella en una entrevista exclusiva. Los famosos almuerzos con Juana hicieron su debut en la pantalla del Canal 13. Nos gustar\u00eda conocer c\u00f3mo afrontaste inicialmente [&hellip;]<!-- AddThis Advanced Settings generic via filter on get_the_excerpt --><!-- AddThis Share Buttons generic via filter on get_the_excerpt --><\/p>\n","protected":false},"author":6,"featured_media":72556,"comment_status":"closed","ping_status":"open","sticky":false,"template":"","format":"standard","meta":{"_acf_changed":false,"om_disable_all_campaigns":false,"_monsterinsights_skip_tracking":false,"_monsterinsights_sitenote_active":false,"_monsterinsights_sitenote_note":"","_monsterinsights_sitenote_category":0,"_uf_show_specific_survey":0,"_uf_disable_surveys":false,"footnotes":""},"categories":[236,29,100,38],"tags":[],"class_list":["post-72546","post","type-post","status-publish","format-standard","has-post-thumbnail","hentry","category-cover-tapa","category-revista","category-noticias","category-entrevistas"],"acf":[],"aioseo_notices":[],"_links":{"self":[{"href":"https:\/\/www.lasrosas.com.ar\/portal\/wp-json\/wp\/v2\/posts\/72546","targetHints":{"allow":["GET"]}}],"collection":[{"href":"https:\/\/www.lasrosas.com.ar\/portal\/wp-json\/wp\/v2\/posts"}],"about":[{"href":"https:\/\/www.lasrosas.com.ar\/portal\/wp-json\/wp\/v2\/types\/post"}],"author":[{"embeddable":true,"href":"https:\/\/www.lasrosas.com.ar\/portal\/wp-json\/wp\/v2\/users\/6"}],"replies":[{"embeddable":true,"href":"https:\/\/www.lasrosas.com.ar\/portal\/wp-json\/wp\/v2\/comments?post=72546"}],"version-history":[{"count":8,"href":"https:\/\/www.lasrosas.com.ar\/portal\/wp-json\/wp\/v2\/posts\/72546\/revisions"}],"predecessor-version":[{"id":73850,"href":"https:\/\/www.lasrosas.com.ar\/portal\/wp-json\/wp\/v2\/posts\/72546\/revisions\/73850"}],"wp:featuredmedia":[{"embeddable":true,"href":"https:\/\/www.lasrosas.com.ar\/portal\/wp-json\/wp\/v2\/media\/72556"}],"wp:attachment":[{"href":"https:\/\/www.lasrosas.com.ar\/portal\/wp-json\/wp\/v2\/media?parent=72546"}],"wp:term":[{"taxonomy":"category","embeddable":true,"href":"https:\/\/www.lasrosas.com.ar\/portal\/wp-json\/wp\/v2\/categories?post=72546"},{"taxonomy":"post_tag","embeddable":true,"href":"https:\/\/www.lasrosas.com.ar\/portal\/wp-json\/wp\/v2\/tags?post=72546"}],"curies":[{"name":"wp","href":"https:\/\/api.w.org\/{rel}","templated":true}]}}