{"id":72519,"date":"2023-10-30T16:04:36","date_gmt":"2023-10-30T19:04:36","guid":{"rendered":"https:\/\/www.lasrosas.com.ar\/portal\/?p=72519"},"modified":"2023-10-30T16:05:19","modified_gmt":"2023-10-30T19:05:19","slug":"bossi-teoria-de-la-involucion-el-nuevo-big-show-del-talentoso-artista-argentino-martin-bossi","status":"publish","type":"post","link":"https:\/\/www.lasrosas.com.ar\/portal\/bossi-teoria-de-la-involucion-el-nuevo-big-show-del-talentoso-artista-argentino-martin-bossi\/","title":{"rendered":"\u201cBOSSI \u2013 TEOR\u00cdA DE LA INVOLUCI\u00d3N\u201d EL NUEVO BIG SHOW DEL TALENTOSO ARTISTA ARGENTINO MART\u00cdN\u00a0BOSSI"},"content":{"rendered":"\n<p><strong><br>CREADO ESPECIALMENTE PARA PRIME VIDEO, SE ESTRENA MUNDIALMENTE EL PR\u00d3XIMO 1 DE NOVIEMBRE<\/strong><\/p>\n\n\n\n<p>El showman argentino\u00a0<strong>Mart\u00cdn Bossi\u00a0<\/strong>es uno de los artistas m\u00e1s reconocidos y queridos\u00a0de nuestro pa\u00eds, agotando todas las funciones donde se presenta tanto en Argentina como en el mundo, el pasado 20 de Octubre arranc\u00f3 su gira internacional en Montevideo, a sala llena y dando inicio a la gira que lo llevar\u00e1 por Miami, Dublin, Londres, Sevilla, Valencia, Alicante, Mallorca, Bilbao y finalizando en Madrid.\u00a0<\/p>\n\n\n\n<figure class=\"wp-block-image size-large\"><img decoding=\"async\" width=\"1920\" height=\"1080\" data-src=\"https:\/\/www.lasrosas.com.ar\/portal\/wp-content\/uploads\/MartinBossi_Still_5-1-1920x1080.jpg\" alt=\"\" class=\"wp-image-72522 lazyload\" data-srcset=\"https:\/\/www.lasrosas.com.ar\/portal\/wp-content\/uploads\/\/MartinBossi_Still_5-1-1920x1080.jpg 1920w, https:\/\/www.lasrosas.com.ar\/portal\/wp-content\/uploads\/\/MartinBossi_Still_5-1-960x540.jpg 960w, https:\/\/www.lasrosas.com.ar\/portal\/wp-content\/uploads\/\/MartinBossi_Still_5-1-1536x864.jpg 1536w, https:\/\/www.lasrosas.com.ar\/portal\/wp-content\/uploads\/\/MartinBossi_Still_5-1-scaled.jpg 2048w\" data-sizes=\"(max-width: 1920px) 100vw, 1920px\" src=\"data:image\/svg+xml;base64,PHN2ZyB3aWR0aD0iMSIgaGVpZ2h0PSIxIiB4bWxucz0iaHR0cDovL3d3dy53My5vcmcvMjAwMC9zdmciPjwvc3ZnPg==\" style=\"--smush-placeholder-width: 1920px; --smush-placeholder-aspect-ratio: 1920\/1080;\" \/><\/figure>\n\n\n\n<p>El pr\u00f3ximo&nbsp;1 de noviembre&nbsp;Mart\u00edn estrena&nbsp;la producci\u00f3n audiovisual realizada para&nbsp;<strong>PRIME VIDEO&nbsp;<\/strong>de un show exclusivo:&nbsp;<strong>\u201cTEOR\u00cdA DE LA INVOLUCI\u00d3N\u201d<\/strong>, un big show de humor, m\u00fasica y parodias como s\u00f3lo el multifac\u00e9tico artista puede lograrlo, escrito, dirigido y protagonizado por \u00e9ste, y que contar\u00e1 con estreno simult\u00e1neo en todo el mundo en la mencionada plataforma a partir del pr\u00f3ximo 1 de noviembre de 2023.<\/p>\n\n\n\n<p>\u201cBOSSI &#8211; TEOR\u00cdA DE LA INVOLUCI\u00d3N\u201d fue producido en el imponente teatro ASTRAL de la famosa CALLE CORRIENTES en BUENOS AIRES, durante el cual el artista, junto a una banda en vivo, despliega todo su talento en un espect\u00e1culo \u00fanico,fusionando distintos g\u00e9neros para invitarnos a re\u00edr y reflexionar junto a \u00e9l si no es posible concluir que, en algunos aspectos, hemos involucionado con los cambios que trajeron los nuevos tiempos, siempre en un gui\u00f1o ir\u00f3nico con la audiencia para crear humor de la realidad que nos rodea.<\/p>\n\n\n\n<figure class=\"wp-block-image size-full\"><img decoding=\"async\" width=\"1600\" height=\"1600\" data-src=\"https:\/\/www.lasrosas.com.ar\/portal\/wp-content\/uploads\/unnamed-142.jpg\" alt=\"\" class=\"wp-image-72520 lazyload\" data-srcset=\"https:\/\/www.lasrosas.com.ar\/portal\/wp-content\/uploads\/\/unnamed-142.jpg 1600w, https:\/\/www.lasrosas.com.ar\/portal\/wp-content\/uploads\/\/unnamed-142-960x960.jpg 960w, https:\/\/www.lasrosas.com.ar\/portal\/wp-content\/uploads\/\/unnamed-142-1536x1536.jpg 1536w\" data-sizes=\"(max-width: 1600px) 100vw, 1600px\" src=\"data:image\/svg+xml;base64,PHN2ZyB3aWR0aD0iMSIgaGVpZ2h0PSIxIiB4bWxucz0iaHR0cDovL3d3dy53My5vcmcvMjAwMC9zdmciPjwvc3ZnPg==\" style=\"--smush-placeholder-width: 1600px; --smush-placeholder-aspect-ratio: 1600\/1600;\" \/><\/figure>\n\n\n\n<p>Durante un deslumbrante show de 65 minutos, el artista suma a una audiencia de 2.500 personas en vivo a un acto de rebeld\u00eda conjunta, para recuperar las viejas melod\u00edas, letras y rituales que han hecho enamorar a tantas generaciones.<\/p>\n\n\n\n<p>Este exclusivo SHOW de\u00a0<strong>MARTIN BOSSI<\/strong>\u00a0para\u00a0<strong>PRIME VIDEO<\/strong>, cuenta con Silvana DAngelo y Agust\u00edn F\u00e1bregues de GLOWSTAR MEDIA como PRODUCTORES EJECUTIVOS, Hern\u00e1n Minetti y Leonardo \u00c1lvarez de DIGITAL 1 como PRODUCTORES GENERALES, DIRECCI\u00d3N a cargo del talentoso Juli\u00e1n Zottola, as\u00ed como Federico Hoppe, Ezequiel Corbo, Luis Penna y Diego Djeredjian como PRODUCTORES TEATRALES del equipo de MART\u00cdN BOSSI, conformando junto con un destacado equipo t\u00e9cnico y creativo, un team de realizaci\u00f3n de m\u00e1s de 50 personas que han hecho posible este diferencial contenido que disfrutar\u00e1n los usuarios de PRIME VIDEO muy pronto y que los har\u00e1 asombrar, re\u00edr, y volverse a enamorar.<\/p>\n\n\n\n<p><\/p>\n<!-- AddThis Advanced Settings generic via filter on the_content --><!-- AddThis Share Buttons generic via filter on the_content -->","protected":false},"excerpt":{"rendered":"<p>CREADO ESPECIALMENTE PARA PRIME VIDEO, SE ESTRENA MUNDIALMENTE EL PR\u00d3XIMO 1 DE NOVIEMBRE El showman argentino\u00a0Mart\u00cdn Bossi\u00a0es uno de los artistas m\u00e1s reconocidos y queridos\u00a0de nuestro pa\u00eds, agotando todas las funciones donde se presenta tanto en Argentina como en el mundo, el pasado 20 de Octubre arranc\u00f3 su gira internacional en Montevideo, a sala llena [&hellip;]<!-- AddThis Advanced Settings generic via filter on get_the_excerpt --><!-- AddThis Share Buttons generic via filter on get_the_excerpt --><\/p>\n","protected":false},"author":6,"featured_media":72520,"comment_status":"closed","ping_status":"open","sticky":false,"template":"","format":"standard","meta":{"_acf_changed":false,"om_disable_all_campaigns":false,"_monsterinsights_skip_tracking":false,"_monsterinsights_sitenote_active":false,"_monsterinsights_sitenote_note":"","_monsterinsights_sitenote_category":0,"_uf_show_specific_survey":0,"_uf_disable_surveys":false,"footnotes":""},"categories":[100],"tags":[],"class_list":["post-72519","post","type-post","status-publish","format-standard","has-post-thumbnail","hentry","category-noticias"],"acf":[],"aioseo_notices":[],"_links":{"self":[{"href":"https:\/\/www.lasrosas.com.ar\/portal\/wp-json\/wp\/v2\/posts\/72519","targetHints":{"allow":["GET"]}}],"collection":[{"href":"https:\/\/www.lasrosas.com.ar\/portal\/wp-json\/wp\/v2\/posts"}],"about":[{"href":"https:\/\/www.lasrosas.com.ar\/portal\/wp-json\/wp\/v2\/types\/post"}],"author":[{"embeddable":true,"href":"https:\/\/www.lasrosas.com.ar\/portal\/wp-json\/wp\/v2\/users\/6"}],"replies":[{"embeddable":true,"href":"https:\/\/www.lasrosas.com.ar\/portal\/wp-json\/wp\/v2\/comments?post=72519"}],"version-history":[{"count":2,"href":"https:\/\/www.lasrosas.com.ar\/portal\/wp-json\/wp\/v2\/posts\/72519\/revisions"}],"predecessor-version":[{"id":72525,"href":"https:\/\/www.lasrosas.com.ar\/portal\/wp-json\/wp\/v2\/posts\/72519\/revisions\/72525"}],"wp:featuredmedia":[{"embeddable":true,"href":"https:\/\/www.lasrosas.com.ar\/portal\/wp-json\/wp\/v2\/media\/72520"}],"wp:attachment":[{"href":"https:\/\/www.lasrosas.com.ar\/portal\/wp-json\/wp\/v2\/media?parent=72519"}],"wp:term":[{"taxonomy":"category","embeddable":true,"href":"https:\/\/www.lasrosas.com.ar\/portal\/wp-json\/wp\/v2\/categories?post=72519"},{"taxonomy":"post_tag","embeddable":true,"href":"https:\/\/www.lasrosas.com.ar\/portal\/wp-json\/wp\/v2\/tags?post=72519"}],"curies":[{"name":"wp","href":"https:\/\/api.w.org\/{rel}","templated":true}]}}