{"id":72185,"date":"2023-10-18T13:16:17","date_gmt":"2023-10-18T16:16:17","guid":{"rendered":"https:\/\/www.lasrosas.com.ar\/portal\/?p=72185"},"modified":"2023-10-18T13:17:26","modified_gmt":"2023-10-18T16:17:26","slug":"america-rockstars-se-lanza-el-festival-para-toda-la-familia-en-la-rambla-de-montevideo","status":"publish","type":"post","link":"https:\/\/www.lasrosas.com.ar\/portal\/america-rockstars-se-lanza-el-festival-para-toda-la-familia-en-la-rambla-de-montevideo\/","title":{"rendered":"AMERICA ROCKSTARS: SE LANZA EL FESTIVAL PARA TODA LA FAMILIA EN LA RAMBLA DE MONTEVIDEO"},"content":{"rendered":"\n<p><em>El festival ser\u00e1 el 25 y 26 de noviembre y contar\u00e1 con figuras internacionales. Los detalles se anunciaron en una conferencia de prensa oficial.<\/em><\/p>\n\n\n\n<p><strong>America Rockstars 2023<\/strong> se realizar\u00e1 el <strong>25 y 26 de noviembre\u00a0 <\/strong>en<strong> La Rambla del Golf<\/strong> de Montevideo y contar\u00e1 con reconocidos artistas nacionales e internacionales. La 3era edici\u00f3n del exitoso festival que reunir\u00e1 a 50 mil personas, se lanz\u00f3 oficialmente en una conferencia de prensa encabezada por la<strong> Ing. Carolina Cosse, intendenta de Montevideo; Ignacio Gonz\u00e1lez Castro, productor general de America Rockstars, y Santiago Perincioli, vicepresidente de Paramount.<\/strong><\/p>\n\n\n\n<p>El encuentro tuvo lugar el pasado viernes al mediod\u00eda en la Torre II del World Trade Center Free Zone, donde se anunci\u00f3 quienes ser\u00e1n las principales figuras del festival que contin\u00faa posicion\u00e1ndose como el espect\u00e1culo m\u00e1s importante de Uruguay. Durante 2 d\u00edas enteros de entretenimiento, los asistentes tendr\u00e1n la oportunidad de disfrutar los shows en vivo de <strong>Abel Pintos, Lali Esp\u00f3sito, Tiago PZK, Milo J y Coti Sorokin, <\/strong>entre otros artistas de primer nivel. Adem\u00e1s, contar\u00e1 con la presentaci\u00f3n del conductor argentino <strong>Santiago Del Moro.<\/strong> Las entradas ya se encuentran a la venta a trav\u00e9s del sitio web: <a href=\"https:\/\/www.americarockstars.com.uy\/\"><strong>americanrockstars.com.uy<\/strong><\/a><strong>&nbsp;<\/strong><\/p>\n\n\n\n<p><strong>Gonz\u00e1lez Castro <\/strong>brind\u00f3 unas palabras de bienvenida y exclam\u00f3<strong>: <\/strong><em>\u201cEstamos&nbsp; trabajando fuertemente para la nueva edici\u00f3n de America Rockstars que reunir\u00e1 en un fin de semana a personalidades destacadas del mundo del entretenimiento, del cine y del deporte en una propuesta superadora. Ser\u00e1 un festival abierto para toda la familia que se podr\u00e1 disfrutar en Montevideo y en vivo en toda la regi\u00f3n a trav\u00e9s del streaming. Este a\u00f1o esperamos alcanzar el r\u00e9cord de 50 mil asistentes.\u201d<\/em><\/p>\n\n\n\n<p>Por su parte, <strong>Cosse, sostuvo que: <\/strong><em>\u201cDesde la intendencia tenemos el objetivo de promover, desarrollar y coordinar las actividades culturales que se lleven a cabo en la ciudad. Por ese motivo, rodeamos al festival de elementos de cuidado para que las familias puedan disfrutarlo al m\u00e1ximo.\u201d<\/em><strong><em>&nbsp;<\/em><\/strong><\/p>\n\n\n\n<p>Para finalizar, <strong>Pernicioli, dijo: <\/strong><em>\u201cEstamos muy felices de acompa\u00f1ar a America Rockstars en su tercera edici\u00f3n. Cuando Nacho -Gonz\u00e1lez Castro- nos cont\u00f3 acerca del proyecto, aceptamos en 30 segundos porque sentimos que es af\u00edn con nuestra propuesta, que es robusta y democr\u00e1tica, ya que cuenta con plataformas de pago y se\u00f1ales abiertas que buscan llegar a audiencias masivas\u201d.<\/em><\/p>\n\n\n\n<p>A diferencia de ediciones pasadas, este a\u00f1o America Rockstars se llevar\u00e1 a cabo en <strong>La Rambla del Golf de Montevideo<\/strong>, un locaci\u00f3n m\u00e1s grande y c\u00f3moda con nuevos puntos de acceso que brindaran mayor agilidad y rapidez en el ingreso.&nbsp;<\/p>\n\n\n\n<p>Adem\u00e1s de los shows musicales, el festival contar\u00e1 con un escenario especialmente destinado a la programaci\u00f3n de exclusivas entrevistas centradas en referentes de diversos \u00e1mbitos que compartir\u00e1n sus experiencias e historias de vida. America Rockstars es un espect\u00e1culo que invita a toda la familia a disfrutar de una experiencia 360\u00b0 que fusionar\u00e1 espacios de arte, tecnolog\u00eda, moda, innovaci\u00f3n y un parque gastron\u00f3mico con propuestas para todos los gustos.\u00a0<\/p>\n\n\n\n<figure class=\"wp-block-video\"><video controls src=\"blob:https:\/\/www.lasrosas.com.ar\/2b2d3279-5c6b-4233-9cef-82f1474973d0\"><\/video><\/figure>\n<!-- AddThis Advanced Settings generic via filter on the_content --><!-- AddThis Share Buttons generic via filter on the_content -->","protected":false},"excerpt":{"rendered":"<p>El festival ser\u00e1 el 25 y 26 de noviembre y contar\u00e1 con figuras internacionales. Los detalles se anunciaron en una conferencia de prensa oficial. America Rockstars 2023 se realizar\u00e1 el 25 y 26 de noviembre\u00a0 en La Rambla del Golf de Montevideo y contar\u00e1 con reconocidos artistas nacionales e internacionales. La 3era edici\u00f3n del exitoso [&hellip;]<!-- AddThis Advanced Settings generic via filter on get_the_excerpt --><!-- AddThis Share Buttons generic via filter on get_the_excerpt --><\/p>\n","protected":false},"author":6,"featured_media":72186,"comment_status":"closed","ping_status":"open","sticky":false,"template":"","format":"standard","meta":{"_acf_changed":false,"om_disable_all_campaigns":false,"_monsterinsights_skip_tracking":false,"_monsterinsights_sitenote_active":false,"_monsterinsights_sitenote_note":"","_monsterinsights_sitenote_category":0,"_uf_show_specific_survey":0,"_uf_disable_surveys":false,"footnotes":""},"categories":[100],"tags":[],"class_list":["post-72185","post","type-post","status-publish","format-standard","has-post-thumbnail","hentry","category-noticias"],"acf":[],"aioseo_notices":[],"_links":{"self":[{"href":"https:\/\/www.lasrosas.com.ar\/portal\/wp-json\/wp\/v2\/posts\/72185","targetHints":{"allow":["GET"]}}],"collection":[{"href":"https:\/\/www.lasrosas.com.ar\/portal\/wp-json\/wp\/v2\/posts"}],"about":[{"href":"https:\/\/www.lasrosas.com.ar\/portal\/wp-json\/wp\/v2\/types\/post"}],"author":[{"embeddable":true,"href":"https:\/\/www.lasrosas.com.ar\/portal\/wp-json\/wp\/v2\/users\/6"}],"replies":[{"embeddable":true,"href":"https:\/\/www.lasrosas.com.ar\/portal\/wp-json\/wp\/v2\/comments?post=72185"}],"version-history":[{"count":2,"href":"https:\/\/www.lasrosas.com.ar\/portal\/wp-json\/wp\/v2\/posts\/72185\/revisions"}],"predecessor-version":[{"id":72188,"href":"https:\/\/www.lasrosas.com.ar\/portal\/wp-json\/wp\/v2\/posts\/72185\/revisions\/72188"}],"wp:featuredmedia":[{"embeddable":true,"href":"https:\/\/www.lasrosas.com.ar\/portal\/wp-json\/wp\/v2\/media\/72186"}],"wp:attachment":[{"href":"https:\/\/www.lasrosas.com.ar\/portal\/wp-json\/wp\/v2\/media?parent=72185"}],"wp:term":[{"taxonomy":"category","embeddable":true,"href":"https:\/\/www.lasrosas.com.ar\/portal\/wp-json\/wp\/v2\/categories?post=72185"},{"taxonomy":"post_tag","embeddable":true,"href":"https:\/\/www.lasrosas.com.ar\/portal\/wp-json\/wp\/v2\/tags?post=72185"}],"curies":[{"name":"wp","href":"https:\/\/api.w.org\/{rel}","templated":true}]}}