{"id":72149,"date":"2023-10-17T15:08:19","date_gmt":"2023-10-17T18:08:19","guid":{"rendered":"https:\/\/www.lasrosas.com.ar\/portal\/?p=72149"},"modified":"2023-10-17T15:08:40","modified_gmt":"2023-10-17T18:08:40","slug":"ss23-24-portuguese-girls","status":"publish","type":"post","link":"https:\/\/www.lasrosas.com.ar\/portal\/ss23-24-portuguese-girls\/","title":{"rendered":"SS23\/24: PORTUGUESE GIRLS"},"content":{"rendered":"\n<p>TikTok\u00a0lo ha hecho de nuevo y cre\u00f3 una nueva tendencia que llamar\u00e1 la atenci\u00f3n durante esta nueva temporada que reci\u00e9n comienza: se trata de las\u00a0<em>Portuguese girls<\/em>, un estilo proveniente de Portugal que se destaca por su paleta de tonos llamativos, plataformas y mix de estampas.<\/p>\n\n\n\n<figure class=\"wp-block-gallery columns-3 is-cropped wp-block-gallery-1 is-layout-flex wp-block-gallery-is-layout-flex\"><ul class=\"blocks-gallery-grid\"><li class=\"blocks-gallery-item\"><figure><img decoding=\"async\" width=\"1920\" height=\"1920\" data-src=\"https:\/\/www.lasrosas.com.ar\/portal\/wp-content\/uploads\/Guerlain.-Terracotta-Luminizer.-35.300.-1920x1920.png\" alt=\"\" data-id=\"72150\" data-full-url=\"https:\/\/www.lasrosas.com.ar\/portal\/wp-content\/uploads\/Guerlain.-Terracotta-Luminizer.-35.300..png\" data-link=\"https:\/\/www.lasrosas.com.ar\/portal\/?attachment_id=72150\" class=\"wp-image-72150 lazyload\" data-srcset=\"https:\/\/www.lasrosas.com.ar\/portal\/wp-content\/uploads\/\/Guerlain.-Terracotta-Luminizer.-35.300.-1920x1920.png 1920w, https:\/\/www.lasrosas.com.ar\/portal\/wp-content\/uploads\/\/Guerlain.-Terracotta-Luminizer.-35.300.-960x960.png 960w, https:\/\/www.lasrosas.com.ar\/portal\/wp-content\/uploads\/\/Guerlain.-Terracotta-Luminizer.-35.300.-1536x1536.png 1536w, https:\/\/www.lasrosas.com.ar\/portal\/wp-content\/uploads\/\/Guerlain.-Terracotta-Luminizer.-35.300..png 2000w\" data-sizes=\"(max-width: 1920px) 100vw, 1920px\" src=\"data:image\/svg+xml;base64,PHN2ZyB3aWR0aD0iMSIgaGVpZ2h0PSIxIiB4bWxucz0iaHR0cDovL3d3dy53My5vcmcvMjAwMC9zdmciPjwvc3ZnPg==\" style=\"--smush-placeholder-width: 1920px; --smush-placeholder-aspect-ratio: 1920\/1920;\" \/><\/figure><\/li><li class=\"blocks-gallery-item\"><figure><img decoding=\"async\" width=\"1920\" height=\"1920\" data-src=\"https:\/\/www.lasrosas.com.ar\/portal\/wp-content\/uploads\/Guerlain.-Aqua-Allegoria-Forte-Nerolia-Vetiver.-101.760.-1920x1920.png\" alt=\"\" data-id=\"72151\" data-full-url=\"https:\/\/www.lasrosas.com.ar\/portal\/wp-content\/uploads\/Guerlain.-Aqua-Allegoria-Forte-Nerolia-Vetiver.-101.760..png\" data-link=\"https:\/\/www.lasrosas.com.ar\/portal\/?attachment_id=72151\" class=\"wp-image-72151 lazyload\" data-srcset=\"https:\/\/www.lasrosas.com.ar\/portal\/wp-content\/uploads\/\/Guerlain.-Aqua-Allegoria-Forte-Nerolia-Vetiver.-101.760.-1920x1920.png 1920w, https:\/\/www.lasrosas.com.ar\/portal\/wp-content\/uploads\/\/Guerlain.-Aqua-Allegoria-Forte-Nerolia-Vetiver.-101.760.-960x960.png 960w, https:\/\/www.lasrosas.com.ar\/portal\/wp-content\/uploads\/\/Guerlain.-Aqua-Allegoria-Forte-Nerolia-Vetiver.-101.760.-1536x1536.png 1536w, https:\/\/www.lasrosas.com.ar\/portal\/wp-content\/uploads\/\/Guerlain.-Aqua-Allegoria-Forte-Nerolia-Vetiver.-101.760..png 2000w\" data-sizes=\"(max-width: 1920px) 100vw, 1920px\" src=\"data:image\/svg+xml;base64,PHN2ZyB3aWR0aD0iMSIgaGVpZ2h0PSIxIiB4bWxucz0iaHR0cDovL3d3dy53My5vcmcvMjAwMC9zdmciPjwvc3ZnPg==\" style=\"--smush-placeholder-width: 1920px; --smush-placeholder-aspect-ratio: 1920\/1920;\" \/><\/figure><\/li><li class=\"blocks-gallery-item\"><figure><img decoding=\"async\" width=\"1440\" height=\"1920\" data-src=\"https:\/\/www.lasrosas.com.ar\/portal\/wp-content\/uploads\/WeStyle.-Chaleco-de-cuero-oro.-Consultar-precio.-1-1440x1920.jpg\" alt=\"\" data-id=\"72152\" data-full-url=\"https:\/\/www.lasrosas.com.ar\/portal\/wp-content\/uploads\/WeStyle.-Chaleco-de-cuero-oro.-Consultar-precio.-1-scaled.jpg\" data-link=\"https:\/\/www.lasrosas.com.ar\/portal\/?attachment_id=72152\" class=\"wp-image-72152 lazyload\" data-srcset=\"https:\/\/www.lasrosas.com.ar\/portal\/wp-content\/uploads\/WeStyle.-Chaleco-de-cuero-oro.-Consultar-precio.-1-1440x1920.jpg 1440w, https:\/\/www.lasrosas.com.ar\/portal\/wp-content\/uploads\/WeStyle.-Chaleco-de-cuero-oro.-Consultar-precio.-1-720x960.jpg 720w, https:\/\/www.lasrosas.com.ar\/portal\/wp-content\/uploads\/WeStyle.-Chaleco-de-cuero-oro.-Consultar-precio.-1-1152x1536.jpg 1152w, https:\/\/www.lasrosas.com.ar\/portal\/wp-content\/uploads\/WeStyle.-Chaleco-de-cuero-oro.-Consultar-precio.-1-scaled.jpg 1536w\" data-sizes=\"(max-width: 1440px) 100vw, 1440px\" src=\"data:image\/svg+xml;base64,PHN2ZyB3aWR0aD0iMSIgaGVpZ2h0PSIxIiB4bWxucz0iaHR0cDovL3d3dy53My5vcmcvMjAwMC9zdmciPjwvc3ZnPg==\" style=\"--smush-placeholder-width: 1440px; --smush-placeholder-aspect-ratio: 1440\/1920;\" \/><\/figure><\/li><li class=\"blocks-gallery-item\"><figure><img decoding=\"async\" width=\"1440\" height=\"1920\" data-src=\"https:\/\/www.lasrosas.com.ar\/portal\/wp-content\/uploads\/WeStyle.-Remera-Amore-gris.-18.500.-1440x1920.jpg\" alt=\"\" data-id=\"72153\" data-full-url=\"https:\/\/www.lasrosas.com.ar\/portal\/wp-content\/uploads\/WeStyle.-Remera-Amore-gris.-18.500.-scaled.jpg\" data-link=\"https:\/\/www.lasrosas.com.ar\/portal\/?attachment_id=72153\" class=\"wp-image-72153 lazyload\" data-srcset=\"https:\/\/www.lasrosas.com.ar\/portal\/wp-content\/uploads\/\/WeStyle.-Remera-Amore-gris.-18.500.-1440x1920.jpg 1440w, https:\/\/www.lasrosas.com.ar\/portal\/wp-content\/uploads\/\/WeStyle.-Remera-Amore-gris.-18.500.-720x960.jpg 720w, https:\/\/www.lasrosas.com.ar\/portal\/wp-content\/uploads\/\/WeStyle.-Remera-Amore-gris.-18.500.-1152x1536.jpg 1152w, https:\/\/www.lasrosas.com.ar\/portal\/wp-content\/uploads\/\/WeStyle.-Remera-Amore-gris.-18.500.-scaled.jpg 1536w\" data-sizes=\"(max-width: 1440px) 100vw, 1440px\" src=\"data:image\/svg+xml;base64,PHN2ZyB3aWR0aD0iMSIgaGVpZ2h0PSIxIiB4bWxucz0iaHR0cDovL3d3dy53My5vcmcvMjAwMC9zdmciPjwvc3ZnPg==\" style=\"--smush-placeholder-width: 1440px; --smush-placeholder-aspect-ratio: 1440\/1920;\" \/><\/figure><\/li><li class=\"blocks-gallery-item\"><figure><img decoding=\"async\" width=\"1352\" height=\"1360\" data-src=\"https:\/\/www.lasrosas.com.ar\/portal\/wp-content\/uploads\/OGGI-Zapatos.-Sandalias-con-taco-chino-forrado-en-yute.-59.999..png\" alt=\"\" data-id=\"72154\" data-full-url=\"https:\/\/www.lasrosas.com.ar\/portal\/wp-content\/uploads\/OGGI-Zapatos.-Sandalias-con-taco-chino-forrado-en-yute.-59.999..png\" data-link=\"https:\/\/www.lasrosas.com.ar\/portal\/?attachment_id=72154\" class=\"wp-image-72154 lazyload\" data-srcset=\"https:\/\/www.lasrosas.com.ar\/portal\/wp-content\/uploads\/\/OGGI-Zapatos.-Sandalias-con-taco-chino-forrado-en-yute.-59.999..png 1352w, https:\/\/www.lasrosas.com.ar\/portal\/wp-content\/uploads\/\/OGGI-Zapatos.-Sandalias-con-taco-chino-forrado-en-yute.-59.999.-954x960.png 954w\" data-sizes=\"(max-width: 1352px) 100vw, 1352px\" src=\"data:image\/svg+xml;base64,PHN2ZyB3aWR0aD0iMSIgaGVpZ2h0PSIxIiB4bWxucz0iaHR0cDovL3d3dy53My5vcmcvMjAwMC9zdmciPjwvc3ZnPg==\" style=\"--smush-placeholder-width: 1352px; --smush-placeholder-aspect-ratio: 1352\/1360;\" \/><\/figure><\/li><li class=\"blocks-gallery-item\"><figure><img decoding=\"async\" width=\"1362\" height=\"1356\" data-src=\"https:\/\/www.lasrosas.com.ar\/portal\/wp-content\/uploads\/OGGI-Zapatos.-Sandalias-en-neoprene-acolchado.-59.999.png\" alt=\"\" data-id=\"72155\" data-full-url=\"https:\/\/www.lasrosas.com.ar\/portal\/wp-content\/uploads\/OGGI-Zapatos.-Sandalias-en-neoprene-acolchado.-59.999.png\" data-link=\"https:\/\/www.lasrosas.com.ar\/portal\/?attachment_id=72155\" class=\"wp-image-72155 lazyload\" data-srcset=\"https:\/\/www.lasrosas.com.ar\/portal\/wp-content\/uploads\/\/OGGI-Zapatos.-Sandalias-en-neoprene-acolchado.-59.999.png 1362w, https:\/\/www.lasrosas.com.ar\/portal\/wp-content\/uploads\/\/OGGI-Zapatos.-Sandalias-en-neoprene-acolchado.-59.999-960x956.png 960w\" data-sizes=\"(max-width: 1362px) 100vw, 1362px\" src=\"data:image\/svg+xml;base64,PHN2ZyB3aWR0aD0iMSIgaGVpZ2h0PSIxIiB4bWxucz0iaHR0cDovL3d3dy53My5vcmcvMjAwMC9zdmciPjwvc3ZnPg==\" style=\"--smush-placeholder-width: 1362px; --smush-placeholder-aspect-ratio: 1362\/1356;\" \/><\/figure><\/li><\/ul><\/figure>\n<!-- AddThis Advanced Settings generic via filter on the_content --><!-- AddThis Share Buttons generic via filter on the_content -->","protected":false},"excerpt":{"rendered":"<p>TikTok\u00a0lo ha hecho de nuevo y cre\u00f3 una nueva tendencia que llamar\u00e1 la atenci\u00f3n durante esta nueva temporada que reci\u00e9n comienza: se trata de las\u00a0Portuguese girls, un estilo proveniente de Portugal que se destaca por su paleta de tonos llamativos, plataformas y mix de estampas.<!-- AddThis Advanced Settings generic via filter on get_the_excerpt --><!-- AddThis Share Buttons generic via filter on get_the_excerpt --><\/p>\n","protected":false},"author":6,"featured_media":72150,"comment_status":"closed","ping_status":"open","sticky":false,"template":"","format":"standard","meta":{"_acf_changed":false,"om_disable_all_campaigns":false,"_monsterinsights_skip_tracking":false,"_monsterinsights_sitenote_active":false,"_monsterinsights_sitenote_note":"","_monsterinsights_sitenote_category":0,"_uf_show_specific_survey":0,"_uf_disable_surveys":false,"footnotes":""},"categories":[100,30],"tags":[],"class_list":["post-72149","post","type-post","status-publish","format-standard","has-post-thumbnail","hentry","category-noticias","category-moda"],"acf":[],"aioseo_notices":[],"_links":{"self":[{"href":"https:\/\/www.lasrosas.com.ar\/portal\/wp-json\/wp\/v2\/posts\/72149","targetHints":{"allow":["GET"]}}],"collection":[{"href":"https:\/\/www.lasrosas.com.ar\/portal\/wp-json\/wp\/v2\/posts"}],"about":[{"href":"https:\/\/www.lasrosas.com.ar\/portal\/wp-json\/wp\/v2\/types\/post"}],"author":[{"embeddable":true,"href":"https:\/\/www.lasrosas.com.ar\/portal\/wp-json\/wp\/v2\/users\/6"}],"replies":[{"embeddable":true,"href":"https:\/\/www.lasrosas.com.ar\/portal\/wp-json\/wp\/v2\/comments?post=72149"}],"version-history":[{"count":2,"href":"https:\/\/www.lasrosas.com.ar\/portal\/wp-json\/wp\/v2\/posts\/72149\/revisions"}],"predecessor-version":[{"id":72157,"href":"https:\/\/www.lasrosas.com.ar\/portal\/wp-json\/wp\/v2\/posts\/72149\/revisions\/72157"}],"wp:featuredmedia":[{"embeddable":true,"href":"https:\/\/www.lasrosas.com.ar\/portal\/wp-json\/wp\/v2\/media\/72150"}],"wp:attachment":[{"href":"https:\/\/www.lasrosas.com.ar\/portal\/wp-json\/wp\/v2\/media?parent=72149"}],"wp:term":[{"taxonomy":"category","embeddable":true,"href":"https:\/\/www.lasrosas.com.ar\/portal\/wp-json\/wp\/v2\/categories?post=72149"},{"taxonomy":"post_tag","embeddable":true,"href":"https:\/\/www.lasrosas.com.ar\/portal\/wp-json\/wp\/v2\/tags?post=72149"}],"curies":[{"name":"wp","href":"https:\/\/api.w.org\/{rel}","templated":true}]}}