{"id":71999,"date":"2023-10-10T13:56:47","date_gmt":"2023-10-10T16:56:47","guid":{"rendered":"https:\/\/www.lasrosas.com.ar\/portal\/?p=71999"},"modified":"2023-10-10T13:56:50","modified_gmt":"2023-10-10T16:56:50","slug":"10-de-octubre-dia-mundial-de-la-salud-mental","status":"publish","type":"post","link":"https:\/\/www.lasrosas.com.ar\/portal\/10-de-octubre-dia-mundial-de-la-salud-mental\/","title":{"rendered":"10 DE OCTUBRE: D\u00cdA MUNDIAL DE LA SALUD MENTAL"},"content":{"rendered":"\n<p>Conoc\u00e9 los beneficios del yoga, para lograr la paz y calma que tu<br>mente necesita.<\/p>\n\n\n\n<p>Buenos Aires, octubre de 2023.- Cada a\u00f1o el 10 de octubre se celebra el D\u00eda Mundial de la Salud Mental, una fecha que tiene el objetivo de concienciar acerca de los problemas de la salud mental en todo el mundo y de aquellas terapias complementarias que son cada vez m\u00e1s comunes a la hora de tratar la ansiedad, el estr\u00e9s y la depresi\u00f3n. Entre las m\u00faltiples terapias complementarias, el yoga es una de las m\u00e1s practicadas.<\/p>\n\n\n\n<p>Como una disciplina milenaria proveniente de la India, se convirti\u00f3 en una filosof\u00eda y estilo de vida que ayuda a cuidar y fortalecer la armon\u00eda entre el cuerpo y la mente. A trav\u00e9s de posturas suaves y la concentraci\u00f3n en la respiraci\u00f3n, el yoga fomenta la relajaci\u00f3n y la calma mental de cada persona que la practica. Adem\u00e1s, es una gran aliada para lidiar con el estr\u00e9s y la ansiedad; ya que impulsa a que cada persona que la practique, est\u00e9 cada vez m\u00e1s conectado en mente, cuerpo y esp\u00edritu.<\/p>\n\n\n\n<p>En Argentina, seg\u00fan estad\u00edsticas del Ministerio de Salud, 1 de cada 3 personas presenta un problema de salud mental a partir de los 20 a\u00f1os. A estas cifras las respalda un informe sobre la salud mental de la poblaci\u00f3n argentina realizado por el Observatorio de Psicolog\u00eda Social de la Facultad de Psicolog\u00eda de la UBA. El mismo revela que el 12,27% de las personas que participaron de la muestra, presenta riesgo de padecer un trastorno mental, y que el 55,21% no realiza ning\u00fan tipo de actividad f\u00edsica o religiosa que lo ayude a calmar su mente, mientras que el 44,79% s\u00ed lo hace, y de ese total s\u00f3lo el 9,15% practica yoga.<\/p>\n\n\n\n<figure class=\"wp-block-gallery columns-3 is-cropped wp-block-gallery-1 is-layout-flex wp-block-gallery-is-layout-flex\"><ul class=\"blocks-gallery-grid\"><li class=\"blocks-gallery-item\"><figure><img decoding=\"async\" width=\"1280\" height=\"1920\" data-src=\"https:\/\/www.lasrosas.com.ar\/portal\/wp-content\/uploads\/Julia-Olcese-sostiene-que-las-experiencias-de-placer-y-bienestar-dejan-una-huella-muy-profunda-en-las-personas-2-1280x1920.jpg\" alt=\"\" data-id=\"72000\" data-link=\"https:\/\/www.lasrosas.com.ar\/portal\/?attachment_id=72000\" class=\"wp-image-72000 lazyload\" data-srcset=\"https:\/\/www.lasrosas.com.ar\/portal\/wp-content\/uploads\/Julia-Olcese-sostiene-que-las-experiencias-de-placer-y-bienestar-dejan-una-huella-muy-profunda-en-las-personas-2-1280x1920.jpg 1280w, https:\/\/www.lasrosas.com.ar\/portal\/wp-content\/uploads\/Julia-Olcese-sostiene-que-las-experiencias-de-placer-y-bienestar-dejan-una-huella-muy-profunda-en-las-personas-2-640x960.jpg 640w, https:\/\/www.lasrosas.com.ar\/portal\/wp-content\/uploads\/Julia-Olcese-sostiene-que-las-experiencias-de-placer-y-bienestar-dejan-una-huella-muy-profunda-en-las-personas-2-1024x1536.jpg 1024w, https:\/\/www.lasrosas.com.ar\/portal\/wp-content\/uploads\/Julia-Olcese-sostiene-que-las-experiencias-de-placer-y-bienestar-dejan-una-huella-muy-profunda-en-las-personas-2-scaled.jpg 1365w\" data-sizes=\"(max-width: 1280px) 100vw, 1280px\" src=\"data:image\/svg+xml;base64,PHN2ZyB3aWR0aD0iMSIgaGVpZ2h0PSIxIiB4bWxucz0iaHR0cDovL3d3dy53My5vcmcvMjAwMC9zdmciPjwvc3ZnPg==\" style=\"--smush-placeholder-width: 1280px; --smush-placeholder-aspect-ratio: 1280\/1920;\" \/><\/figure><\/li><li class=\"blocks-gallery-item\"><figure><img decoding=\"async\" src=\"blob:https:\/\/www.lasrosas.com.ar\/6a1ca16b-e938-4ab1-946f-c9e86916a3c7\"\/><\/figure><\/li><li class=\"blocks-gallery-item\"><figure><img decoding=\"async\" width=\"1920\" height=\"1280\" data-src=\"https:\/\/www.lasrosas.com.ar\/portal\/wp-content\/uploads\/Clases-y-retiros-de-yoga-en-lugares-como-Ibiza-y-Formentera-dos-de-las-islas-mas-bellas-de-Espana-1-1920x1280.jpg\" alt=\"\" data-id=\"72004\" data-full-url=\"https:\/\/www.lasrosas.com.ar\/portal\/wp-content\/uploads\/Clases-y-retiros-de-yoga-en-lugares-como-Ibiza-y-Formentera-dos-de-las-islas-mas-bellas-de-Espana-1-scaled.jpg\" data-link=\"https:\/\/www.lasrosas.com.ar\/portal\/?attachment_id=72004\" class=\"wp-image-72004 lazyload\" data-srcset=\"https:\/\/www.lasrosas.com.ar\/portal\/wp-content\/uploads\/Clases-y-retiros-de-yoga-en-lugares-como-Ibiza-y-Formentera-dos-de-las-islas-mas-bellas-de-Espana-1-1920x1280.jpg 1920w, https:\/\/www.lasrosas.com.ar\/portal\/wp-content\/uploads\/Clases-y-retiros-de-yoga-en-lugares-como-Ibiza-y-Formentera-dos-de-las-islas-mas-bellas-de-Espana-1-960x640.jpg 960w, https:\/\/www.lasrosas.com.ar\/portal\/wp-content\/uploads\/Clases-y-retiros-de-yoga-en-lugares-como-Ibiza-y-Formentera-dos-de-las-islas-mas-bellas-de-Espana-1-1536x1024.jpg 1536w, https:\/\/www.lasrosas.com.ar\/portal\/wp-content\/uploads\/Clases-y-retiros-de-yoga-en-lugares-como-Ibiza-y-Formentera-dos-de-las-islas-mas-bellas-de-Espana-1-scaled.jpg 2048w\" data-sizes=\"(max-width: 1920px) 100vw, 1920px\" src=\"data:image\/svg+xml;base64,PHN2ZyB3aWR0aD0iMSIgaGVpZ2h0PSIxIiB4bWxucz0iaHR0cDovL3d3dy53My5vcmcvMjAwMC9zdmciPjwvc3ZnPg==\" style=\"--smush-placeholder-width: 1920px; --smush-placeholder-aspect-ratio: 1920\/1280;\" \/><\/figure><\/li><\/ul><\/figure>\n\n\n\n<p> Julia Olcese, es profesora de yoga argentina y experta en bienestar, ha desarrollado una propuesta \u00fanica que combina los beneficios del yoga para lograr la paz y calma que nuestro cuerpo y mente necesita. \u201cLa salud y el yoga est\u00e1n estrechamente conectados, con ellos aumentamos nuestro bienestar y trabajamos en nuestro equilibrio mental y emocional. Es<br>un excelente m\u00e9todo de autorregulaci\u00f3n consciente, ya que nos ayuda a poner total atenci\u00f3n al presente, aumentar nuestra concentraci\u00f3n y reducir el caos mental\u201d.<\/p>\n\n\n\n<p>En este sentido, Julia recomienda la pr\u00e1ctica del yoga como una herramienta para combatir y controlar aquellos problemas mentales que pueden producir ciertas crisis en cuanto a la salud.  El yoga es una gran herramienta para que las personas puedan articular todas sus actividades y estados de \u00e1nimo para tener una vida m\u00e1s plena y feliz, en la que prime la aceptaci\u00f3n y el autoconocimiento. \u201cEl yoga representa un camino infinito de nuestro conocimiento hacia la calma, nos conduce a experimentar un equilibrio con el verdadero ser\u201d, se\u00f1ala Julia.<\/p>\n\n\n\n<p><strong>Beneficios del Yoga<\/strong><\/p>\n\n\n\n<p>Seg\u00fan Julia, practicar yoga nos ayuda a relajar y energizar nuestro cuerpo y mente. Nos aporta vitalidad, aumentando nuestra flexibilidad, fuerza y autoconfianza en nosotros mismos. Mejora nuestra postura corporal, concentraci\u00f3n, circulaci\u00f3n y el metabolismo. Se genera un equilibrio en todos nuestros m\u00fasculos y \u00f3rganos. Adem\u00e1s, su pr\u00e1ctica ayuda a disminuir el estr\u00e9s, las tensiones y dolores que cada d\u00eda aumentan en nuestros m\u00fasculos y \u00f3rganos.<\/p>\n\n\n\n<p>El yoga fomenta la atenci\u00f3n plena y el enfoque en el momento presente, lo que ayuda a dejar de lado las preocupaciones y a fomentar una mayor conexi\u00f3n con nuestro cuerpo y respiraci\u00f3n. Tambi\u00e9n disminuye trastornos basados en la ansiedad, la depresi\u00f3n y las conductas alimentarias, la psicopatolog\u00eda y aumenta la funcionalidad ocupacional y social,<br> ayuda a controlar los niveles de cortisol, la hormona del estr\u00e9s, y libera endorfinas, las cuales inducen una sensaci\u00f3n de bienestar y relajaci\u00f3n completa.<\/p>\n\n\n\n<figure class=\"wp-block-gallery columns-2 is-cropped wp-block-gallery-2 is-layout-flex wp-block-gallery-is-layout-flex\"><ul class=\"blocks-gallery-grid\"><li class=\"blocks-gallery-item\"><figure><img decoding=\"async\" width=\"1280\" height=\"1920\" data-src=\"https:\/\/www.lasrosas.com.ar\/portal\/wp-content\/uploads\/Julia-Olcese-sostiene-que-las-experiencias-de-placer-y-bienestar-dejan-una-huella-muy-profunda-en-las-personas-1-1280x1920.jpg\" alt=\"\" data-id=\"72001\" data-full-url=\"https:\/\/www.lasrosas.com.ar\/portal\/wp-content\/uploads\/Julia-Olcese-sostiene-que-las-experiencias-de-placer-y-bienestar-dejan-una-huella-muy-profunda-en-las-personas-1-scaled.jpg\" data-link=\"https:\/\/www.lasrosas.com.ar\/portal\/?attachment_id=72001\" class=\"wp-image-72001 lazyload\" data-srcset=\"https:\/\/www.lasrosas.com.ar\/portal\/wp-content\/uploads\/Julia-Olcese-sostiene-que-las-experiencias-de-placer-y-bienestar-dejan-una-huella-muy-profunda-en-las-personas-1-1280x1920.jpg 1280w, https:\/\/www.lasrosas.com.ar\/portal\/wp-content\/uploads\/Julia-Olcese-sostiene-que-las-experiencias-de-placer-y-bienestar-dejan-una-huella-muy-profunda-en-las-personas-1-640x960.jpg 640w, https:\/\/www.lasrosas.com.ar\/portal\/wp-content\/uploads\/Julia-Olcese-sostiene-que-las-experiencias-de-placer-y-bienestar-dejan-una-huella-muy-profunda-en-las-personas-1-1024x1536.jpg 1024w, https:\/\/www.lasrosas.com.ar\/portal\/wp-content\/uploads\/Julia-Olcese-sostiene-que-las-experiencias-de-placer-y-bienestar-dejan-una-huella-muy-profunda-en-las-personas-1-scaled.jpg 1365w\" data-sizes=\"(max-width: 1280px) 100vw, 1280px\" src=\"data:image\/svg+xml;base64,PHN2ZyB3aWR0aD0iMSIgaGVpZ2h0PSIxIiB4bWxucz0iaHR0cDovL3d3dy53My5vcmcvMjAwMC9zdmciPjwvc3ZnPg==\" style=\"--smush-placeholder-width: 1280px; --smush-placeholder-aspect-ratio: 1280\/1920;\" \/><\/figure><\/li><li class=\"blocks-gallery-item\"><figure><img decoding=\"async\" width=\"1280\" height=\"1920\" data-src=\"https:\/\/www.lasrosas.com.ar\/portal\/wp-content\/uploads\/Clases-y-retiros-de-yoga-en-lugares-como-Ibiza-y-Formentera-dos-de-las-islas-mas-bellas-de-Espana-5-1280x1920.jpg\" alt=\"\" data-id=\"72005\" data-full-url=\"https:\/\/www.lasrosas.com.ar\/portal\/wp-content\/uploads\/Clases-y-retiros-de-yoga-en-lugares-como-Ibiza-y-Formentera-dos-de-las-islas-mas-bellas-de-Espana-5-scaled.jpg\" data-link=\"https:\/\/www.lasrosas.com.ar\/portal\/?attachment_id=72005\" class=\"wp-image-72005 lazyload\" data-srcset=\"https:\/\/www.lasrosas.com.ar\/portal\/wp-content\/uploads\/Clases-y-retiros-de-yoga-en-lugares-como-Ibiza-y-Formentera-dos-de-las-islas-mas-bellas-de-Espana-5-1280x1920.jpg 1280w, https:\/\/www.lasrosas.com.ar\/portal\/wp-content\/uploads\/Clases-y-retiros-de-yoga-en-lugares-como-Ibiza-y-Formentera-dos-de-las-islas-mas-bellas-de-Espana-5-640x960.jpg 640w, https:\/\/www.lasrosas.com.ar\/portal\/wp-content\/uploads\/Clases-y-retiros-de-yoga-en-lugares-como-Ibiza-y-Formentera-dos-de-las-islas-mas-bellas-de-Espana-5-1024x1536.jpg 1024w, https:\/\/www.lasrosas.com.ar\/portal\/wp-content\/uploads\/Clases-y-retiros-de-yoga-en-lugares-como-Ibiza-y-Formentera-dos-de-las-islas-mas-bellas-de-Espana-5-scaled.jpg 1365w\" data-sizes=\"(max-width: 1280px) 100vw, 1280px\" src=\"data:image\/svg+xml;base64,PHN2ZyB3aWR0aD0iMSIgaGVpZ2h0PSIxIiB4bWxucz0iaHR0cDovL3d3dy53My5vcmcvMjAwMC9zdmciPjwvc3ZnPg==\" style=\"--smush-placeholder-width: 1280px; --smush-placeholder-aspect-ratio: 1280\/1920;\" \/><\/figure><\/li><\/ul><\/figure>\n\n\n\n<p><strong>Retiros wellness: la tendencia del turismo del bienestar que acerca<br> el yoga a todo el mundo<\/strong><\/p>\n\n\n\n<p>Con su amplio conocimiento en la ense\u00f1anza de esta disciplina y su enfoque en el bienestar integral, Julia Olcese ofrece a sus estudiantes clases y retiros de yoga en lugares como Formentera, una de las islas m\u00e1s bellas de Espa\u00f1a. Julia sostiene que el yoga puede ser una herramienta poderosa para mejorar la calidad de vida de las personas, tanto a nivel f\u00edsico como emocional, y est\u00e1 comprometida en compartir sus conocimientos con aquellos que buscan un mayor equilibrio y armon\u00eda: \u201cLas experiencias de bienestar que yo misma viv\u00ed me inspiraron a querer compartir con otros algo de todo este mundo\u201d.<\/p>\n\n\n\n<p>Las experiencias wellness que brinda Julia son para un grupo de seis personas y est\u00e1n dise\u00f1adas para brindar paz y disfrute a trav\u00e9s de t\u00e9cnicas de Yoga y breathwork. La propuesta est\u00e1 destinada a todo aquel que sienta el deseo interno de tener un acercamiento a estos lenguajes, poniendo por encima el disfrute antes que la exigencia o el tecnicismo. \u201cTodos podemos experimentar qu\u00e9 nos hace bien y qu\u00e9 nos gusta\u201d, concluye Olcese.<\/p>\n<!-- AddThis Advanced Settings generic via filter on the_content --><!-- AddThis Share Buttons generic via filter on the_content -->","protected":false},"excerpt":{"rendered":"<p>Conoc\u00e9 los beneficios del yoga, para lograr la paz y calma que tumente necesita. Buenos Aires, octubre de 2023.- Cada a\u00f1o el 10 de octubre se celebra el D\u00eda Mundial de la Salud Mental, una fecha que tiene el objetivo de concienciar acerca de los problemas de la salud mental en todo el mundo y [&hellip;]<!-- AddThis Advanced Settings generic via filter on get_the_excerpt --><!-- AddThis Share Buttons generic via filter on get_the_excerpt --><\/p>\n","protected":false},"author":6,"featured_media":72007,"comment_status":"closed","ping_status":"open","sticky":false,"template":"","format":"standard","meta":{"_acf_changed":false,"om_disable_all_campaigns":false,"_monsterinsights_skip_tracking":false,"_monsterinsights_sitenote_active":false,"_monsterinsights_sitenote_note":"","_monsterinsights_sitenote_category":0,"_uf_show_specific_survey":0,"_uf_disable_surveys":false,"footnotes":""},"categories":[376,100],"tags":[],"class_list":["post-71999","post","type-post","status-publish","format-standard","has-post-thumbnail","hentry","category-lifestyle","category-noticias"],"acf":[],"aioseo_notices":[],"_links":{"self":[{"href":"https:\/\/www.lasrosas.com.ar\/portal\/wp-json\/wp\/v2\/posts\/71999","targetHints":{"allow":["GET"]}}],"collection":[{"href":"https:\/\/www.lasrosas.com.ar\/portal\/wp-json\/wp\/v2\/posts"}],"about":[{"href":"https:\/\/www.lasrosas.com.ar\/portal\/wp-json\/wp\/v2\/types\/post"}],"author":[{"embeddable":true,"href":"https:\/\/www.lasrosas.com.ar\/portal\/wp-json\/wp\/v2\/users\/6"}],"replies":[{"embeddable":true,"href":"https:\/\/www.lasrosas.com.ar\/portal\/wp-json\/wp\/v2\/comments?post=71999"}],"version-history":[{"count":1,"href":"https:\/\/www.lasrosas.com.ar\/portal\/wp-json\/wp\/v2\/posts\/71999\/revisions"}],"predecessor-version":[{"id":72008,"href":"https:\/\/www.lasrosas.com.ar\/portal\/wp-json\/wp\/v2\/posts\/71999\/revisions\/72008"}],"wp:featuredmedia":[{"embeddable":true,"href":"https:\/\/www.lasrosas.com.ar\/portal\/wp-json\/wp\/v2\/media\/72007"}],"wp:attachment":[{"href":"https:\/\/www.lasrosas.com.ar\/portal\/wp-json\/wp\/v2\/media?parent=71999"}],"wp:term":[{"taxonomy":"category","embeddable":true,"href":"https:\/\/www.lasrosas.com.ar\/portal\/wp-json\/wp\/v2\/categories?post=71999"},{"taxonomy":"post_tag","embeddable":true,"href":"https:\/\/www.lasrosas.com.ar\/portal\/wp-json\/wp\/v2\/tags?post=71999"}],"curies":[{"name":"wp","href":"https:\/\/api.w.org\/{rel}","templated":true}]}}