{"id":71813,"date":"2023-10-03T14:00:05","date_gmt":"2023-10-03T17:00:05","guid":{"rendered":"https:\/\/www.lasrosas.com.ar\/portal\/?p=71813"},"modified":"2023-10-03T14:00:07","modified_gmt":"2023-10-03T17:00:07","slug":"natura-presenta-en-cordoba-el-social-commerce-la-nueva-venta-directa","status":"publish","type":"post","link":"https:\/\/www.lasrosas.com.ar\/portal\/natura-presenta-en-cordoba-el-social-commerce-la-nueva-venta-directa\/","title":{"rendered":"NATURA PRESENTA EN C\u00d3RDOBA EL SOCIAL COMMERCE, LA NUEVA VENTA DIRECTA"},"content":{"rendered":"\n<p><em>Una nueva forma del comercio en l\u00ednea que pone el foco en conformar redes colaborativas de vendedores online y todo un ecosistema de plataformas para llegar a los consumidores<\/em><\/p>\n\n\n\n<p><strong>Natura<\/strong>, la marca brasilera de cosm\u00e9ticos y cuidados personales l\u00edder en la venta por relaciones, presenta en C\u00f3rdoba<strong> la transformaci\u00f3n de su modelo de social commerce presencial a uno digital.\u00a0<\/strong><\/p>\n\n\n\n<p><strong>Juan Salgado, Gerente Comercial de Natura<\/strong>, comenta que \u201c<em>actualmente las personas y sobre todo las nuevas generaciones, est\u00e1n cada vez m\u00e1s informadas y conectadas, y tienen diferentes expectativas en su relacionamiento con las marcas y con lo que los rodea, ya que son quienes toman las decisiones de c\u00f3mo conectarse, qu\u00e9 consumir, mediante qu\u00e9 canales y en qu\u00e9 momento<\/em>\u201d.&nbsp;<\/p>\n\n\n\n<p>El avance de la digitalizaci\u00f3n cre\u00f3 un cambio de paradigma, respecto a los h\u00e1bitos de consumo y la forma en la que las marcas interact\u00faan con las personas y esto llev\u00f3 a un nuevo formato de intercambio o fen\u00f3meno que conocemos como \u201c<strong>Social Commerce\u201d<\/strong>. Se trata de la evoluci\u00f3n del comercio en l\u00ednea que pone el foco en la conformaci\u00f3n de redes colaborativas de vendedores online y\/o plataformas que llegan a los consumidores mediante un <strong>mix de: entretenimiento, asesor\u00eda, contenido y compra como fin \u00faltimo.<\/strong><\/p>\n\n\n\n<figure class=\"wp-block-image size-large\"><img decoding=\"async\" width=\"1557\" height=\"1920\" data-src=\"https:\/\/www.lasrosas.com.ar\/portal\/wp-content\/uploads\/Natura-Social-Commerce-2-1557x1920.jpg\" alt=\"\" class=\"wp-image-71814 lazyload\" data-srcset=\"https:\/\/www.lasrosas.com.ar\/portal\/wp-content\/uploads\/\/Natura-Social-Commerce-2-1557x1920.jpg 1557w, https:\/\/www.lasrosas.com.ar\/portal\/wp-content\/uploads\/\/Natura-Social-Commerce-2-778x960.jpg 778w, https:\/\/www.lasrosas.com.ar\/portal\/wp-content\/uploads\/\/Natura-Social-Commerce-2-1245x1536.jpg 1245w, https:\/\/www.lasrosas.com.ar\/portal\/wp-content\/uploads\/\/Natura-Social-Commerce-2-scaled.jpg 1661w\" data-sizes=\"(max-width: 1557px) 100vw, 1557px\" src=\"data:image\/svg+xml;base64,PHN2ZyB3aWR0aD0iMSIgaGVpZ2h0PSIxIiB4bWxucz0iaHR0cDovL3d3dy53My5vcmcvMjAwMC9zdmciPjwvc3ZnPg==\" style=\"--smush-placeholder-width: 1557px; --smush-placeholder-aspect-ratio: 1557\/1920;\" \/><\/figure>\n\n\n\n<p>\u00ab<em>Estamos frente a un cambio de paradigma respecto a los h\u00e1bitos de consumo y la forma en la que las marcas interact\u00faan con los consumidores, y esto se debe principalmente a la digitalizaci\u00f3n y al uso de las redes sociales. En Natura somos conscientes de esto e impulsamos la evoluci\u00f3n de nuestro modelo de negocio hacia el Social Commerce, la nueva venta directa. As\u00ed, contamos con todo un ecosistema de herramientas digitales que permite potenciar la experiencia del cliente con un mix de entretenimiento, asesor\u00eda, contenido y compra como fin \u00faltimo<\/em><em>\u201d<\/em>, agrega <strong>Santiago Del Giudice, Gerente de Digital Commerce, Retail &amp; Growth de Natura Argentina.<\/strong><\/p>\n\n\n\n<p>El modelo de negocio actual de Natura responde a esta tendencia y tienen un gran potencial para impulsar el Social Commerce. La compa\u00f1\u00eda ya cuenta con un ecosistema digital, que permite que las m\u00e1s de 300 mil consultoras y consultores de belleza potencien sus ventas y conecten con los consumidores en todo momento seg\u00fan h\u00e1bitos y preferencias.&nbsp;<\/p>\n\n\n\n<p>Actualmente Natura cuenta con un canal de venta Online, el Social Selling o revista interactiva, sus redes sociales, los emprendedores de belleza independientes (que comercializan y recomiendan los productos con sus clientes) y la red de influenciadoras\/es que empatizan con la marca y amplifican su propuesta de valor con sus audiencias y comunidades.<\/p>\n\n\n\n<p>Quienes deciden emprender con Natura cuentan con un paquete de herramientas que les permite participar e impulsar este Social Commerce: <em>App Mi Negocio y el sitio Mi Nego<\/em>cio Web, Teclado Natura, Live Shopping y la Plataforma de E-commerce, que tiene como diferencial que cada consultor\/a puede tener su propia tienda online. Adem\u00e1s, pueden participar de capacitaciones, entrenamientos y certificaciones en manejo de las redes sociales&nbsp; para poder&nbsp; atender a sus clientes con contenido af\u00edn a su audiencia y estilo personal.&nbsp;&nbsp;<\/p>\n\n\n\n<p>Natura presenta una propuesta s\u00f3lida para acompa\u00f1ar esta etapa de transformaci\u00f3n digital que estamos viviendo y que propone un aut\u00e9ntico cambio de paradigma para la venta directa. Hoy, la marca est\u00e1 conformada por una gran red de personas que venden sus productos a trav\u00e9s de los v\u00ednculos y la consultor\u00eda, que hoy cuenta con un ecosistema digital que le permite mejorar y potenciar la experiencia de compra de su cliente en cualquier momento y lugar, adecu\u00e1ndose a su necesidad.&nbsp;<\/p>\n\n\n\n<p>Para m\u00e1s informaci\u00f3n sobre Natura o para sumarse como consultor\/a de belleza independiente, ingresar en: <a href=\"http:\/\/www.naturacosmeticos.com.ar\">www.naturacosmeticos.com.ar<\/a>.<\/p>\n<!-- AddThis Advanced Settings generic via filter on the_content --><!-- AddThis Share Buttons generic via filter on the_content -->","protected":false},"excerpt":{"rendered":"<p>Una nueva forma del comercio en l\u00ednea que pone el foco en conformar redes colaborativas de vendedores online y todo un ecosistema de plataformas para llegar a los consumidores Natura, la marca brasilera de cosm\u00e9ticos y cuidados personales l\u00edder en la venta por relaciones, presenta en C\u00f3rdoba la transformaci\u00f3n de su modelo de social commerce [&hellip;]<!-- AddThis Advanced Settings generic via filter on get_the_excerpt --><!-- AddThis Share Buttons generic via filter on get_the_excerpt --><\/p>\n","protected":false},"author":6,"featured_media":71815,"comment_status":"closed","ping_status":"open","sticky":false,"template":"","format":"standard","meta":{"_acf_changed":false,"om_disable_all_campaigns":false,"_monsterinsights_skip_tracking":false,"_monsterinsights_sitenote_active":false,"_monsterinsights_sitenote_note":"","_monsterinsights_sitenote_category":0,"_uf_show_specific_survey":0,"_uf_disable_surveys":false,"footnotes":""},"categories":[376,100],"tags":[],"class_list":["post-71813","post","type-post","status-publish","format-standard","has-post-thumbnail","hentry","category-lifestyle","category-noticias"],"acf":[],"aioseo_notices":[],"_links":{"self":[{"href":"https:\/\/www.lasrosas.com.ar\/portal\/wp-json\/wp\/v2\/posts\/71813","targetHints":{"allow":["GET"]}}],"collection":[{"href":"https:\/\/www.lasrosas.com.ar\/portal\/wp-json\/wp\/v2\/posts"}],"about":[{"href":"https:\/\/www.lasrosas.com.ar\/portal\/wp-json\/wp\/v2\/types\/post"}],"author":[{"embeddable":true,"href":"https:\/\/www.lasrosas.com.ar\/portal\/wp-json\/wp\/v2\/users\/6"}],"replies":[{"embeddable":true,"href":"https:\/\/www.lasrosas.com.ar\/portal\/wp-json\/wp\/v2\/comments?post=71813"}],"version-history":[{"count":1,"href":"https:\/\/www.lasrosas.com.ar\/portal\/wp-json\/wp\/v2\/posts\/71813\/revisions"}],"predecessor-version":[{"id":71816,"href":"https:\/\/www.lasrosas.com.ar\/portal\/wp-json\/wp\/v2\/posts\/71813\/revisions\/71816"}],"wp:featuredmedia":[{"embeddable":true,"href":"https:\/\/www.lasrosas.com.ar\/portal\/wp-json\/wp\/v2\/media\/71815"}],"wp:attachment":[{"href":"https:\/\/www.lasrosas.com.ar\/portal\/wp-json\/wp\/v2\/media?parent=71813"}],"wp:term":[{"taxonomy":"category","embeddable":true,"href":"https:\/\/www.lasrosas.com.ar\/portal\/wp-json\/wp\/v2\/categories?post=71813"},{"taxonomy":"post_tag","embeddable":true,"href":"https:\/\/www.lasrosas.com.ar\/portal\/wp-json\/wp\/v2\/tags?post=71813"}],"curies":[{"name":"wp","href":"https:\/\/api.w.org\/{rel}","templated":true}]}}