{"id":71400,"date":"2023-09-22T15:51:02","date_gmt":"2023-09-22T18:51:02","guid":{"rendered":"https:\/\/www.lasrosas.com.ar\/portal\/?p=71400"},"modified":"2023-09-22T15:51:04","modified_gmt":"2023-09-22T18:51:04","slug":"un-encuentro-con-rosalia-en-el-front-row-del-fashion-show-de-prada","status":"publish","type":"post","link":"https:\/\/www.lasrosas.com.ar\/portal\/un-encuentro-con-rosalia-en-el-front-row-del-fashion-show-de-prada\/","title":{"rendered":"UN ENCUENTRO CON ROSAL\u00cdA EN EL FRONT-ROW DEL FASHION SHOW DE PRADA"},"content":{"rendered":"\n<p>El productor de moda <a href=\"https:\/\/www.instagram.com\/nicofreijo\/\">Nico Freijo<\/a> comparti\u00f3 un encuentro con la exitosa artista espa\u00f1ola en el marco de la Semana de la Moda de Mil\u00e1n, quien asisti\u00f3 al desfile de Prada de la mano de su gran amiga Kylie Jenner. Ambas apostaron por looks sobrios y formales. Kylie se sum\u00f3 a la tendencia del momento, el <em>total black<\/em>, luciendo el vestido negro m\u00e1s viral del Milan Fashion Week.&nbsp;<\/p>\n\n\n\n<figure class=\"wp-block-image size-large\"><img decoding=\"async\" width=\"1920\" height=\"1080\" data-src=\"https:\/\/www.lasrosas.com.ar\/portal\/wp-content\/uploads\/image00008C-1-1920x1080.jpg\" alt=\"\" class=\"wp-image-71404 lazyload\" data-srcset=\"https:\/\/www.lasrosas.com.ar\/portal\/wp-content\/uploads\/image00008C-1-1920x1080.jpg 1920w, https:\/\/www.lasrosas.com.ar\/portal\/wp-content\/uploads\/image00008C-1-960x540.jpg 960w, https:\/\/www.lasrosas.com.ar\/portal\/wp-content\/uploads\/image00008C-1-1536x864.jpg 1536w, https:\/\/www.lasrosas.com.ar\/portal\/wp-content\/uploads\/image00008C-1-scaled.jpg 2048w\" data-sizes=\"(max-width: 1920px) 100vw, 1920px\" src=\"data:image\/svg+xml;base64,PHN2ZyB3aWR0aD0iMSIgaGVpZ2h0PSIxIiB4bWxucz0iaHR0cDovL3d3dy53My5vcmcvMjAwMC9zdmciPjwvc3ZnPg==\" style=\"--smush-placeholder-width: 1920px; --smush-placeholder-aspect-ratio: 1920\/1080;\" \/><\/figure>\n\n\n\n<p>La reina del fashion world, Anna Wintour, y Nico Freijo completaron la escena de uno de los desfiles m\u00e1s cotizados de la temporada. Durante el show de Prada de primavera\/verano 2024, Rosal\u00eda y Nico se tomaron una selfie que pasar\u00e1 a la historia y la premiada artista bendijo al estilista en este fabuloso encuentro que revive el esp\u00edritu de los fashionistas m\u00e1s aclamados.\u00a0<\/p>\n\n\n\n<figure class=\"wp-block-gallery columns-1 is-cropped wp-block-gallery-1 is-layout-flex wp-block-gallery-is-layout-flex\"><ul class=\"blocks-gallery-grid\"><li class=\"blocks-gallery-item\"><figure><img decoding=\"async\" width=\"1080\" height=\"1920\" data-src=\"https:\/\/www.lasrosas.com.ar\/portal\/wp-content\/uploads\/9C-1080x1920.jpg\" alt=\"\" data-id=\"71401\" data-full-url=\"https:\/\/www.lasrosas.com.ar\/portal\/wp-content\/uploads\/9C-scaled.jpg\" data-link=\"https:\/\/www.lasrosas.com.ar\/portal\/?attachment_id=71401\" class=\"wp-image-71401 lazyload\" data-srcset=\"https:\/\/www.lasrosas.com.ar\/portal\/wp-content\/uploads\/\/9C-1080x1920.jpg 1080w, https:\/\/www.lasrosas.com.ar\/portal\/wp-content\/uploads\/\/9C-540x960.jpg 540w, https:\/\/www.lasrosas.com.ar\/portal\/wp-content\/uploads\/\/9C-864x1536.jpg 864w, https:\/\/www.lasrosas.com.ar\/portal\/wp-content\/uploads\/\/9C-scaled.jpg 1152w\" data-sizes=\"(max-width: 1080px) 100vw, 1080px\" src=\"data:image\/svg+xml;base64,PHN2ZyB3aWR0aD0iMSIgaGVpZ2h0PSIxIiB4bWxucz0iaHR0cDovL3d3dy53My5vcmcvMjAwMC9zdmciPjwvc3ZnPg==\" style=\"--smush-placeholder-width: 1080px; --smush-placeholder-aspect-ratio: 1080\/1920;\" \/><\/figure><\/li><\/ul><\/figure>\n<!-- AddThis Advanced Settings generic via filter on the_content --><!-- AddThis Share Buttons generic via filter on the_content -->","protected":false},"excerpt":{"rendered":"<p>El productor de moda Nico Freijo comparti\u00f3 un encuentro con la exitosa artista espa\u00f1ola en el marco de la Semana de la Moda de Mil\u00e1n, quien asisti\u00f3 al desfile de Prada de la mano de su gran amiga Kylie Jenner. Ambas apostaron por looks sobrios y formales. Kylie se sum\u00f3 a la tendencia del momento, [&hellip;]<!-- AddThis Advanced Settings generic via filter on get_the_excerpt --><!-- AddThis Share Buttons generic via filter on get_the_excerpt --><\/p>\n","protected":false},"author":6,"featured_media":71403,"comment_status":"closed","ping_status":"open","sticky":false,"template":"","format":"standard","meta":{"_acf_changed":false,"om_disable_all_campaigns":false,"_monsterinsights_skip_tracking":false,"_monsterinsights_sitenote_active":false,"_monsterinsights_sitenote_note":"","_monsterinsights_sitenote_category":0,"_uf_show_specific_survey":0,"_uf_disable_surveys":false,"footnotes":""},"categories":[100],"tags":[],"class_list":["post-71400","post","type-post","status-publish","format-standard","has-post-thumbnail","hentry","category-noticias"],"acf":[],"aioseo_notices":[],"_links":{"self":[{"href":"https:\/\/www.lasrosas.com.ar\/portal\/wp-json\/wp\/v2\/posts\/71400","targetHints":{"allow":["GET"]}}],"collection":[{"href":"https:\/\/www.lasrosas.com.ar\/portal\/wp-json\/wp\/v2\/posts"}],"about":[{"href":"https:\/\/www.lasrosas.com.ar\/portal\/wp-json\/wp\/v2\/types\/post"}],"author":[{"embeddable":true,"href":"https:\/\/www.lasrosas.com.ar\/portal\/wp-json\/wp\/v2\/users\/6"}],"replies":[{"embeddable":true,"href":"https:\/\/www.lasrosas.com.ar\/portal\/wp-json\/wp\/v2\/comments?post=71400"}],"version-history":[{"count":0,"href":"https:\/\/www.lasrosas.com.ar\/portal\/wp-json\/wp\/v2\/posts\/71400\/revisions"}],"wp:featuredmedia":[{"embeddable":true,"href":"https:\/\/www.lasrosas.com.ar\/portal\/wp-json\/wp\/v2\/media\/71403"}],"wp:attachment":[{"href":"https:\/\/www.lasrosas.com.ar\/portal\/wp-json\/wp\/v2\/media?parent=71400"}],"wp:term":[{"taxonomy":"category","embeddable":true,"href":"https:\/\/www.lasrosas.com.ar\/portal\/wp-json\/wp\/v2\/categories?post=71400"},{"taxonomy":"post_tag","embeddable":true,"href":"https:\/\/www.lasrosas.com.ar\/portal\/wp-json\/wp\/v2\/tags?post=71400"}],"curies":[{"name":"wp","href":"https:\/\/api.w.org\/{rel}","templated":true}]}}