{"id":71079,"date":"2023-09-14T13:46:00","date_gmt":"2023-09-14T16:46:00","guid":{"rendered":"https:\/\/www.lasrosas.com.ar\/portal\/?p=71079"},"modified":"2023-09-14T13:46:03","modified_gmt":"2023-09-14T16:46:03","slug":"luigi-bosca-rose-is-a-rose-un-vino-delicado-y-versatil-para-redescubrir-en-primavera","status":"publish","type":"post","link":"https:\/\/www.lasrosas.com.ar\/portal\/luigi-bosca-rose-is-a-rose-un-vino-delicado-y-versatil-para-redescubrir-en-primavera\/","title":{"rendered":"LUIGI BOSCA ROS\u00c9 IS A ROS\u00c9, UN VINO DELICADO Y VERS\u00c1TIL PARA REDESCUBRIR EN PRIMAVERA"},"content":{"rendered":"\n<p>De a poco la temperatura comienza a elevarse, los d\u00edas soleados se alargan y las plantas florecen. Con este nuevo comienzo, los colores y fragancias naturales invitan a disfrutar de vinos frescos y arom\u00e1ticos, como los rosados, que resultan grandes aliados para las reuniones al aire libre.<\/p>\n\n\n\n<figure class=\"wp-block-image size-large\"><img decoding=\"async\" width=\"746\" height=\"1920\" data-src=\"https:\/\/www.lasrosas.com.ar\/portal\/wp-content\/uploads\/Foto-Luigi-Bosca-Rose-2022-746x1920.png\" alt=\"\" class=\"wp-image-71081 lazyload\" data-srcset=\"https:\/\/www.lasrosas.com.ar\/portal\/wp-content\/uploads\/Foto-Luigi-Bosca-Rose-2022-746x1920.png 746w, https:\/\/www.lasrosas.com.ar\/portal\/wp-content\/uploads\/Foto-Luigi-Bosca-Rose-2022-373x960.png 373w, https:\/\/www.lasrosas.com.ar\/portal\/wp-content\/uploads\/Foto-Luigi-Bosca-Rose-2022-597x1536.png 597w, https:\/\/www.lasrosas.com.ar\/portal\/wp-content\/uploads\/Foto-Luigi-Bosca-Rose-2022-scaled.png 796w\" data-sizes=\"(max-width: 746px) 100vw, 746px\" src=\"data:image\/svg+xml;base64,PHN2ZyB3aWR0aD0iMSIgaGVpZ2h0PSIxIiB4bWxucz0iaHR0cDovL3d3dy53My5vcmcvMjAwMC9zdmciPjwvc3ZnPg==\" style=\"--smush-placeholder-width: 746px; --smush-placeholder-aspect-ratio: 746\/1920;\" \/><\/figure>\n\n\n\n<p>Para esta primavera, te recomendamos el&nbsp;<strong>Luigi Bosca Ros\u00e9 is a Ros\u00e9<\/strong>, un vino inspirado en los rosados elegantes de la Provenza y pensado desde el vi\u00f1edo. Es innovador, vers\u00e1til y original. Elaborado a partir de la variedad Pinot Noir, es un vino de aromas vibrantes, vivacidad y frescura en boca, con un car\u00e1cter expresivo muy frutal.<\/p>\n\n\n\n<p>El precio sugerido al p\u00fablico es $10.350 (IVA Incluido)<\/p>\n\n\n\n<p>Disponible en nuestra tienda online:\u00a0<a rel=\"noreferrer noopener\" href=\"https:\/\/tienda.luigibosca.com\/\" target=\"_blank\">tienda.luigibosca.com\/<\/a><\/p>\n\n\n\n<div class=\"wp-block-file\"><a href=\"https:\/\/www.lasrosas.com.ar\/portal\/wp-content\/uploads\/Ficha-Tecnica-Luigi-Bosca-Rose-2022.pdf\">Ficha-Tecnica-Luigi-Bosca-Rose-2022<\/a><a href=\"https:\/\/www.lasrosas.com.ar\/portal\/wp-content\/uploads\/Ficha-Tecnica-Luigi-Bosca-Rose-2022.pdf\" class=\"wp-block-file__button\" download>Descarga<\/a><\/div>\n\n\n\n<figure class=\"wp-block-image size-large\"><img decoding=\"async\" width=\"1754\" height=\"1241\" data-src=\"https:\/\/www.lasrosas.com.ar\/portal\/wp-content\/uploads\/Ficha-Tecnica-Luigi-Bosca-Rose-2022_page-0001.jpg\" alt=\"\" class=\"wp-image-71082 lazyload\" data-srcset=\"https:\/\/www.lasrosas.com.ar\/portal\/wp-content\/uploads\/\/Ficha-Tecnica-Luigi-Bosca-Rose-2022_page-0001.jpg 1754w, https:\/\/www.lasrosas.com.ar\/portal\/wp-content\/uploads\/\/Ficha-Tecnica-Luigi-Bosca-Rose-2022_page-0001-960x679.jpg 960w, https:\/\/www.lasrosas.com.ar\/portal\/wp-content\/uploads\/\/Ficha-Tecnica-Luigi-Bosca-Rose-2022_page-0001-1536x1087.jpg 1536w\" data-sizes=\"(max-width: 1754px) 100vw, 1754px\" src=\"data:image\/svg+xml;base64,PHN2ZyB3aWR0aD0iMSIgaGVpZ2h0PSIxIiB4bWxucz0iaHR0cDovL3d3dy53My5vcmcvMjAwMC9zdmciPjwvc3ZnPg==\" style=\"--smush-placeholder-width: 1754px; --smush-placeholder-aspect-ratio: 1754\/1241;\" \/><\/figure>\n<!-- AddThis Advanced Settings generic via filter on the_content --><!-- AddThis Share Buttons generic via filter on the_content -->","protected":false},"excerpt":{"rendered":"<p>De a poco la temperatura comienza a elevarse, los d\u00edas soleados se alargan y las plantas florecen. Con este nuevo comienzo, los colores y fragancias naturales invitan a disfrutar de vinos frescos y arom\u00e1ticos, como los rosados, que resultan grandes aliados para las reuniones al aire libre. Para esta primavera, te recomendamos el&nbsp;Luigi Bosca Ros\u00e9 [&hellip;]<!-- AddThis Advanced Settings generic via filter on get_the_excerpt --><!-- AddThis Share Buttons generic via filter on get_the_excerpt --><\/p>\n","protected":false},"author":6,"featured_media":71083,"comment_status":"closed","ping_status":"open","sticky":false,"template":"","format":"standard","meta":{"_acf_changed":false,"om_disable_all_campaigns":false,"_monsterinsights_skip_tracking":false,"_monsterinsights_sitenote_active":false,"_monsterinsights_sitenote_note":"","_monsterinsights_sitenote_category":0,"_uf_show_specific_survey":0,"_uf_disable_surveys":false,"footnotes":""},"categories":[100],"tags":[],"class_list":["post-71079","post","type-post","status-publish","format-standard","has-post-thumbnail","hentry","category-noticias"],"acf":[],"aioseo_notices":[],"_links":{"self":[{"href":"https:\/\/www.lasrosas.com.ar\/portal\/wp-json\/wp\/v2\/posts\/71079","targetHints":{"allow":["GET"]}}],"collection":[{"href":"https:\/\/www.lasrosas.com.ar\/portal\/wp-json\/wp\/v2\/posts"}],"about":[{"href":"https:\/\/www.lasrosas.com.ar\/portal\/wp-json\/wp\/v2\/types\/post"}],"author":[{"embeddable":true,"href":"https:\/\/www.lasrosas.com.ar\/portal\/wp-json\/wp\/v2\/users\/6"}],"replies":[{"embeddable":true,"href":"https:\/\/www.lasrosas.com.ar\/portal\/wp-json\/wp\/v2\/comments?post=71079"}],"version-history":[{"count":0,"href":"https:\/\/www.lasrosas.com.ar\/portal\/wp-json\/wp\/v2\/posts\/71079\/revisions"}],"wp:featuredmedia":[{"embeddable":true,"href":"https:\/\/www.lasrosas.com.ar\/portal\/wp-json\/wp\/v2\/media\/71083"}],"wp:attachment":[{"href":"https:\/\/www.lasrosas.com.ar\/portal\/wp-json\/wp\/v2\/media?parent=71079"}],"wp:term":[{"taxonomy":"category","embeddable":true,"href":"https:\/\/www.lasrosas.com.ar\/portal\/wp-json\/wp\/v2\/categories?post=71079"},{"taxonomy":"post_tag","embeddable":true,"href":"https:\/\/www.lasrosas.com.ar\/portal\/wp-json\/wp\/v2\/tags?post=71079"}],"curies":[{"name":"wp","href":"https:\/\/api.w.org\/{rel}","templated":true}]}}