{"id":71061,"date":"2023-09-13T13:07:08","date_gmt":"2023-09-13T16:07:08","guid":{"rendered":"https:\/\/www.lasrosas.com.ar\/portal\/?p=71061"},"modified":"2023-09-13T13:07:10","modified_gmt":"2023-09-13T16:07:10","slug":"dia-mundial-del-chocolate-las-mejores-recetas-para-celebrar-este-dia","status":"publish","type":"post","link":"https:\/\/www.lasrosas.com.ar\/portal\/dia-mundial-del-chocolate-las-mejores-recetas-para-celebrar-este-dia\/","title":{"rendered":"D\u00cdA MUNDIAL DEL CHOCOLATE: LAS MEJORES RECETAS PARA CELEBRAR ESTE D\u00cdA"},"content":{"rendered":"\n<p>Cada 13 de septiembre, se conmemora el D\u00eda Internacional del Chocolate. NESTL\u00c9\u00ae ofrece deliciosas recetas para celebrarlo.<\/p>\n\n\n\n<p>El 13 de septiembre se celebra el D\u00eda Internacional del Chocolate, fecha elegida en honor al nacimiento de Roald Dahl -autor de \u00abCharlie y la F\u00e1brica de Chocolates\u00bb- una festividad que invita a dejarse tentar por las mejores recetas chocolatosas.<\/p>\n\n\n\n<p>Argentina es uno de los pa\u00edses de la regi\u00f3n con mayor consumo de chocolate: se estima que en nuestro pa\u00eds se consumen 2 kg per c\u00e1pita por a\u00f1o, ya sea en formato tableta, bombones, con leche, amargo o blanco. Para celebrar este d\u00eda, chocolates NESTL\u00c9\u00ae, en conjunto con Recetas NESTL\u00c9\u00ae, comparten deliciosas recetas con este ingrediente para compartir con amigos o familia.\u00a0<\/p>\n\n\n\n<figure class=\"wp-block-image\"><img decoding=\"async\" data-src=\"https:\/\/lh4.googleusercontent.com\/24UU65ygJYP0GMnSTgM-8u5IqhftVgZuhE94zd3KtvvAY2hIUwLGHQztruq_DN9rvwxWWYflqZS8xPOx4AxAJ5JZuVbJVy43VXZSyS-7JItK9b9OtYJ9lfRpFW6VBrAkVZkL9Cyn-nOL7k9F4Tt-Sg\" alt=\"\" src=\"data:image\/svg+xml;base64,PHN2ZyB3aWR0aD0iMSIgaGVpZ2h0PSIxIiB4bWxucz0iaHR0cDovL3d3dy53My5vcmcvMjAwMC9zdmciPjwvc3ZnPg==\" class=\"lazyload\" \/><\/figure>\n\n\n\n<p><strong>Mousse helada de chocolate<\/strong><\/p>\n\n\n\n<ul class=\"wp-block-list\"><li>100 gr de chocolate NESTL\u00c9\u00ae Classic Semi Amargo&nbsp;<\/li><li>\u00bd paquete de leche condensada NESTL\u00c9\u00ae<\/li><li>200 cm3 de crema batida<\/li><\/ul>\n\n\n\n<ol class=\"wp-block-list\"><li>Picar el chocolate y fundirlo a ba\u00f1o mar\u00eda o en el microondas y dejarlo enfriar.<\/li><li>A\u00f1adir la leche condensada, unir y por \u00faltimo adicionar la crema batida a punto chantilly con movimientos envolventes.<\/li><li>Colocar en recipientes y llevar al freezer no menos de 6 horas.<\/li><\/ol>\n\n\n\n<figure class=\"wp-block-image\"><img decoding=\"async\" data-src=\"https:\/\/lh6.googleusercontent.com\/MMgY62vwFsWo5tCkdeyQF3qNuKY2jC8quj7B331mJGAx_z8ks_30npVj-zFHaUeoBq8RyC66VUyAdMw37CJ9JRBlNKbsxXuU5MNnQ3vZI-IzgviJFUO0O19rIbkujO_qXNi-m2enn-VuFGS9V4CHQw\" alt=\"\" src=\"data:image\/svg+xml;base64,PHN2ZyB3aWR0aD0iMSIgaGVpZ2h0PSIxIiB4bWxucz0iaHR0cDovL3d3dy53My5vcmcvMjAwMC9zdmciPjwvc3ZnPg==\" class=\"lazyload\" \/><\/figure>\n\n\n\n<p><strong>Frappe NESCAF\u00c9\u00ae &amp; chocolate<\/strong><\/p>\n\n\n\n<ul class=\"wp-block-list\"><li>3 cucharadas de NESCAF\u00c9\u00ae Dolca Suave<\/li><li>350 ml de leche<\/li><li>33 g de chocolate NESTL\u00c9\u00ae Man\u00ed<\/li><li>Hielo<\/li><li>Crema chantilly a gusto<\/li><li>Salsa de chocolate a gusto<\/li><\/ul>\n\n\n\n<ol class=\"wp-block-list\"><li>En una licuadora agregar leche, chocolate NESTL\u00c9\u00ae Man\u00ed, NESCAF\u00c9\u00ae Dolca Suave, hielo y salsa de chocolate.<\/li><li>Licuar hasta que se unan todos los ingredientes.<\/li><li>\u00a1Listo! Decorar con crema chantilly y m\u00e1s salsa de chocolate.<\/li><\/ol>\n\n\n\n<p><strong>Alpino Cocktails<\/strong><\/p>\n\n\n\n<figure class=\"wp-block-image\"><img decoding=\"async\" data-src=\"https:\/\/lh3.googleusercontent.com\/aetRSPcw2kPHbFTSL8C-zHqodyNEDk8p6EHJ9_GlbBrFUNb7xjkLkvKQWgI6BMmB83rcxoeNxttJE1Nly08tZJM2yd_9DuqT0wIXjnINcaaAqQTranu47C5LQ9BFUMod2R7jihIqX3MWfQJujUzJ3Q\" alt=\"\" src=\"data:image\/svg+xml;base64,PHN2ZyB3aWR0aD0iMSIgaGVpZ2h0PSIxIiB4bWxucz0iaHR0cDovL3d3dy53My5vcmcvMjAwMC9zdmciPjwvc3ZnPg==\" class=\"lazyload\" \/><\/figure>\n\n\n\n<p>Martini Coffee Top<\/p>\n\n\n\n<ul class=\"wp-block-list\"><li>60 ml de Vodka<\/li><li>60 ml de NESCAF\u00c9 Gold<\/li><li>50 ml de alm\u00edbar de canela<\/li><li>1 cucharada de crema de leche<\/li><li>Ralladura de chocolate Alpino Black Top<\/li><\/ul>\n\n\n\n<figure class=\"wp-block-image\"><img decoding=\"async\" data-src=\"https:\/\/lh6.googleusercontent.com\/Pv46Y9HaAwsfSKovv56qSVjV3_phwXCNmhu1Wq2gznIoj5dK4gXWoUNT53Q9W5IC_EDtwwcFKAjgdxMLJZJrY1kDeP4vTvXMIZuKI399WnL4tXoOGdiiXUQLiKaSHRXP-I9tBCbDobuA6T3vAE4v2Q\" alt=\"\" src=\"data:image\/svg+xml;base64,PHN2ZyB3aWR0aD0iMSIgaGVpZ2h0PSIxIiB4bWxucz0iaHR0cDovL3d3dy53My5vcmcvMjAwMC9zdmciPjwvc3ZnPg==\" class=\"lazyload\" \/><\/figure>\n\n\n\n<p>Alpino Frozen<\/p>\n\n\n\n<ul class=\"wp-block-list\"><li>60 ml ron dorado<\/li><li>4 cucharadas de helado de vainilla<\/li><li>3 gotas de esencia de vainilla<\/li><li>30 ml de alm\u00edbar simple<\/li><li>4 cuadraditos de chocolate Alpino con leche<\/li><\/ul>\n\n\n\n<figure class=\"wp-block-image\"><img decoding=\"async\" data-src=\"https:\/\/lh6.googleusercontent.com\/mltp8Uq86H0rcdmqO2It_kT5RgAmveHIXEbtDs5aCPrSRile2ibqNp9aPCSbPvnqgh41PVG3URJVVwbYlTVEZ6Dhv6VBEuwYuWSYslFk-75YpPdF1C9wO2yIyswL6NzahGj8IeGeTGEUxA1OBmblwg\" alt=\"\" src=\"data:image\/svg+xml;base64,PHN2ZyB3aWR0aD0iMSIgaGVpZ2h0PSIxIiB4bWxucz0iaHR0cDovL3d3dy53My5vcmcvMjAwMC9zdmciPjwvc3ZnPg==\" class=\"lazyload\" \/><\/figure>\n\n\n\n<p>Fashion Bitter<\/p>\n\n\n\n<ul class=\"wp-block-list\"><li>60 ml de whisky<\/li><li>30 ml de jugo de naranja<\/li><li>4 gotas de bitter de cardamomo y naranja<\/li><li>1 shot de chocolate Alpino Dark 51% derretido<\/li><\/ul>\n\n\n\n<p>Desde Recetas NESTL\u00c9\u00ae te invitamos a hacer todas las preparaciones que tengas pendientes, para que te diviertas cocinando con ingenio. <a href=\"https:\/\/www.recetasnestle.com.ar\/categorias\/recetas-con-chocolates-nestle\">\u00a1hac\u00e9 clic ac\u00e1!<\/a><\/p>\n<!-- AddThis Advanced Settings generic via filter on the_content --><!-- AddThis Share Buttons generic via filter on the_content -->","protected":false},"excerpt":{"rendered":"<p>Cada 13 de septiembre, se conmemora el D\u00eda Internacional del Chocolate. NESTL\u00c9\u00ae ofrece deliciosas recetas para celebrarlo. El 13 de septiembre se celebra el D\u00eda Internacional del Chocolate, fecha elegida en honor al nacimiento de Roald Dahl -autor de \u00abCharlie y la F\u00e1brica de Chocolates\u00bb- una festividad que invita a dejarse tentar por las mejores [&hellip;]<!-- AddThis Advanced Settings generic via filter on get_the_excerpt --><!-- AddThis Share Buttons generic via filter on get_the_excerpt --><\/p>\n","protected":false},"author":6,"featured_media":71062,"comment_status":"closed","ping_status":"open","sticky":false,"template":"","format":"standard","meta":{"_acf_changed":false,"om_disable_all_campaigns":false,"_monsterinsights_skip_tracking":false,"_monsterinsights_sitenote_active":false,"_monsterinsights_sitenote_note":"","_monsterinsights_sitenote_category":0,"_uf_show_specific_survey":0,"_uf_disable_surveys":false,"footnotes":""},"categories":[100],"tags":[],"class_list":["post-71061","post","type-post","status-publish","format-standard","has-post-thumbnail","hentry","category-noticias"],"acf":[],"aioseo_notices":[],"_links":{"self":[{"href":"https:\/\/www.lasrosas.com.ar\/portal\/wp-json\/wp\/v2\/posts\/71061","targetHints":{"allow":["GET"]}}],"collection":[{"href":"https:\/\/www.lasrosas.com.ar\/portal\/wp-json\/wp\/v2\/posts"}],"about":[{"href":"https:\/\/www.lasrosas.com.ar\/portal\/wp-json\/wp\/v2\/types\/post"}],"author":[{"embeddable":true,"href":"https:\/\/www.lasrosas.com.ar\/portal\/wp-json\/wp\/v2\/users\/6"}],"replies":[{"embeddable":true,"href":"https:\/\/www.lasrosas.com.ar\/portal\/wp-json\/wp\/v2\/comments?post=71061"}],"version-history":[{"count":0,"href":"https:\/\/www.lasrosas.com.ar\/portal\/wp-json\/wp\/v2\/posts\/71061\/revisions"}],"wp:featuredmedia":[{"embeddable":true,"href":"https:\/\/www.lasrosas.com.ar\/portal\/wp-json\/wp\/v2\/media\/71062"}],"wp:attachment":[{"href":"https:\/\/www.lasrosas.com.ar\/portal\/wp-json\/wp\/v2\/media?parent=71061"}],"wp:term":[{"taxonomy":"category","embeddable":true,"href":"https:\/\/www.lasrosas.com.ar\/portal\/wp-json\/wp\/v2\/categories?post=71061"},{"taxonomy":"post_tag","embeddable":true,"href":"https:\/\/www.lasrosas.com.ar\/portal\/wp-json\/wp\/v2\/tags?post=71061"}],"curies":[{"name":"wp","href":"https:\/\/api.w.org\/{rel}","templated":true}]}}