{"id":7091,"date":"2018-08-31T10:00:01","date_gmt":"2018-08-31T13:00:01","guid":{"rendered":"https:\/\/www.lasrosas.com.ar\/portal\/?p=7091"},"modified":"2018-08-30T17:05:56","modified_gmt":"2018-08-30T20:05:56","slug":"mi-hermano-es-un-clon","status":"publish","type":"post","link":"https:\/\/www.lasrosas.com.ar\/portal\/mi-hermano-es-un-clon\/","title":{"rendered":"MI HERMANO ES UN CLON"},"content":{"rendered":"<h3><strong>El lunes arranca la nueva producci\u00f3n de Polka, encabezada por Nicol\u00e1s Cabr\u00e9, Gimena Accardi y Florencia Vigna.\u00a0<\/strong><\/h3>\n<p>La nueva nocturna viene a reemplazar a \u00abSimona\u00bb que termina est\u00e1 noche, tras un \u00e9xito en la pantalla chica. Est\u00e1 nueva serie gira entorno a Renzo, concebido mediante fecundaci\u00f3n en vitro gracias a su abuelo, qui\u00e9n ayudo a su hija Marcela a cumplir su deseo de ser madre. Pero paralelamente, separ\u00f3 material gen\u00e9tico para desarrollar el primer clon humano, naciendo as\u00ed Mateo. <strong>El conflicto comienza cuando uno de ellos se entera de la existencia del otro.\u00a0<\/strong><\/p>\n<p><strong>Te mostramos un adelanto de la serie que ocupar\u00e1 el prime-time en la pantalla de canal 13.<\/strong><\/p>\n<p><iframe title=\"\u00a1El #SuperLunes 3 de septiembre llega &quot;Mi hermano es un clon&quot;!\" width=\"500\" height=\"281\" data-src=\"https:\/\/www.youtube.com\/embed\/8BymytluGHI?feature=oembed\" frameborder=\"0\" allow=\"accelerometer; autoplay; clipboard-write; encrypted-media; gyroscope; picture-in-picture; web-share\" referrerpolicy=\"strict-origin-when-cross-origin\" allowfullscreen src=\"data:image\/svg+xml;base64,PHN2ZyB3aWR0aD0iMSIgaGVpZ2h0PSIxIiB4bWxucz0iaHR0cDovL3d3dy53My5vcmcvMjAwMC9zdmciPjwvc3ZnPg==\" class=\"lazyload\" data-load-mode=\"1\"><\/iframe><\/p>\n<!-- AddThis Advanced Settings generic via filter on the_content --><!-- AddThis Share Buttons generic via filter on the_content -->","protected":false},"excerpt":{"rendered":"<p>El lunes arranca la nueva producci\u00f3n de Polka, encabezada por Nicol\u00e1s Cabr\u00e9, Gimena Accardi y Florencia Vigna.\u00a0 La nueva nocturna viene a reemplazar a \u00abSimona\u00bb que termina est\u00e1 noche, tras un \u00e9xito en la pantalla chica. Est\u00e1 nueva serie gira entorno a Renzo, concebido mediante fecundaci\u00f3n en vitro gracias a su abuelo, qui\u00e9n ayudo a [&hellip;]<!-- AddThis Advanced Settings generic via filter on get_the_excerpt --><!-- AddThis Share Buttons generic via filter on get_the_excerpt --><\/p>\n","protected":false},"author":6,"featured_media":7092,"comment_status":"closed","ping_status":"open","sticky":false,"template":"","format":"standard","meta":{"_acf_changed":false,"om_disable_all_campaigns":false,"_monsterinsights_skip_tracking":false,"_monsterinsights_sitenote_active":false,"_monsterinsights_sitenote_note":"","_monsterinsights_sitenote_category":0,"_uf_show_specific_survey":0,"_uf_disable_surveys":false,"footnotes":""},"categories":[100],"tags":[],"class_list":["post-7091","post","type-post","status-publish","format-standard","has-post-thumbnail","hentry","category-noticias"],"acf":[],"aioseo_notices":[],"_links":{"self":[{"href":"https:\/\/www.lasrosas.com.ar\/portal\/wp-json\/wp\/v2\/posts\/7091","targetHints":{"allow":["GET"]}}],"collection":[{"href":"https:\/\/www.lasrosas.com.ar\/portal\/wp-json\/wp\/v2\/posts"}],"about":[{"href":"https:\/\/www.lasrosas.com.ar\/portal\/wp-json\/wp\/v2\/types\/post"}],"author":[{"embeddable":true,"href":"https:\/\/www.lasrosas.com.ar\/portal\/wp-json\/wp\/v2\/users\/6"}],"replies":[{"embeddable":true,"href":"https:\/\/www.lasrosas.com.ar\/portal\/wp-json\/wp\/v2\/comments?post=7091"}],"version-history":[{"count":0,"href":"https:\/\/www.lasrosas.com.ar\/portal\/wp-json\/wp\/v2\/posts\/7091\/revisions"}],"wp:featuredmedia":[{"embeddable":true,"href":"https:\/\/www.lasrosas.com.ar\/portal\/wp-json\/wp\/v2\/media\/7092"}],"wp:attachment":[{"href":"https:\/\/www.lasrosas.com.ar\/portal\/wp-json\/wp\/v2\/media?parent=7091"}],"wp:term":[{"taxonomy":"category","embeddable":true,"href":"https:\/\/www.lasrosas.com.ar\/portal\/wp-json\/wp\/v2\/categories?post=7091"},{"taxonomy":"post_tag","embeddable":true,"href":"https:\/\/www.lasrosas.com.ar\/portal\/wp-json\/wp\/v2\/tags?post=7091"}],"curies":[{"name":"wp","href":"https:\/\/api.w.org\/{rel}","templated":true}]}}