{"id":70831,"date":"2023-09-07T13:21:18","date_gmt":"2023-09-07T16:21:18","guid":{"rendered":"https:\/\/www.lasrosas.com.ar\/portal\/?p=70831"},"modified":"2023-09-07T13:22:59","modified_gmt":"2023-09-07T16:22:59","slug":"lovely-denim-por-primera-vez-en-una-nueva-edicion-de-bafweek","status":"publish","type":"post","link":"https:\/\/www.lasrosas.com.ar\/portal\/lovely-denim-por-primera-vez-en-una-nueva-edicion-de-bafweek\/","title":{"rendered":"LOVELY DENIM POR PRIMERA VEZ EN UNA NUEVA EDICI\u00d3N DE BAFWEEK"},"content":{"rendered":"\n<p>El mi\u00e9rcoles 6 de septiembre, <strong>LOVELY DENIM<\/strong>, present\u00f3 la colecci\u00f3n <strong><em>\u201cSummer Denim Stories\u201d <\/em><\/strong>con una performance en vivo en el espacio de Art Lab.&nbsp;<\/p>\n\n\n\n<p>Modelos con total looks desfilaron los nuevos dise\u00f1os en un evento que reuni\u00f3 a m\u00e1s de 300 personas entre invitados especiales, celebrities, influencers y amigos de la marca. El despliegue escenogr\u00e1fico, con proyecciones en pantallas, logr\u00f3 que el p\u00fablico se viera inmerso en el show. La sincronizaci\u00f3n de las im\u00e1genes y videos de la marca, junto a un juego de luces y m\u00fasica durante el desfile lograron crear dinamismo y diferentes momentos de cl\u00edmax a la performance.&nbsp;<\/p>\n\n\n\n<p>El evento comenz\u00f3 pasadas las 20:30hs con un cocktail, DJ set a cargo de Manu Barcel\u00f3 y un espacio de photo opp exclusivo de la marca. En esta instancia una instalaci\u00f3n de cuatro pantallas, con diferentes animaciones, invit\u00f3 a los asistentes a interactuar con sus celulares para obtener las im\u00e1genes en realidad aumentada. A las 21:30hs todos los asistentes fueron invitados a pasar a otra sala donde una proyecci\u00f3n de Lovely Denim dio inicio al desfile. Post performance, todos los invitados siguieron disfrutando del evento.&nbsp;<\/p>\n\n\n\n<figure class=\"wp-block-gallery columns-3 is-cropped wp-block-gallery-1 is-layout-flex wp-block-gallery-is-layout-flex\"><ul class=\"blocks-gallery-grid\"><li class=\"blocks-gallery-item\"><figure><img decoding=\"async\" width=\"1280\" height=\"1920\" data-src=\"https:\/\/www.lasrosas.com.ar\/portal\/wp-content\/uploads\/LOVELY-DENIM-en-BAF-Sol-Rivas.-Credito-GRUPO-MASS-jpg-1280x1920.jpg\" alt=\"\" data-id=\"70832\" data-full-url=\"https:\/\/www.lasrosas.com.ar\/portal\/wp-content\/uploads\/LOVELY-DENIM-en-BAF-Sol-Rivas.-Credito-GRUPO-MASS-jpg-scaled.jpg\" data-link=\"https:\/\/www.lasrosas.com.ar\/portal\/?attachment_id=70832\" class=\"wp-image-70832 lazyload\" data-srcset=\"https:\/\/www.lasrosas.com.ar\/portal\/wp-content\/uploads\/\/LOVELY-DENIM-en-BAF-Sol-Rivas.-Credito-GRUPO-MASS-jpg-1280x1920.jpg 1280w, https:\/\/www.lasrosas.com.ar\/portal\/wp-content\/uploads\/\/LOVELY-DENIM-en-BAF-Sol-Rivas.-Credito-GRUPO-MASS-jpg-640x960.jpg 640w, https:\/\/www.lasrosas.com.ar\/portal\/wp-content\/uploads\/\/LOVELY-DENIM-en-BAF-Sol-Rivas.-Credito-GRUPO-MASS-jpg-1024x1536.jpg 1024w, https:\/\/www.lasrosas.com.ar\/portal\/wp-content\/uploads\/\/LOVELY-DENIM-en-BAF-Sol-Rivas.-Credito-GRUPO-MASS-jpg-scaled.jpg 1365w\" data-sizes=\"(max-width: 1280px) 100vw, 1280px\" src=\"data:image\/svg+xml;base64,PHN2ZyB3aWR0aD0iMSIgaGVpZ2h0PSIxIiB4bWxucz0iaHR0cDovL3d3dy53My5vcmcvMjAwMC9zdmciPjwvc3ZnPg==\" style=\"--smush-placeholder-width: 1280px; --smush-placeholder-aspect-ratio: 1280\/1920;\" \/><\/figure><\/li><li class=\"blocks-gallery-item\"><figure><img decoding=\"async\" width=\"1280\" height=\"1920\" data-src=\"https:\/\/www.lasrosas.com.ar\/portal\/wp-content\/uploads\/LOVELY-DENIM-en-BAF-Valentina-Salezzi.-Credito-GRUPO-MASSjpg-1280x1920.jpg\" alt=\"\" data-id=\"70833\" data-full-url=\"https:\/\/www.lasrosas.com.ar\/portal\/wp-content\/uploads\/LOVELY-DENIM-en-BAF-Valentina-Salezzi.-Credito-GRUPO-MASSjpg-scaled.jpg\" data-link=\"https:\/\/www.lasrosas.com.ar\/portal\/?attachment_id=70833\" class=\"wp-image-70833 lazyload\" data-srcset=\"https:\/\/www.lasrosas.com.ar\/portal\/wp-content\/uploads\/\/LOVELY-DENIM-en-BAF-Valentina-Salezzi.-Credito-GRUPO-MASSjpg-1280x1920.jpg 1280w, https:\/\/www.lasrosas.com.ar\/portal\/wp-content\/uploads\/\/LOVELY-DENIM-en-BAF-Valentina-Salezzi.-Credito-GRUPO-MASSjpg-640x960.jpg 640w, https:\/\/www.lasrosas.com.ar\/portal\/wp-content\/uploads\/\/LOVELY-DENIM-en-BAF-Valentina-Salezzi.-Credito-GRUPO-MASSjpg-1024x1536.jpg 1024w, https:\/\/www.lasrosas.com.ar\/portal\/wp-content\/uploads\/\/LOVELY-DENIM-en-BAF-Valentina-Salezzi.-Credito-GRUPO-MASSjpg-scaled.jpg 1365w\" data-sizes=\"(max-width: 1280px) 100vw, 1280px\" src=\"data:image\/svg+xml;base64,PHN2ZyB3aWR0aD0iMSIgaGVpZ2h0PSIxIiB4bWxucz0iaHR0cDovL3d3dy53My5vcmcvMjAwMC9zdmciPjwvc3ZnPg==\" style=\"--smush-placeholder-width: 1280px; --smush-placeholder-aspect-ratio: 1280\/1920;\" \/><\/figure><\/li><li class=\"blocks-gallery-item\"><figure><img decoding=\"async\" width=\"1280\" height=\"1920\" data-src=\"https:\/\/www.lasrosas.com.ar\/portal\/wp-content\/uploads\/LOVELY-DENIM-en-BAF-Violeta-Asensio-y-Sofia-Jujuy.-Credito-GRUPO-MASS-jpg-1280x1920.jpg\" alt=\"\" data-id=\"70834\" data-full-url=\"https:\/\/www.lasrosas.com.ar\/portal\/wp-content\/uploads\/LOVELY-DENIM-en-BAF-Violeta-Asensio-y-Sofia-Jujuy.-Credito-GRUPO-MASS-jpg-scaled.jpg\" data-link=\"https:\/\/www.lasrosas.com.ar\/portal\/?attachment_id=70834\" class=\"wp-image-70834 lazyload\" data-srcset=\"https:\/\/www.lasrosas.com.ar\/portal\/wp-content\/uploads\/\/LOVELY-DENIM-en-BAF-Violeta-Asensio-y-Sofia-Jujuy.-Credito-GRUPO-MASS-jpg-1280x1920.jpg 1280w, https:\/\/www.lasrosas.com.ar\/portal\/wp-content\/uploads\/\/LOVELY-DENIM-en-BAF-Violeta-Asensio-y-Sofia-Jujuy.-Credito-GRUPO-MASS-jpg-640x960.jpg 640w, https:\/\/www.lasrosas.com.ar\/portal\/wp-content\/uploads\/\/LOVELY-DENIM-en-BAF-Violeta-Asensio-y-Sofia-Jujuy.-Credito-GRUPO-MASS-jpg-1024x1536.jpg 1024w, https:\/\/www.lasrosas.com.ar\/portal\/wp-content\/uploads\/\/LOVELY-DENIM-en-BAF-Violeta-Asensio-y-Sofia-Jujuy.-Credito-GRUPO-MASS-jpg-scaled.jpg 1365w\" data-sizes=\"(max-width: 1280px) 100vw, 1280px\" src=\"data:image\/svg+xml;base64,PHN2ZyB3aWR0aD0iMSIgaGVpZ2h0PSIxIiB4bWxucz0iaHR0cDovL3d3dy53My5vcmcvMjAwMC9zdmciPjwvc3ZnPg==\" style=\"--smush-placeholder-width: 1280px; --smush-placeholder-aspect-ratio: 1280\/1920;\" \/><\/figure><\/li><li class=\"blocks-gallery-item\"><figure><img decoding=\"async\" width=\"1280\" height=\"1920\" data-src=\"https:\/\/www.lasrosas.com.ar\/portal\/wp-content\/uploads\/LOVELY-DENIM-en-BAF-Valentina-Salezzi-y-Nati-Saal.-Credito-GRUPO-MASSjpg-1280x1920.jpg\" alt=\"\" data-id=\"70835\" data-full-url=\"https:\/\/www.lasrosas.com.ar\/portal\/wp-content\/uploads\/LOVELY-DENIM-en-BAF-Valentina-Salezzi-y-Nati-Saal.-Credito-GRUPO-MASSjpg-scaled.jpg\" data-link=\"https:\/\/www.lasrosas.com.ar\/portal\/?attachment_id=70835\" class=\"wp-image-70835 lazyload\" data-srcset=\"https:\/\/www.lasrosas.com.ar\/portal\/wp-content\/uploads\/\/LOVELY-DENIM-en-BAF-Valentina-Salezzi-y-Nati-Saal.-Credito-GRUPO-MASSjpg-1280x1920.jpg 1280w, https:\/\/www.lasrosas.com.ar\/portal\/wp-content\/uploads\/\/LOVELY-DENIM-en-BAF-Valentina-Salezzi-y-Nati-Saal.-Credito-GRUPO-MASSjpg-640x960.jpg 640w, https:\/\/www.lasrosas.com.ar\/portal\/wp-content\/uploads\/\/LOVELY-DENIM-en-BAF-Valentina-Salezzi-y-Nati-Saal.-Credito-GRUPO-MASSjpg-1024x1536.jpg 1024w, https:\/\/www.lasrosas.com.ar\/portal\/wp-content\/uploads\/\/LOVELY-DENIM-en-BAF-Valentina-Salezzi-y-Nati-Saal.-Credito-GRUPO-MASSjpg-scaled.jpg 1365w\" data-sizes=\"(max-width: 1280px) 100vw, 1280px\" src=\"data:image\/svg+xml;base64,PHN2ZyB3aWR0aD0iMSIgaGVpZ2h0PSIxIiB4bWxucz0iaHR0cDovL3d3dy53My5vcmcvMjAwMC9zdmciPjwvc3ZnPg==\" style=\"--smush-placeholder-width: 1280px; --smush-placeholder-aspect-ratio: 1280\/1920;\" \/><\/figure><\/li><li class=\"blocks-gallery-item\"><figure><img decoding=\"async\" width=\"1280\" height=\"1920\" data-src=\"https:\/\/www.lasrosas.com.ar\/portal\/wp-content\/uploads\/LOVELY-DENIM-Santi-Artemis-1--1280x1920.jpg\" alt=\"\" data-id=\"70836\" data-full-url=\"https:\/\/www.lasrosas.com.ar\/portal\/wp-content\/uploads\/LOVELY-DENIM-Santi-Artemis-1--scaled.jpg\" data-link=\"https:\/\/www.lasrosas.com.ar\/portal\/?attachment_id=70836\" class=\"wp-image-70836 lazyload\" data-srcset=\"https:\/\/www.lasrosas.com.ar\/portal\/wp-content\/uploads\/\/LOVELY-DENIM-Santi-Artemis-1--1280x1920.jpg 1280w, https:\/\/www.lasrosas.com.ar\/portal\/wp-content\/uploads\/\/LOVELY-DENIM-Santi-Artemis-1--640x960.jpg 640w, https:\/\/www.lasrosas.com.ar\/portal\/wp-content\/uploads\/\/LOVELY-DENIM-Santi-Artemis-1--1024x1536.jpg 1024w, https:\/\/www.lasrosas.com.ar\/portal\/wp-content\/uploads\/\/LOVELY-DENIM-Santi-Artemis-1--scaled.jpg 1365w\" data-sizes=\"(max-width: 1280px) 100vw, 1280px\" src=\"data:image\/svg+xml;base64,PHN2ZyB3aWR0aD0iMSIgaGVpZ2h0PSIxIiB4bWxucz0iaHR0cDovL3d3dy53My5vcmcvMjAwMC9zdmciPjwvc3ZnPg==\" style=\"--smush-placeholder-width: 1280px; --smush-placeholder-aspect-ratio: 1280\/1920;\" \/><\/figure><\/li><li class=\"blocks-gallery-item\"><figure><img decoding=\"async\" width=\"1920\" height=\"1280\" data-src=\"https:\/\/www.lasrosas.com.ar\/portal\/wp-content\/uploads\/LOVELY-DENIM-Santi-Artemis-Mariana-Toledano-109-1920x1280.jpg\" alt=\"\" data-id=\"70837\" data-full-url=\"https:\/\/www.lasrosas.com.ar\/portal\/wp-content\/uploads\/LOVELY-DENIM-Santi-Artemis-Mariana-Toledano-109-scaled.jpg\" data-link=\"https:\/\/www.lasrosas.com.ar\/portal\/?attachment_id=70837\" class=\"wp-image-70837 lazyload\" data-srcset=\"https:\/\/www.lasrosas.com.ar\/portal\/wp-content\/uploads\/\/LOVELY-DENIM-Santi-Artemis-Mariana-Toledano-109-1920x1280.jpg 1920w, https:\/\/www.lasrosas.com.ar\/portal\/wp-content\/uploads\/\/LOVELY-DENIM-Santi-Artemis-Mariana-Toledano-109-960x640.jpg 960w, https:\/\/www.lasrosas.com.ar\/portal\/wp-content\/uploads\/\/LOVELY-DENIM-Santi-Artemis-Mariana-Toledano-109-1536x1024.jpg 1536w, https:\/\/www.lasrosas.com.ar\/portal\/wp-content\/uploads\/\/LOVELY-DENIM-Santi-Artemis-Mariana-Toledano-109-scaled.jpg 2048w\" data-sizes=\"(max-width: 1920px) 100vw, 1920px\" src=\"data:image\/svg+xml;base64,PHN2ZyB3aWR0aD0iMSIgaGVpZ2h0PSIxIiB4bWxucz0iaHR0cDovL3d3dy53My5vcmcvMjAwMC9zdmciPjwvc3ZnPg==\" style=\"--smush-placeholder-width: 1920px; --smush-placeholder-aspect-ratio: 1920\/1280;\" \/><\/figure><\/li><li class=\"blocks-gallery-item\"><figure><img decoding=\"async\" width=\"1280\" height=\"1920\" data-src=\"https:\/\/www.lasrosas.com.ar\/portal\/wp-content\/uploads\/LOVELY-DENIM-Milagros-Brito-1-1280x1920.jpg\" alt=\"\" data-id=\"70838\" data-full-url=\"https:\/\/www.lasrosas.com.ar\/portal\/wp-content\/uploads\/LOVELY-DENIM-Milagros-Brito-1-scaled.jpg\" data-link=\"https:\/\/www.lasrosas.com.ar\/portal\/?attachment_id=70838\" class=\"wp-image-70838 lazyload\" data-srcset=\"https:\/\/www.lasrosas.com.ar\/portal\/wp-content\/uploads\/\/LOVELY-DENIM-Milagros-Brito-1-1280x1920.jpg 1280w, https:\/\/www.lasrosas.com.ar\/portal\/wp-content\/uploads\/\/LOVELY-DENIM-Milagros-Brito-1-640x960.jpg 640w, https:\/\/www.lasrosas.com.ar\/portal\/wp-content\/uploads\/\/LOVELY-DENIM-Milagros-Brito-1-1024x1536.jpg 1024w, https:\/\/www.lasrosas.com.ar\/portal\/wp-content\/uploads\/\/LOVELY-DENIM-Milagros-Brito-1-scaled.jpg 1365w\" data-sizes=\"(max-width: 1280px) 100vw, 1280px\" src=\"data:image\/svg+xml;base64,PHN2ZyB3aWR0aD0iMSIgaGVpZ2h0PSIxIiB4bWxucz0iaHR0cDovL3d3dy53My5vcmcvMjAwMC9zdmciPjwvc3ZnPg==\" style=\"--smush-placeholder-width: 1280px; --smush-placeholder-aspect-ratio: 1280\/1920;\" \/><\/figure><\/li><li class=\"blocks-gallery-item\"><figure><img decoding=\"async\" width=\"1280\" height=\"1920\" data-src=\"https:\/\/www.lasrosas.com.ar\/portal\/wp-content\/uploads\/LOVELY-DENIM-Juana-Gonzalez-Victorica-1--1280x1920.jpg\" alt=\"\" data-id=\"70839\" data-full-url=\"https:\/\/www.lasrosas.com.ar\/portal\/wp-content\/uploads\/LOVELY-DENIM-Juana-Gonzalez-Victorica-1--scaled.jpg\" data-link=\"https:\/\/www.lasrosas.com.ar\/portal\/?attachment_id=70839\" class=\"wp-image-70839 lazyload\" data-srcset=\"https:\/\/www.lasrosas.com.ar\/portal\/wp-content\/uploads\/\/LOVELY-DENIM-Juana-Gonzalez-Victorica-1--1280x1920.jpg 1280w, https:\/\/www.lasrosas.com.ar\/portal\/wp-content\/uploads\/\/LOVELY-DENIM-Juana-Gonzalez-Victorica-1--640x960.jpg 640w, https:\/\/www.lasrosas.com.ar\/portal\/wp-content\/uploads\/\/LOVELY-DENIM-Juana-Gonzalez-Victorica-1--1024x1536.jpg 1024w, https:\/\/www.lasrosas.com.ar\/portal\/wp-content\/uploads\/\/LOVELY-DENIM-Juana-Gonzalez-Victorica-1--scaled.jpg 1365w\" data-sizes=\"(max-width: 1280px) 100vw, 1280px\" src=\"data:image\/svg+xml;base64,PHN2ZyB3aWR0aD0iMSIgaGVpZ2h0PSIxIiB4bWxucz0iaHR0cDovL3d3dy53My5vcmcvMjAwMC9zdmciPjwvc3ZnPg==\" style=\"--smush-placeholder-width: 1280px; --smush-placeholder-aspect-ratio: 1280\/1920;\" \/><\/figure><\/li><li class=\"blocks-gallery-item\"><figure><img decoding=\"async\" width=\"1280\" height=\"1920\" data-src=\"https:\/\/www.lasrosas.com.ar\/portal\/wp-content\/uploads\/LOVELY-DENIM-Emma-Gazzera-1-1280x1920.jpg\" alt=\"\" data-id=\"70840\" data-full-url=\"https:\/\/www.lasrosas.com.ar\/portal\/wp-content\/uploads\/LOVELY-DENIM-Emma-Gazzera-1-scaled.jpg\" data-link=\"https:\/\/www.lasrosas.com.ar\/portal\/?attachment_id=70840\" class=\"wp-image-70840 lazyload\" data-srcset=\"https:\/\/www.lasrosas.com.ar\/portal\/wp-content\/uploads\/\/LOVELY-DENIM-Emma-Gazzera-1-1280x1920.jpg 1280w, https:\/\/www.lasrosas.com.ar\/portal\/wp-content\/uploads\/\/LOVELY-DENIM-Emma-Gazzera-1-640x960.jpg 640w, https:\/\/www.lasrosas.com.ar\/portal\/wp-content\/uploads\/\/LOVELY-DENIM-Emma-Gazzera-1-1024x1536.jpg 1024w, https:\/\/www.lasrosas.com.ar\/portal\/wp-content\/uploads\/\/LOVELY-DENIM-Emma-Gazzera-1-scaled.jpg 1365w\" data-sizes=\"(max-width: 1280px) 100vw, 1280px\" src=\"data:image\/svg+xml;base64,PHN2ZyB3aWR0aD0iMSIgaGVpZ2h0PSIxIiB4bWxucz0iaHR0cDovL3d3dy53My5vcmcvMjAwMC9zdmciPjwvc3ZnPg==\" style=\"--smush-placeholder-width: 1280px; --smush-placeholder-aspect-ratio: 1280\/1920;\" \/><\/figure><\/li><li class=\"blocks-gallery-item\"><figure><img decoding=\"async\" width=\"1280\" height=\"1920\" data-src=\"https:\/\/www.lasrosas.com.ar\/portal\/wp-content\/uploads\/LOVELY-DENIM-Camila-Orsi-1-1280x1920.jpg\" alt=\"\" data-id=\"70842\" data-full-url=\"https:\/\/www.lasrosas.com.ar\/portal\/wp-content\/uploads\/LOVELY-DENIM-Camila-Orsi-1-scaled.jpg\" data-link=\"https:\/\/www.lasrosas.com.ar\/portal\/?attachment_id=70842\" class=\"wp-image-70842 lazyload\" data-srcset=\"https:\/\/www.lasrosas.com.ar\/portal\/wp-content\/uploads\/\/LOVELY-DENIM-Camila-Orsi-1-1280x1920.jpg 1280w, https:\/\/www.lasrosas.com.ar\/portal\/wp-content\/uploads\/\/LOVELY-DENIM-Camila-Orsi-1-640x960.jpg 640w, https:\/\/www.lasrosas.com.ar\/portal\/wp-content\/uploads\/\/LOVELY-DENIM-Camila-Orsi-1-1024x1536.jpg 1024w, https:\/\/www.lasrosas.com.ar\/portal\/wp-content\/uploads\/\/LOVELY-DENIM-Camila-Orsi-1-scaled.jpg 1365w\" data-sizes=\"(max-width: 1280px) 100vw, 1280px\" src=\"data:image\/svg+xml;base64,PHN2ZyB3aWR0aD0iMSIgaGVpZ2h0PSIxIiB4bWxucz0iaHR0cDovL3d3dy53My5vcmcvMjAwMC9zdmciPjwvc3ZnPg==\" style=\"--smush-placeholder-width: 1280px; --smush-placeholder-aspect-ratio: 1280\/1920;\" \/><\/figure><\/li><li class=\"blocks-gallery-item\"><figure><img decoding=\"async\" width=\"1280\" height=\"1920\" data-src=\"https:\/\/www.lasrosas.com.ar\/portal\/wp-content\/uploads\/LOVELY-DENIM-Agustina-Rigal-1--1280x1920.jpg\" alt=\"\" data-id=\"70843\" data-full-url=\"https:\/\/www.lasrosas.com.ar\/portal\/wp-content\/uploads\/LOVELY-DENIM-Agustina-Rigal-1--scaled.jpg\" data-link=\"https:\/\/www.lasrosas.com.ar\/portal\/?attachment_id=70843\" class=\"wp-image-70843 lazyload\" data-srcset=\"https:\/\/www.lasrosas.com.ar\/portal\/wp-content\/uploads\/\/LOVELY-DENIM-Agustina-Rigal-1--1280x1920.jpg 1280w, https:\/\/www.lasrosas.com.ar\/portal\/wp-content\/uploads\/\/LOVELY-DENIM-Agustina-Rigal-1--640x960.jpg 640w, https:\/\/www.lasrosas.com.ar\/portal\/wp-content\/uploads\/\/LOVELY-DENIM-Agustina-Rigal-1--1024x1536.jpg 1024w, https:\/\/www.lasrosas.com.ar\/portal\/wp-content\/uploads\/\/LOVELY-DENIM-Agustina-Rigal-1--scaled.jpg 1365w\" data-sizes=\"(max-width: 1280px) 100vw, 1280px\" src=\"data:image\/svg+xml;base64,PHN2ZyB3aWR0aD0iMSIgaGVpZ2h0PSIxIiB4bWxucz0iaHR0cDovL3d3dy53My5vcmcvMjAwMC9zdmciPjwvc3ZnPg==\" style=\"--smush-placeholder-width: 1280px; --smush-placeholder-aspect-ratio: 1280\/1920;\" \/><\/figure><\/li><li class=\"blocks-gallery-item\"><figure><img decoding=\"async\" width=\"1280\" height=\"1920\" data-src=\"https:\/\/www.lasrosas.com.ar\/portal\/wp-content\/uploads\/LOVELY-DENIM-Anabel-Sanchez-1-1280x1920.jpg\" alt=\"\" data-id=\"70844\" data-full-url=\"https:\/\/www.lasrosas.com.ar\/portal\/wp-content\/uploads\/LOVELY-DENIM-Anabel-Sanchez-1-scaled.jpg\" data-link=\"https:\/\/www.lasrosas.com.ar\/portal\/?attachment_id=70844\" class=\"wp-image-70844 lazyload\" data-srcset=\"https:\/\/www.lasrosas.com.ar\/portal\/wp-content\/uploads\/\/LOVELY-DENIM-Anabel-Sanchez-1-1280x1920.jpg 1280w, https:\/\/www.lasrosas.com.ar\/portal\/wp-content\/uploads\/\/LOVELY-DENIM-Anabel-Sanchez-1-640x960.jpg 640w, https:\/\/www.lasrosas.com.ar\/portal\/wp-content\/uploads\/\/LOVELY-DENIM-Anabel-Sanchez-1-1024x1536.jpg 1024w, https:\/\/www.lasrosas.com.ar\/portal\/wp-content\/uploads\/\/LOVELY-DENIM-Anabel-Sanchez-1-scaled.jpg 1365w\" data-sizes=\"(max-width: 1280px) 100vw, 1280px\" src=\"data:image\/svg+xml;base64,PHN2ZyB3aWR0aD0iMSIgaGVpZ2h0PSIxIiB4bWxucz0iaHR0cDovL3d3dy53My5vcmcvMjAwMC9zdmciPjwvc3ZnPg==\" style=\"--smush-placeholder-width: 1280px; --smush-placeholder-aspect-ratio: 1280\/1920;\" \/><\/figure><\/li><li class=\"blocks-gallery-item\"><figure><img decoding=\"async\" width=\"1280\" height=\"1920\" data-src=\"https:\/\/www.lasrosas.com.ar\/portal\/wp-content\/uploads\/LOVELY-DENIM-Chofa-1-1280x1920.jpg\" alt=\"\" data-id=\"70846\" data-full-url=\"https:\/\/www.lasrosas.com.ar\/portal\/wp-content\/uploads\/LOVELY-DENIM-Chofa-1-scaled.jpg\" data-link=\"https:\/\/www.lasrosas.com.ar\/portal\/lovely-denim-por-primera-vez-en-una-nueva-edicion-de-bafweek\/lovely-denim-chofa-1\/\" class=\"wp-image-70846 lazyload\" data-srcset=\"https:\/\/www.lasrosas.com.ar\/portal\/wp-content\/uploads\/\/LOVELY-DENIM-Chofa-1-1280x1920.jpg 1280w, https:\/\/www.lasrosas.com.ar\/portal\/wp-content\/uploads\/\/LOVELY-DENIM-Chofa-1-640x960.jpg 640w, https:\/\/www.lasrosas.com.ar\/portal\/wp-content\/uploads\/\/LOVELY-DENIM-Chofa-1-1024x1536.jpg 1024w, https:\/\/www.lasrosas.com.ar\/portal\/wp-content\/uploads\/\/LOVELY-DENIM-Chofa-1-scaled.jpg 1365w\" data-sizes=\"(max-width: 1280px) 100vw, 1280px\" src=\"data:image\/svg+xml;base64,PHN2ZyB3aWR0aD0iMSIgaGVpZ2h0PSIxIiB4bWxucz0iaHR0cDovL3d3dy53My5vcmcvMjAwMC9zdmciPjwvc3ZnPg==\" style=\"--smush-placeholder-width: 1280px; --smush-placeholder-aspect-ratio: 1280\/1920;\" \/><\/figure><\/li><li class=\"blocks-gallery-item\"><figure><img decoding=\"async\" width=\"1280\" height=\"1920\" data-src=\"https:\/\/www.lasrosas.com.ar\/portal\/wp-content\/uploads\/LOVELY-DENIM-Lucia-Celasco-1-1280x1920.jpg\" alt=\"\" data-id=\"70847\" data-full-url=\"https:\/\/www.lasrosas.com.ar\/portal\/wp-content\/uploads\/LOVELY-DENIM-Lucia-Celasco-1-scaled.jpg\" data-link=\"https:\/\/www.lasrosas.com.ar\/portal\/lovely-denim-por-primera-vez-en-una-nueva-edicion-de-bafweek\/lovely-denim-lucia-celasco-1\/\" class=\"wp-image-70847 lazyload\" data-srcset=\"https:\/\/www.lasrosas.com.ar\/portal\/wp-content\/uploads\/\/LOVELY-DENIM-Lucia-Celasco-1-1280x1920.jpg 1280w, https:\/\/www.lasrosas.com.ar\/portal\/wp-content\/uploads\/\/LOVELY-DENIM-Lucia-Celasco-1-640x960.jpg 640w, https:\/\/www.lasrosas.com.ar\/portal\/wp-content\/uploads\/\/LOVELY-DENIM-Lucia-Celasco-1-1024x1536.jpg 1024w, https:\/\/www.lasrosas.com.ar\/portal\/wp-content\/uploads\/\/LOVELY-DENIM-Lucia-Celasco-1-scaled.jpg 1365w\" data-sizes=\"(max-width: 1280px) 100vw, 1280px\" src=\"data:image\/svg+xml;base64,PHN2ZyB3aWR0aD0iMSIgaGVpZ2h0PSIxIiB4bWxucz0iaHR0cDovL3d3dy53My5vcmcvMjAwMC9zdmciPjwvc3ZnPg==\" style=\"--smush-placeholder-width: 1280px; --smush-placeholder-aspect-ratio: 1280\/1920;\" \/><\/figure><\/li><li class=\"blocks-gallery-item\"><figure><img decoding=\"async\" width=\"1280\" height=\"1920\" data-src=\"https:\/\/www.lasrosas.com.ar\/portal\/wp-content\/uploads\/LOVELY-DENIM-Lucia-Nini-2-1280x1920.jpg\" alt=\"\" data-id=\"70848\" data-full-url=\"https:\/\/www.lasrosas.com.ar\/portal\/wp-content\/uploads\/LOVELY-DENIM-Lucia-Nini-2-scaled.jpg\" data-link=\"https:\/\/www.lasrosas.com.ar\/portal\/lovely-denim-por-primera-vez-en-una-nueva-edicion-de-bafweek\/lovely-denim-lucia-nini-2\/\" class=\"wp-image-70848 lazyload\" data-srcset=\"https:\/\/www.lasrosas.com.ar\/portal\/wp-content\/uploads\/\/LOVELY-DENIM-Lucia-Nini-2-1280x1920.jpg 1280w, https:\/\/www.lasrosas.com.ar\/portal\/wp-content\/uploads\/\/LOVELY-DENIM-Lucia-Nini-2-640x960.jpg 640w, https:\/\/www.lasrosas.com.ar\/portal\/wp-content\/uploads\/\/LOVELY-DENIM-Lucia-Nini-2-1024x1536.jpg 1024w, https:\/\/www.lasrosas.com.ar\/portal\/wp-content\/uploads\/\/LOVELY-DENIM-Lucia-Nini-2-scaled.jpg 1365w\" data-sizes=\"(max-width: 1280px) 100vw, 1280px\" src=\"data:image\/svg+xml;base64,PHN2ZyB3aWR0aD0iMSIgaGVpZ2h0PSIxIiB4bWxucz0iaHR0cDovL3d3dy53My5vcmcvMjAwMC9zdmciPjwvc3ZnPg==\" style=\"--smush-placeholder-width: 1280px; --smush-placeholder-aspect-ratio: 1280\/1920;\" \/><\/figure><\/li><\/ul><\/figure>\n\n\n\n<p><strong><em>\u201cSummer Denim Stories\u201d <\/em><\/strong>es el nombre de la \u00faltima colecci\u00f3n de Lovely Denim para el verano 24. La nueva campa\u00f1a invita a recorrer un viaje a trav\u00e9s de la historia del jean y se inspira en los inicios de la marca: los primeros jeans o un \u00edtem vintage. Es una colecci\u00f3n que combina la esencia atemporal del denim, la comodidad, versatilidad y lo urbano de esta prenda, con las nuevas tendencias transformando la propuesta en prendas modernas, trendy, j\u00f3venes y din\u00e1micas.&nbsp;<\/p>\n\n\n\n<p>Esta colecci\u00f3n incorpora novedosas t\u00e9cnicas de reciclaje. Conocido como &#8216;upcycling&#8217;, esta t\u00e9cnica de supra reciclaje transforma los desechos en un producto de mayor calidad y valor ecol\u00f3gico. Adem\u00e1s, la colecci\u00f3n presenta una l\u00ednea de Denim Raw: tratamiento que evita el lavado en f\u00e1brica y mantiene el tinte propio del denim. Esta novedosa estrategia le brinda a la colecci\u00f3n un mood moderno y global con prendas con s\u00faper bolsillos que los conectan con los nuevos n\u00f3mades digitales.\u00a0<\/p>\n<!-- AddThis Advanced Settings generic via filter on the_content --><!-- AddThis Share Buttons generic via filter on the_content -->","protected":false},"excerpt":{"rendered":"<p>El mi\u00e9rcoles 6 de septiembre, LOVELY DENIM, present\u00f3 la colecci\u00f3n \u201cSummer Denim Stories\u201d con una performance en vivo en el espacio de Art Lab.&nbsp; Modelos con total looks desfilaron los nuevos dise\u00f1os en un evento que reuni\u00f3 a m\u00e1s de 300 personas entre invitados especiales, celebrities, influencers y amigos de la marca. El despliegue escenogr\u00e1fico, [&hellip;]<!-- AddThis Advanced Settings generic via filter on get_the_excerpt --><!-- AddThis Share Buttons generic via filter on get_the_excerpt --><\/p>\n","protected":false},"author":6,"featured_media":70841,"comment_status":"closed","ping_status":"open","sticky":false,"template":"","format":"standard","meta":{"_acf_changed":false,"om_disable_all_campaigns":false,"_monsterinsights_skip_tracking":false,"_monsterinsights_sitenote_active":false,"_monsterinsights_sitenote_note":"","_monsterinsights_sitenote_category":0,"_uf_show_specific_survey":0,"_uf_disable_surveys":false,"footnotes":""},"categories":[234,100,30],"tags":[],"class_list":["post-70831","post","type-post","status-publish","format-standard","has-post-thumbnail","hentry","category-trend","category-noticias","category-moda"],"acf":[],"aioseo_notices":[],"_links":{"self":[{"href":"https:\/\/www.lasrosas.com.ar\/portal\/wp-json\/wp\/v2\/posts\/70831","targetHints":{"allow":["GET"]}}],"collection":[{"href":"https:\/\/www.lasrosas.com.ar\/portal\/wp-json\/wp\/v2\/posts"}],"about":[{"href":"https:\/\/www.lasrosas.com.ar\/portal\/wp-json\/wp\/v2\/types\/post"}],"author":[{"embeddable":true,"href":"https:\/\/www.lasrosas.com.ar\/portal\/wp-json\/wp\/v2\/users\/6"}],"replies":[{"embeddable":true,"href":"https:\/\/www.lasrosas.com.ar\/portal\/wp-json\/wp\/v2\/comments?post=70831"}],"version-history":[{"count":0,"href":"https:\/\/www.lasrosas.com.ar\/portal\/wp-json\/wp\/v2\/posts\/70831\/revisions"}],"wp:featuredmedia":[{"embeddable":true,"href":"https:\/\/www.lasrosas.com.ar\/portal\/wp-json\/wp\/v2\/media\/70841"}],"wp:attachment":[{"href":"https:\/\/www.lasrosas.com.ar\/portal\/wp-json\/wp\/v2\/media?parent=70831"}],"wp:term":[{"taxonomy":"category","embeddable":true,"href":"https:\/\/www.lasrosas.com.ar\/portal\/wp-json\/wp\/v2\/categories?post=70831"},{"taxonomy":"post_tag","embeddable":true,"href":"https:\/\/www.lasrosas.com.ar\/portal\/wp-json\/wp\/v2\/tags?post=70831"}],"curies":[{"name":"wp","href":"https:\/\/api.w.org\/{rel}","templated":true}]}}