{"id":70450,"date":"2023-08-29T12:14:41","date_gmt":"2023-08-29T15:14:41","guid":{"rendered":"https:\/\/www.lasrosas.com.ar\/portal\/?p=70450"},"modified":"2023-08-29T12:14:44","modified_gmt":"2023-08-29T15:14:44","slug":"la-modelo-colombiana-mara-cifuentes-se-une-a-ojos-de-mujer-para-derribar-los-estereotipos-hacia-la-comunidad-trans","status":"publish","type":"post","link":"https:\/\/www.lasrosas.com.ar\/portal\/la-modelo-colombiana-mara-cifuentes-se-une-a-ojos-de-mujer-para-derribar-los-estereotipos-hacia-la-comunidad-trans\/","title":{"rendered":"LA MODELO COLOMBIANA MARA CIFUENTES SE UNE A \u201cOJOS DE MUJER\u201d PARA DERRIBAR LOS ESTEREOTIPOS HACIA LA COMUNIDAD TRANS"},"content":{"rendered":"\n<p><em>La aclamada modelo colombiana, Mara Cifuentes, quien lleva en alto la bandera de la inclusi\u00f3n trans en Latinoam\u00e9rica, se une a \u201cOjos de Mujer\u201d para compartir su inspiradora historia y c\u00f3mo busca generar un impacto positivo de cambio.&nbsp;<\/em><\/p>\n\n\n\n<figure class=\"wp-block-image\"><img decoding=\"async\" data-src=\"https:\/\/lh4.googleusercontent.com\/mwYB-yzr8iBsW_MEv9kMQ0DKgxW826D1jM8btVR8FATlDhEgfeLmSSNuJDWQgFD5xSaS1fTTGRv_dw6oSD4xPtWqpKNrCQZNF6APP-O626E49FPIIV_FPu5EZQUnWn6gaXrTL9L_M5xaiRLBICJ6Wg\" alt=\"\" src=\"data:image\/svg+xml;base64,PHN2ZyB3aWR0aD0iMSIgaGVpZ2h0PSIxIiB4bWxucz0iaHR0cDovL3d3dy53My5vcmcvMjAwMC9zdmciPjwvc3ZnPg==\" class=\"lazyload\" \/><\/figure>\n\n\n\n<p><strong>E! Entertainment, <\/strong>anuncia la participaci\u00f3n especial de <strong>Mara Cifuentes<\/strong> quien se une a <strong>\u201cOjos de Mujer\u201d <\/strong>con la conducci\u00f3n de la estrella de las redes sociales, <strong>Chiky BomBom<\/strong>, la presentadora y comediante <strong>\u00c9rika de la Vega<\/strong>, la actriz <strong>Elizabeth Guti\u00e9rrez<\/strong> y <strong>Carla Medina <\/strong>como moderadora, para compartir su inspiradora historia como modelo transg\u00e9nero que sue\u00f1a con ser reina de belleza.\u00a0<\/p>\n\n\n\n<p>Este <strong>jueves 31 de agosto 11:00pm<\/strong> <strong>(Latam) <\/strong>la ic\u00f3nica modelo internacional, <strong>Mara Cifuentes<\/strong> se une al panel de discusi\u00f3n para intercambiar perspectivas y opiniones sobre hasta d\u00f3nde llega la verdadera inclusi\u00f3n en los cert\u00e1menes de belleza, y sobre la idealizaci\u00f3n de las personas.<\/p>\n\n\n\n<p><em>\u201cYo busco que todas las personas que se sienten como yo, no tengan miedo. Sean fuertes, porque tenemos que cambiar el mundo, derribando la ignorancia y demostrando que somos fuertes, trabajadoras, estudiamos, y que no somos objetos sexuales\u201d<\/em>, afirm\u00f3 Mara Cifuentes invitando a la audiencia a no perderse el estreno donde se sincerar\u00e1 sobre su gran momento actual.&nbsp;<\/p>\n\n\n\n<p><strong>CONOCE A MARA CIFUENTES LA MODELO TRANS QUE CAUTIVA A LATINOAM\u00c9RICA<\/strong><\/p>\n\n\n\n<figure class=\"wp-block-image size-large\"><img decoding=\"async\" width=\"1029\" height=\"741\" data-src=\"https:\/\/www.lasrosas.com.ar\/portal\/wp-content\/uploads\/MARA-CIFUENTES-BAJA-3.png\" alt=\"\" class=\"wp-image-70452 lazyload\" data-srcset=\"https:\/\/www.lasrosas.com.ar\/portal\/wp-content\/uploads\/\/MARA-CIFUENTES-BAJA-3.png 1029w, https:\/\/www.lasrosas.com.ar\/portal\/wp-content\/uploads\/\/MARA-CIFUENTES-BAJA-3-960x691.png 960w\" data-sizes=\"(max-width: 1029px) 100vw, 1029px\" src=\"data:image\/svg+xml;base64,PHN2ZyB3aWR0aD0iMSIgaGVpZ2h0PSIxIiB4bWxucz0iaHR0cDovL3d3dy53My5vcmcvMjAwMC9zdmciPjwvc3ZnPg==\" style=\"--smush-placeholder-width: 1029px; --smush-placeholder-aspect-ratio: 1029\/741;\" \/><\/figure>\n\n\n\n<p>Su madre, quien es dise\u00f1adora de modas, la encamin\u00f3 al mundo del modelaje. Si bien radica ahora en Medell\u00edn, naci\u00f3 en Estados Unidos. Cuando era ni\u00f1a, sus padres tomaron la decisi\u00f3n de mudarse a su pa\u00eds natal, Colombia. Impulsada por lo que ama y el apoyo familiar, inici\u00f3 a los 17 a\u00f1os actuando en algunos comerciales.<\/p>\n\n\n\n<p>Cifuentes lleg\u00f3 a la fama tras aparecer en el reality \u2018La agencia: batalla de modelos\u2019, en el que perteneci\u00f3 al equipo de la modelo Carolina Castro. Su carisma, belleza y personalidad le sirvieron para ganarse el cari\u00f1o de los espectadores, sin embargo, tambi\u00e9n para levantar las m\u00e1s duras cr\u00edticas al revelar que era una mujer trans.<\/p>\n\n\n\n<p>Mara se ha convertido en toda una celebridad logrando posicionarse como una de las modelos m\u00e1s importantes de Colombia y Am\u00e9rica Latina.\u00a0<\/p>\n\n\n\n<p><strong><em>\u00a1No te pierdas el episodio de estreno junto a Mara Cifuentes en <\/em><\/strong><strong>\u201cOjos de Mujer\u201d <em>este jueves 31 de agosto a las 11pm (LATAM) solo por E! Entertainment!<\/em><\/strong><\/p>\n<!-- AddThis Advanced Settings generic via filter on the_content --><!-- AddThis Share Buttons generic via filter on the_content -->","protected":false},"excerpt":{"rendered":"<p>La aclamada modelo colombiana, Mara Cifuentes, quien lleva en alto la bandera de la inclusi\u00f3n trans en Latinoam\u00e9rica, se une a \u201cOjos de Mujer\u201d para compartir su inspiradora historia y c\u00f3mo busca generar un impacto positivo de cambio.&nbsp; E! Entertainment, anuncia la participaci\u00f3n especial de Mara Cifuentes quien se une a \u201cOjos de Mujer\u201d con [&hellip;]<!-- AddThis Advanced Settings generic via filter on get_the_excerpt --><!-- AddThis Share Buttons generic via filter on get_the_excerpt --><\/p>\n","protected":false},"author":6,"featured_media":70451,"comment_status":"closed","ping_status":"open","sticky":false,"template":"","format":"standard","meta":{"_acf_changed":false,"om_disable_all_campaigns":false,"_monsterinsights_skip_tracking":false,"_monsterinsights_sitenote_active":false,"_monsterinsights_sitenote_note":"","_monsterinsights_sitenote_category":0,"_uf_show_specific_survey":0,"_uf_disable_surveys":false,"footnotes":""},"categories":[100],"tags":[],"class_list":["post-70450","post","type-post","status-publish","format-standard","has-post-thumbnail","hentry","category-noticias"],"acf":[],"aioseo_notices":[],"_links":{"self":[{"href":"https:\/\/www.lasrosas.com.ar\/portal\/wp-json\/wp\/v2\/posts\/70450","targetHints":{"allow":["GET"]}}],"collection":[{"href":"https:\/\/www.lasrosas.com.ar\/portal\/wp-json\/wp\/v2\/posts"}],"about":[{"href":"https:\/\/www.lasrosas.com.ar\/portal\/wp-json\/wp\/v2\/types\/post"}],"author":[{"embeddable":true,"href":"https:\/\/www.lasrosas.com.ar\/portal\/wp-json\/wp\/v2\/users\/6"}],"replies":[{"embeddable":true,"href":"https:\/\/www.lasrosas.com.ar\/portal\/wp-json\/wp\/v2\/comments?post=70450"}],"version-history":[{"count":0,"href":"https:\/\/www.lasrosas.com.ar\/portal\/wp-json\/wp\/v2\/posts\/70450\/revisions"}],"wp:featuredmedia":[{"embeddable":true,"href":"https:\/\/www.lasrosas.com.ar\/portal\/wp-json\/wp\/v2\/media\/70451"}],"wp:attachment":[{"href":"https:\/\/www.lasrosas.com.ar\/portal\/wp-json\/wp\/v2\/media?parent=70450"}],"wp:term":[{"taxonomy":"category","embeddable":true,"href":"https:\/\/www.lasrosas.com.ar\/portal\/wp-json\/wp\/v2\/categories?post=70450"},{"taxonomy":"post_tag","embeddable":true,"href":"https:\/\/www.lasrosas.com.ar\/portal\/wp-json\/wp\/v2\/tags?post=70450"}],"curies":[{"name":"wp","href":"https:\/\/api.w.org\/{rel}","templated":true}]}}