{"id":70334,"date":"2023-08-26T15:02:01","date_gmt":"2023-08-26T18:02:01","guid":{"rendered":"https:\/\/www.lasrosas.com.ar\/portal\/?p=70334"},"modified":"2023-08-26T15:02:03","modified_gmt":"2023-08-26T18:02:03","slug":"llega-al-pais-la-nueva-baic-x55-ii-una-experiencia-de-conduccion-sin-igual","status":"publish","type":"post","link":"https:\/\/www.lasrosas.com.ar\/portal\/llega-al-pais-la-nueva-baic-x55-ii-una-experiencia-de-conduccion-sin-igual\/","title":{"rendered":"LLEGA AL PA\u00cdS LA NUEVA BAIC X55 II: UNA EXPERIENCIA DE CONDUCCI\u00d3N SIN IGUAL"},"content":{"rendered":"\n<p><em>Inspirada en fascinantes constelaciones, llega a la Argentina la nueva SUV Baic X55 II con un dise\u00f1o de \u00faltima generaci\u00f3n que la hace parecer de otra galaxia.<\/em><\/p>\n\n\n\n<p>El futuro se convierte en realidad con la llegada de la BAIC X55 II a Argentina, una SUV que redefine los est\u00e1ndares de dise\u00f1o, tecnolog\u00eda y seguridad en la industria automotriz. El interior de la X55 II combina iluminaci\u00f3n LED y acabados premium, ofreciendo a los ocupantes una experiencia de lujo inigualable.<\/p>\n\n\n\n<p><em>\u201cEstamos muy orgullosos de presentar la nueva BAIC X55 II en Argentina. Es un modelo que sin dudas dar\u00e1 que hablar en la industria automotriz. Esta SUV ya es un \u00e9xito en Europa y tiene todo para replicar ese prestigio en nuestro pa\u00eds \u201d,<\/em> sentenci\u00f3 Diego Lacolla, gerente general de BAIC Argentina.\u00a0<\/p>\n\n\n\n<p>Desde el primer momento en que se ingresa a la cabina, se experimenta una sensaci\u00f3n de sofisticaci\u00f3n y comodidad. La iluminaci\u00f3n LED crea un ambiente acogedor, mientras que los acabados premium aportan un toque de elegancia en cada detalle. El techo solar panor\u00e1mico intuitivo se convierte en una ventana al mundo exterior, permitiendo disfrutar del paisaje en cada trayecto. Adem\u00e1s, su funci\u00f3n de cierre autom\u00e1tico durante los d\u00edas de lluvia demuestra un enfoque inteligente en la conducci\u00f3n del conductor.<\/p>\n\n\n\n<figure class=\"wp-block-image\"><img decoding=\"async\" data-src=\"https:\/\/lh5.googleusercontent.com\/_sZR5h3_3kJh76DDGEEetjnxoMB1NcP5PjNtnTS73y10uASNnvWbALE03LglVaZ46EbnUDSEwEIs2ZXfTxi_vgxqno34HAHvvMYB1833mrvm0UGN9cIWvf_SII2wMreKTHfPdI4EfnEIVhBzZyGwkw\" alt=\"\" src=\"data:image\/svg+xml;base64,PHN2ZyB3aWR0aD0iMSIgaGVpZ2h0PSIxIiB4bWxucz0iaHR0cDovL3d3dy53My5vcmcvMjAwMC9zdmciPjwvc3ZnPg==\" class=\"lazyload\" \/><\/figure>\n\n\n\n<p><em>Innovaci\u00f3n y lujo se fusionan en el interior de la BAIC X55 II<\/em><br><\/p>\n\n\n\n<p>La innovaci\u00f3n tecnol\u00f3gica alcanza su punto culminante con la imagen panor\u00e1mica 3D de 360\u00b0, proporcionada por las c\u00e1maras HD de 4 megap\u00edxeles que rodean el veh\u00edculo. Estas c\u00e1maras no solo brindan una vista completa del entorno, sino que tambi\u00e9n ofrecen l\u00edneas de seguimiento de la marcha atr\u00e1s para estacionar con una precisi\u00f3n excepcional. El estacionamiento aut\u00f3nomo, respaldado por una planificaci\u00f3n inteligente de m\u00faltiples escenarios y la capacidad de evadir objetos a baja velocidad, demuestra el compromiso de BAIC con la seguridad y la comodidad del conductor.<\/p>\n\n\n\n<p>En los trayectos de larga distancia, el control crucero adaptativo e inteligente se convierte en un compa\u00f1ero confiable, asegurando una conducci\u00f3n c\u00f3moda y relajada. La seguridad es una prioridad inquebrantable en la BAIC X55 II, y esto se refleja en caracter\u00edsticas como el frenado de emergencia aut\u00f3nomo, que identifica autom\u00f3viles, motos, bicicletas y peatones gracias a una red de sensores avanzados, incluido un radar de 5ta generaci\u00f3n Bosch de ondas milim\u00e9tricas, c\u00e1maras y sensores ultras\u00f3nicos.<\/p>\n\n\n\n<p>La experiencia de asistente aut\u00f3nomo en embotellamientos es una muestra de la innovaci\u00f3n que ofrece la BAIC X55 II. En las condiciones de tr\u00e1nsito m\u00e1s dif\u00edciles, este asistente brinda una conducci\u00f3n placentera y fluida, aliviando el estr\u00e9s del conductor y garantizando un viaje seguro.<\/p>\n\n\n\n<figure class=\"wp-block-gallery columns-3 is-cropped wp-block-gallery-1 is-layout-flex wp-block-gallery-is-layout-flex\"><ul class=\"blocks-gallery-grid\"><li class=\"blocks-gallery-item\"><figure><img decoding=\"async\" width=\"1920\" height=\"1280\" data-src=\"https:\/\/www.lasrosas.com.ar\/portal\/wp-content\/uploads\/38.-Los-modelos-de-la-marca-BAIC-en-el-Yacht-Puerto-Madero.-1920x1280.jpg\" alt=\"\" data-id=\"70335\" data-full-url=\"https:\/\/www.lasrosas.com.ar\/portal\/wp-content\/uploads\/38.-Los-modelos-de-la-marca-BAIC-en-el-Yacht-Puerto-Madero.-scaled.jpg\" data-link=\"https:\/\/www.lasrosas.com.ar\/portal\/?attachment_id=70335\" class=\"wp-image-70335 lazyload\" data-srcset=\"https:\/\/www.lasrosas.com.ar\/portal\/wp-content\/uploads\/\/38.-Los-modelos-de-la-marca-BAIC-en-el-Yacht-Puerto-Madero.-1920x1280.jpg 1920w, https:\/\/www.lasrosas.com.ar\/portal\/wp-content\/uploads\/\/38.-Los-modelos-de-la-marca-BAIC-en-el-Yacht-Puerto-Madero.-960x640.jpg 960w, https:\/\/www.lasrosas.com.ar\/portal\/wp-content\/uploads\/\/38.-Los-modelos-de-la-marca-BAIC-en-el-Yacht-Puerto-Madero.-1536x1024.jpg 1536w, https:\/\/www.lasrosas.com.ar\/portal\/wp-content\/uploads\/\/38.-Los-modelos-de-la-marca-BAIC-en-el-Yacht-Puerto-Madero.-scaled.jpg 2048w\" data-sizes=\"(max-width: 1920px) 100vw, 1920px\" src=\"data:image\/svg+xml;base64,PHN2ZyB3aWR0aD0iMSIgaGVpZ2h0PSIxIiB4bWxucz0iaHR0cDovL3d3dy53My5vcmcvMjAwMC9zdmciPjwvc3ZnPg==\" style=\"--smush-placeholder-width: 1920px; --smush-placeholder-aspect-ratio: 1920\/1280;\" \/><\/figure><\/li><li class=\"blocks-gallery-item\"><figure><img decoding=\"async\" width=\"1920\" height=\"1250\" data-src=\"https:\/\/www.lasrosas.com.ar\/portal\/wp-content\/uploads\/39.-BAIC-X55-II-1920x1250.jpg\" alt=\"\" data-id=\"70336\" data-full-url=\"https:\/\/www.lasrosas.com.ar\/portal\/wp-content\/uploads\/39.-BAIC-X55-II-scaled.jpg\" data-link=\"https:\/\/www.lasrosas.com.ar\/portal\/?attachment_id=70336\" class=\"wp-image-70336 lazyload\" data-srcset=\"https:\/\/www.lasrosas.com.ar\/portal\/wp-content\/uploads\/\/39.-BAIC-X55-II-1920x1250.jpg 1920w, https:\/\/www.lasrosas.com.ar\/portal\/wp-content\/uploads\/\/39.-BAIC-X55-II-960x625.jpg 960w, https:\/\/www.lasrosas.com.ar\/portal\/wp-content\/uploads\/\/39.-BAIC-X55-II-1536x1000.jpg 1536w, https:\/\/www.lasrosas.com.ar\/portal\/wp-content\/uploads\/\/39.-BAIC-X55-II-scaled.jpg 2048w\" data-sizes=\"(max-width: 1920px) 100vw, 1920px\" src=\"data:image\/svg+xml;base64,PHN2ZyB3aWR0aD0iMSIgaGVpZ2h0PSIxIiB4bWxucz0iaHR0cDovL3d3dy53My5vcmcvMjAwMC9zdmciPjwvc3ZnPg==\" style=\"--smush-placeholder-width: 1920px; --smush-placeholder-aspect-ratio: 1920\/1250;\" \/><\/figure><\/li><li class=\"blocks-gallery-item\"><figure><img decoding=\"async\" width=\"1920\" height=\"1280\" data-src=\"https:\/\/www.lasrosas.com.ar\/portal\/wp-content\/uploads\/42.-La-BAIC-X55-II-tuvo-su-presentacion-en-Argentina-en-el-Yacht-Puerto-Madero.-1920x1280.jpg\" alt=\"\" data-id=\"70337\" data-full-url=\"https:\/\/www.lasrosas.com.ar\/portal\/wp-content\/uploads\/42.-La-BAIC-X55-II-tuvo-su-presentacion-en-Argentina-en-el-Yacht-Puerto-Madero.-scaled.jpg\" data-link=\"https:\/\/www.lasrosas.com.ar\/portal\/?attachment_id=70337\" class=\"wp-image-70337 lazyload\" data-srcset=\"https:\/\/www.lasrosas.com.ar\/portal\/wp-content\/uploads\/\/42.-La-BAIC-X55-II-tuvo-su-presentacion-en-Argentina-en-el-Yacht-Puerto-Madero.-1920x1280.jpg 1920w, https:\/\/www.lasrosas.com.ar\/portal\/wp-content\/uploads\/\/42.-La-BAIC-X55-II-tuvo-su-presentacion-en-Argentina-en-el-Yacht-Puerto-Madero.-960x640.jpg 960w, https:\/\/www.lasrosas.com.ar\/portal\/wp-content\/uploads\/\/42.-La-BAIC-X55-II-tuvo-su-presentacion-en-Argentina-en-el-Yacht-Puerto-Madero.-1536x1024.jpg 1536w, https:\/\/www.lasrosas.com.ar\/portal\/wp-content\/uploads\/\/42.-La-BAIC-X55-II-tuvo-su-presentacion-en-Argentina-en-el-Yacht-Puerto-Madero.-scaled.jpg 2048w\" data-sizes=\"(max-width: 1920px) 100vw, 1920px\" src=\"data:image\/svg+xml;base64,PHN2ZyB3aWR0aD0iMSIgaGVpZ2h0PSIxIiB4bWxucz0iaHR0cDovL3d3dy53My5vcmcvMjAwMC9zdmciPjwvc3ZnPg==\" style=\"--smush-placeholder-width: 1920px; --smush-placeholder-aspect-ratio: 1920\/1280;\" \/><\/figure><\/li><li class=\"blocks-gallery-item\"><figure><img decoding=\"async\" width=\"1920\" height=\"1280\" data-src=\"https:\/\/www.lasrosas.com.ar\/portal\/wp-content\/uploads\/37.-Los-modelos-de-la-marca-BAIC-en-el-Yacht-Puerto-Madero.-1920x1280.jpg\" alt=\"\" data-id=\"70338\" data-full-url=\"https:\/\/www.lasrosas.com.ar\/portal\/wp-content\/uploads\/37.-Los-modelos-de-la-marca-BAIC-en-el-Yacht-Puerto-Madero.-scaled.jpg\" data-link=\"https:\/\/www.lasrosas.com.ar\/portal\/?attachment_id=70338\" class=\"wp-image-70338 lazyload\" data-srcset=\"https:\/\/www.lasrosas.com.ar\/portal\/wp-content\/uploads\/\/37.-Los-modelos-de-la-marca-BAIC-en-el-Yacht-Puerto-Madero.-1920x1280.jpg 1920w, https:\/\/www.lasrosas.com.ar\/portal\/wp-content\/uploads\/\/37.-Los-modelos-de-la-marca-BAIC-en-el-Yacht-Puerto-Madero.-960x640.jpg 960w, https:\/\/www.lasrosas.com.ar\/portal\/wp-content\/uploads\/\/37.-Los-modelos-de-la-marca-BAIC-en-el-Yacht-Puerto-Madero.-1536x1024.jpg 1536w, https:\/\/www.lasrosas.com.ar\/portal\/wp-content\/uploads\/\/37.-Los-modelos-de-la-marca-BAIC-en-el-Yacht-Puerto-Madero.-scaled.jpg 2048w\" data-sizes=\"(max-width: 1920px) 100vw, 1920px\" src=\"data:image\/svg+xml;base64,PHN2ZyB3aWR0aD0iMSIgaGVpZ2h0PSIxIiB4bWxucz0iaHR0cDovL3d3dy53My5vcmcvMjAwMC9zdmciPjwvc3ZnPg==\" style=\"--smush-placeholder-width: 1920px; --smush-placeholder-aspect-ratio: 1920\/1280;\" \/><\/figure><\/li><li class=\"blocks-gallery-item\"><figure><img decoding=\"async\" width=\"1920\" height=\"1280\" data-src=\"https:\/\/www.lasrosas.com.ar\/portal\/wp-content\/uploads\/25.-La-impactante-BAIC-X55-II-tuvo-su-presentacion-en-el-Yacht-de-Puerto-Madero.-1920x1280.jpg\" alt=\"\" data-id=\"70339\" data-full-url=\"https:\/\/www.lasrosas.com.ar\/portal\/wp-content\/uploads\/25.-La-impactante-BAIC-X55-II-tuvo-su-presentacion-en-el-Yacht-de-Puerto-Madero.-scaled.jpg\" data-link=\"https:\/\/www.lasrosas.com.ar\/portal\/?attachment_id=70339\" class=\"wp-image-70339 lazyload\" data-srcset=\"https:\/\/www.lasrosas.com.ar\/portal\/wp-content\/uploads\/\/25.-La-impactante-BAIC-X55-II-tuvo-su-presentacion-en-el-Yacht-de-Puerto-Madero.-1920x1280.jpg 1920w, https:\/\/www.lasrosas.com.ar\/portal\/wp-content\/uploads\/\/25.-La-impactante-BAIC-X55-II-tuvo-su-presentacion-en-el-Yacht-de-Puerto-Madero.-960x640.jpg 960w, https:\/\/www.lasrosas.com.ar\/portal\/wp-content\/uploads\/\/25.-La-impactante-BAIC-X55-II-tuvo-su-presentacion-en-el-Yacht-de-Puerto-Madero.-1536x1024.jpg 1536w, https:\/\/www.lasrosas.com.ar\/portal\/wp-content\/uploads\/\/25.-La-impactante-BAIC-X55-II-tuvo-su-presentacion-en-el-Yacht-de-Puerto-Madero.-scaled.jpg 2048w\" data-sizes=\"(max-width: 1920px) 100vw, 1920px\" src=\"data:image\/svg+xml;base64,PHN2ZyB3aWR0aD0iMSIgaGVpZ2h0PSIxIiB4bWxucz0iaHR0cDovL3d3dy53My5vcmcvMjAwMC9zdmciPjwvc3ZnPg==\" style=\"--smush-placeholder-width: 1920px; --smush-placeholder-aspect-ratio: 1920\/1280;\" \/><\/figure><\/li><li class=\"blocks-gallery-item\"><figure><img decoding=\"async\" width=\"1280\" height=\"1920\" data-src=\"https:\/\/www.lasrosas.com.ar\/portal\/wp-content\/uploads\/01.-Mike-Amigorena-en-el-lanzamiento-de-la-BAIC-X55-II-en-el-Yacht-Puerto-Madero.-1280x1920.jpg\" alt=\"\" data-id=\"70340\" data-full-url=\"https:\/\/www.lasrosas.com.ar\/portal\/wp-content\/uploads\/01.-Mike-Amigorena-en-el-lanzamiento-de-la-BAIC-X55-II-en-el-Yacht-Puerto-Madero.-scaled.jpg\" data-link=\"https:\/\/www.lasrosas.com.ar\/portal\/?attachment_id=70340\" class=\"wp-image-70340 lazyload\" data-srcset=\"https:\/\/www.lasrosas.com.ar\/portal\/wp-content\/uploads\/\/01.-Mike-Amigorena-en-el-lanzamiento-de-la-BAIC-X55-II-en-el-Yacht-Puerto-Madero.-1280x1920.jpg 1280w, https:\/\/www.lasrosas.com.ar\/portal\/wp-content\/uploads\/\/01.-Mike-Amigorena-en-el-lanzamiento-de-la-BAIC-X55-II-en-el-Yacht-Puerto-Madero.-640x960.jpg 640w, https:\/\/www.lasrosas.com.ar\/portal\/wp-content\/uploads\/\/01.-Mike-Amigorena-en-el-lanzamiento-de-la-BAIC-X55-II-en-el-Yacht-Puerto-Madero.-1024x1536.jpg 1024w, https:\/\/www.lasrosas.com.ar\/portal\/wp-content\/uploads\/\/01.-Mike-Amigorena-en-el-lanzamiento-de-la-BAIC-X55-II-en-el-Yacht-Puerto-Madero.-scaled.jpg 1365w\" data-sizes=\"(max-width: 1280px) 100vw, 1280px\" src=\"data:image\/svg+xml;base64,PHN2ZyB3aWR0aD0iMSIgaGVpZ2h0PSIxIiB4bWxucz0iaHR0cDovL3d3dy53My5vcmcvMjAwMC9zdmciPjwvc3ZnPg==\" style=\"--smush-placeholder-width: 1280px; --smush-placeholder-aspect-ratio: 1280\/1920;\" \/><\/figure><\/li><li class=\"blocks-gallery-item\"><figure><img decoding=\"async\" width=\"1280\" height=\"1920\" data-src=\"https:\/\/www.lasrosas.com.ar\/portal\/wp-content\/uploads\/03.-Cintia-Garrido-y-la-BAIC-X55-II-en-el-Yacht-Puerto-Madero.-1280x1920.jpg\" alt=\"\" data-id=\"70341\" data-full-url=\"https:\/\/www.lasrosas.com.ar\/portal\/wp-content\/uploads\/03.-Cintia-Garrido-y-la-BAIC-X55-II-en-el-Yacht-Puerto-Madero.-scaled.jpg\" data-link=\"https:\/\/www.lasrosas.com.ar\/portal\/?attachment_id=70341\" class=\"wp-image-70341 lazyload\" data-srcset=\"https:\/\/www.lasrosas.com.ar\/portal\/wp-content\/uploads\/\/03.-Cintia-Garrido-y-la-BAIC-X55-II-en-el-Yacht-Puerto-Madero.-1280x1920.jpg 1280w, https:\/\/www.lasrosas.com.ar\/portal\/wp-content\/uploads\/\/03.-Cintia-Garrido-y-la-BAIC-X55-II-en-el-Yacht-Puerto-Madero.-640x960.jpg 640w, https:\/\/www.lasrosas.com.ar\/portal\/wp-content\/uploads\/\/03.-Cintia-Garrido-y-la-BAIC-X55-II-en-el-Yacht-Puerto-Madero.-1024x1536.jpg 1024w, https:\/\/www.lasrosas.com.ar\/portal\/wp-content\/uploads\/\/03.-Cintia-Garrido-y-la-BAIC-X55-II-en-el-Yacht-Puerto-Madero.-scaled.jpg 1365w\" data-sizes=\"(max-width: 1280px) 100vw, 1280px\" src=\"data:image\/svg+xml;base64,PHN2ZyB3aWR0aD0iMSIgaGVpZ2h0PSIxIiB4bWxucz0iaHR0cDovL3d3dy53My5vcmcvMjAwMC9zdmciPjwvc3ZnPg==\" style=\"--smush-placeholder-width: 1280px; --smush-placeholder-aspect-ratio: 1280\/1920;\" \/><\/figure><\/li><li class=\"blocks-gallery-item\"><figure><img decoding=\"async\" width=\"1280\" height=\"1920\" data-src=\"https:\/\/www.lasrosas.com.ar\/portal\/wp-content\/uploads\/04.-Agustin-Fantasia-en-el-lanzamiento-de-la-BAIC-X55-II-en-el-Yacht-Puerto-Madero.-1280x1920.jpg\" alt=\"\" data-id=\"70342\" data-full-url=\"https:\/\/www.lasrosas.com.ar\/portal\/wp-content\/uploads\/04.-Agustin-Fantasia-en-el-lanzamiento-de-la-BAIC-X55-II-en-el-Yacht-Puerto-Madero.-scaled.jpg\" data-link=\"https:\/\/www.lasrosas.com.ar\/portal\/?attachment_id=70342\" class=\"wp-image-70342 lazyload\" data-srcset=\"https:\/\/www.lasrosas.com.ar\/portal\/wp-content\/uploads\/\/04.-Agustin-Fantasia-en-el-lanzamiento-de-la-BAIC-X55-II-en-el-Yacht-Puerto-Madero.-1280x1920.jpg 1280w, https:\/\/www.lasrosas.com.ar\/portal\/wp-content\/uploads\/\/04.-Agustin-Fantasia-en-el-lanzamiento-de-la-BAIC-X55-II-en-el-Yacht-Puerto-Madero.-640x960.jpg 640w, https:\/\/www.lasrosas.com.ar\/portal\/wp-content\/uploads\/\/04.-Agustin-Fantasia-en-el-lanzamiento-de-la-BAIC-X55-II-en-el-Yacht-Puerto-Madero.-1024x1536.jpg 1024w, https:\/\/www.lasrosas.com.ar\/portal\/wp-content\/uploads\/\/04.-Agustin-Fantasia-en-el-lanzamiento-de-la-BAIC-X55-II-en-el-Yacht-Puerto-Madero.-scaled.jpg 1365w\" data-sizes=\"(max-width: 1280px) 100vw, 1280px\" src=\"data:image\/svg+xml;base64,PHN2ZyB3aWR0aD0iMSIgaGVpZ2h0PSIxIiB4bWxucz0iaHR0cDovL3d3dy53My5vcmcvMjAwMC9zdmciPjwvc3ZnPg==\" style=\"--smush-placeholder-width: 1280px; --smush-placeholder-aspect-ratio: 1280\/1920;\" \/><\/figure><\/li><li class=\"blocks-gallery-item\"><figure><img decoding=\"async\" width=\"1280\" height=\"1920\" data-src=\"https:\/\/www.lasrosas.com.ar\/portal\/wp-content\/uploads\/05.-Esteban-Trebucq-en-el-lanzamiento-de-la-BAIC-X55-II-en-el-Yacht-Puerto-Madero.-1280x1920.jpg\" alt=\"\" data-id=\"70343\" data-full-url=\"https:\/\/www.lasrosas.com.ar\/portal\/wp-content\/uploads\/05.-Esteban-Trebucq-en-el-lanzamiento-de-la-BAIC-X55-II-en-el-Yacht-Puerto-Madero.-scaled.jpg\" data-link=\"https:\/\/www.lasrosas.com.ar\/portal\/?attachment_id=70343\" class=\"wp-image-70343 lazyload\" data-srcset=\"https:\/\/www.lasrosas.com.ar\/portal\/wp-content\/uploads\/\/05.-Esteban-Trebucq-en-el-lanzamiento-de-la-BAIC-X55-II-en-el-Yacht-Puerto-Madero.-1280x1920.jpg 1280w, https:\/\/www.lasrosas.com.ar\/portal\/wp-content\/uploads\/\/05.-Esteban-Trebucq-en-el-lanzamiento-de-la-BAIC-X55-II-en-el-Yacht-Puerto-Madero.-640x960.jpg 640w, https:\/\/www.lasrosas.com.ar\/portal\/wp-content\/uploads\/\/05.-Esteban-Trebucq-en-el-lanzamiento-de-la-BAIC-X55-II-en-el-Yacht-Puerto-Madero.-1024x1536.jpg 1024w, https:\/\/www.lasrosas.com.ar\/portal\/wp-content\/uploads\/\/05.-Esteban-Trebucq-en-el-lanzamiento-de-la-BAIC-X55-II-en-el-Yacht-Puerto-Madero.-scaled.jpg 1365w\" data-sizes=\"(max-width: 1280px) 100vw, 1280px\" src=\"data:image\/svg+xml;base64,PHN2ZyB3aWR0aD0iMSIgaGVpZ2h0PSIxIiB4bWxucz0iaHR0cDovL3d3dy53My5vcmcvMjAwMC9zdmciPjwvc3ZnPg==\" style=\"--smush-placeholder-width: 1280px; --smush-placeholder-aspect-ratio: 1280\/1920;\" \/><\/figure><\/li><li class=\"blocks-gallery-item\"><figure><img decoding=\"async\" width=\"1280\" height=\"1920\" data-src=\"https:\/\/www.lasrosas.com.ar\/portal\/wp-content\/uploads\/10.-Diego-Lacolla-gerente-general-de-BAIC-Argentina.-1280x1920.jpg\" alt=\"\" data-id=\"70344\" data-full-url=\"https:\/\/www.lasrosas.com.ar\/portal\/wp-content\/uploads\/10.-Diego-Lacolla-gerente-general-de-BAIC-Argentina.-scaled.jpg\" data-link=\"https:\/\/www.lasrosas.com.ar\/portal\/?attachment_id=70344\" class=\"wp-image-70344 lazyload\" data-srcset=\"https:\/\/www.lasrosas.com.ar\/portal\/wp-content\/uploads\/\/10.-Diego-Lacolla-gerente-general-de-BAIC-Argentina.-1280x1920.jpg 1280w, https:\/\/www.lasrosas.com.ar\/portal\/wp-content\/uploads\/\/10.-Diego-Lacolla-gerente-general-de-BAIC-Argentina.-640x960.jpg 640w, https:\/\/www.lasrosas.com.ar\/portal\/wp-content\/uploads\/\/10.-Diego-Lacolla-gerente-general-de-BAIC-Argentina.-1024x1536.jpg 1024w, https:\/\/www.lasrosas.com.ar\/portal\/wp-content\/uploads\/\/10.-Diego-Lacolla-gerente-general-de-BAIC-Argentina.-scaled.jpg 1365w\" data-sizes=\"(max-width: 1280px) 100vw, 1280px\" src=\"data:image\/svg+xml;base64,PHN2ZyB3aWR0aD0iMSIgaGVpZ2h0PSIxIiB4bWxucz0iaHR0cDovL3d3dy53My5vcmcvMjAwMC9zdmciPjwvc3ZnPg==\" style=\"--smush-placeholder-width: 1280px; --smush-placeholder-aspect-ratio: 1280\/1920;\" \/><\/figure><\/li><li class=\"blocks-gallery-item\"><figure><img decoding=\"async\" width=\"1280\" height=\"1920\" data-src=\"https:\/\/www.lasrosas.com.ar\/portal\/wp-content\/uploads\/32.-Cintia-Garrido-fue-la-DJ-de-la-noche-en-el-lanzamiento-de-la-nueva-BAIC-X55-II-en-el-Yacht-Puerto-Madero.-1280x1920.jpg\" alt=\"\" data-id=\"70345\" data-full-url=\"https:\/\/www.lasrosas.com.ar\/portal\/wp-content\/uploads\/32.-Cintia-Garrido-fue-la-DJ-de-la-noche-en-el-lanzamiento-de-la-nueva-BAIC-X55-II-en-el-Yacht-Puerto-Madero.-scaled.jpg\" data-link=\"https:\/\/www.lasrosas.com.ar\/portal\/?attachment_id=70345\" class=\"wp-image-70345 lazyload\" data-srcset=\"https:\/\/www.lasrosas.com.ar\/portal\/wp-content\/uploads\/\/32.-Cintia-Garrido-fue-la-DJ-de-la-noche-en-el-lanzamiento-de-la-nueva-BAIC-X55-II-en-el-Yacht-Puerto-Madero.-1280x1920.jpg 1280w, https:\/\/www.lasrosas.com.ar\/portal\/wp-content\/uploads\/\/32.-Cintia-Garrido-fue-la-DJ-de-la-noche-en-el-lanzamiento-de-la-nueva-BAIC-X55-II-en-el-Yacht-Puerto-Madero.-640x960.jpg 640w, https:\/\/www.lasrosas.com.ar\/portal\/wp-content\/uploads\/\/32.-Cintia-Garrido-fue-la-DJ-de-la-noche-en-el-lanzamiento-de-la-nueva-BAIC-X55-II-en-el-Yacht-Puerto-Madero.-1024x1536.jpg 1024w, https:\/\/www.lasrosas.com.ar\/portal\/wp-content\/uploads\/\/32.-Cintia-Garrido-fue-la-DJ-de-la-noche-en-el-lanzamiento-de-la-nueva-BAIC-X55-II-en-el-Yacht-Puerto-Madero.-scaled.jpg 1365w\" data-sizes=\"(max-width: 1280px) 100vw, 1280px\" src=\"data:image\/svg+xml;base64,PHN2ZyB3aWR0aD0iMSIgaGVpZ2h0PSIxIiB4bWxucz0iaHR0cDovL3d3dy53My5vcmcvMjAwMC9zdmciPjwvc3ZnPg==\" style=\"--smush-placeholder-width: 1280px; --smush-placeholder-aspect-ratio: 1280\/1920;\" \/><\/figure><\/li><li class=\"blocks-gallery-item\"><figure><img decoding=\"async\" width=\"1280\" height=\"1920\" data-src=\"https:\/\/www.lasrosas.com.ar\/portal\/wp-content\/uploads\/31.-Benjamin-Alfonso-en-el-lanzamiento-de-la-BAIC-X55-II-en-el-Yacht-Puerto-Madero.-1280x1920.jpg\" alt=\"\" data-id=\"70346\" data-full-url=\"https:\/\/www.lasrosas.com.ar\/portal\/wp-content\/uploads\/31.-Benjamin-Alfonso-en-el-lanzamiento-de-la-BAIC-X55-II-en-el-Yacht-Puerto-Madero.-scaled.jpg\" data-link=\"https:\/\/www.lasrosas.com.ar\/portal\/?attachment_id=70346\" class=\"wp-image-70346 lazyload\" data-srcset=\"https:\/\/www.lasrosas.com.ar\/portal\/wp-content\/uploads\/\/31.-Benjamin-Alfonso-en-el-lanzamiento-de-la-BAIC-X55-II-en-el-Yacht-Puerto-Madero.-1280x1920.jpg 1280w, https:\/\/www.lasrosas.com.ar\/portal\/wp-content\/uploads\/\/31.-Benjamin-Alfonso-en-el-lanzamiento-de-la-BAIC-X55-II-en-el-Yacht-Puerto-Madero.-640x960.jpg 640w, https:\/\/www.lasrosas.com.ar\/portal\/wp-content\/uploads\/\/31.-Benjamin-Alfonso-en-el-lanzamiento-de-la-BAIC-X55-II-en-el-Yacht-Puerto-Madero.-1024x1536.jpg 1024w, https:\/\/www.lasrosas.com.ar\/portal\/wp-content\/uploads\/\/31.-Benjamin-Alfonso-en-el-lanzamiento-de-la-BAIC-X55-II-en-el-Yacht-Puerto-Madero.-scaled.jpg 1365w\" data-sizes=\"(max-width: 1280px) 100vw, 1280px\" src=\"data:image\/svg+xml;base64,PHN2ZyB3aWR0aD0iMSIgaGVpZ2h0PSIxIiB4bWxucz0iaHR0cDovL3d3dy53My5vcmcvMjAwMC9zdmciPjwvc3ZnPg==\" style=\"--smush-placeholder-width: 1280px; --smush-placeholder-aspect-ratio: 1280\/1920;\" \/><\/figure><\/li><li class=\"blocks-gallery-item\"><figure><img decoding=\"async\" width=\"1920\" height=\"1280\" data-src=\"https:\/\/www.lasrosas.com.ar\/portal\/wp-content\/uploads\/34.-La-DJ-Cintia-Garrido-en-accion-en-el-Yacht-Puerto-Madero.-1920x1280.jpg\" alt=\"\" data-id=\"70347\" data-full-url=\"https:\/\/www.lasrosas.com.ar\/portal\/wp-content\/uploads\/34.-La-DJ-Cintia-Garrido-en-accion-en-el-Yacht-Puerto-Madero.-scaled.jpg\" data-link=\"https:\/\/www.lasrosas.com.ar\/portal\/?attachment_id=70347\" class=\"wp-image-70347 lazyload\" data-srcset=\"https:\/\/www.lasrosas.com.ar\/portal\/wp-content\/uploads\/\/34.-La-DJ-Cintia-Garrido-en-accion-en-el-Yacht-Puerto-Madero.-1920x1280.jpg 1920w, https:\/\/www.lasrosas.com.ar\/portal\/wp-content\/uploads\/\/34.-La-DJ-Cintia-Garrido-en-accion-en-el-Yacht-Puerto-Madero.-960x640.jpg 960w, https:\/\/www.lasrosas.com.ar\/portal\/wp-content\/uploads\/\/34.-La-DJ-Cintia-Garrido-en-accion-en-el-Yacht-Puerto-Madero.-1536x1024.jpg 1536w, https:\/\/www.lasrosas.com.ar\/portal\/wp-content\/uploads\/\/34.-La-DJ-Cintia-Garrido-en-accion-en-el-Yacht-Puerto-Madero.-scaled.jpg 2048w\" data-sizes=\"(max-width: 1920px) 100vw, 1920px\" src=\"data:image\/svg+xml;base64,PHN2ZyB3aWR0aD0iMSIgaGVpZ2h0PSIxIiB4bWxucz0iaHR0cDovL3d3dy53My5vcmcvMjAwMC9zdmciPjwvc3ZnPg==\" style=\"--smush-placeholder-width: 1920px; --smush-placeholder-aspect-ratio: 1920\/1280;\" \/><\/figure><\/li><li class=\"blocks-gallery-item\"><figure><img decoding=\"async\" width=\"1280\" height=\"1920\" data-src=\"https:\/\/www.lasrosas.com.ar\/portal\/wp-content\/uploads\/35.-Michelle-Haber-y-Lali-Gonzalez-en-el-lanzamiento-de-la-BAIC-X55-II-en-el-Yacht-Puerto-Madero.-1280x1920.jpg\" alt=\"\" data-id=\"70348\" data-full-url=\"https:\/\/www.lasrosas.com.ar\/portal\/wp-content\/uploads\/35.-Michelle-Haber-y-Lali-Gonzalez-en-el-lanzamiento-de-la-BAIC-X55-II-en-el-Yacht-Puerto-Madero.-scaled.jpg\" data-link=\"https:\/\/www.lasrosas.com.ar\/portal\/?attachment_id=70348\" class=\"wp-image-70348 lazyload\" data-srcset=\"https:\/\/www.lasrosas.com.ar\/portal\/wp-content\/uploads\/\/35.-Michelle-Haber-y-Lali-Gonzalez-en-el-lanzamiento-de-la-BAIC-X55-II-en-el-Yacht-Puerto-Madero.-1280x1920.jpg 1280w, https:\/\/www.lasrosas.com.ar\/portal\/wp-content\/uploads\/\/35.-Michelle-Haber-y-Lali-Gonzalez-en-el-lanzamiento-de-la-BAIC-X55-II-en-el-Yacht-Puerto-Madero.-640x960.jpg 640w, https:\/\/www.lasrosas.com.ar\/portal\/wp-content\/uploads\/\/35.-Michelle-Haber-y-Lali-Gonzalez-en-el-lanzamiento-de-la-BAIC-X55-II-en-el-Yacht-Puerto-Madero.-1024x1536.jpg 1024w, https:\/\/www.lasrosas.com.ar\/portal\/wp-content\/uploads\/\/35.-Michelle-Haber-y-Lali-Gonzalez-en-el-lanzamiento-de-la-BAIC-X55-II-en-el-Yacht-Puerto-Madero.-scaled.jpg 1365w\" data-sizes=\"(max-width: 1280px) 100vw, 1280px\" src=\"data:image\/svg+xml;base64,PHN2ZyB3aWR0aD0iMSIgaGVpZ2h0PSIxIiB4bWxucz0iaHR0cDovL3d3dy53My5vcmcvMjAwMC9zdmciPjwvc3ZnPg==\" style=\"--smush-placeholder-width: 1280px; --smush-placeholder-aspect-ratio: 1280\/1920;\" \/><\/figure><\/li><li class=\"blocks-gallery-item\"><figure><img decoding=\"async\" width=\"1280\" height=\"1920\" data-src=\"https:\/\/www.lasrosas.com.ar\/portal\/wp-content\/uploads\/36.-Mike-Amigorena-y-la-nueva-BAIC-X55-II-que-ya-esta-en-la-Argentina.-1280x1920.jpg\" alt=\"\" data-id=\"70349\" data-full-url=\"https:\/\/www.lasrosas.com.ar\/portal\/wp-content\/uploads\/36.-Mike-Amigorena-y-la-nueva-BAIC-X55-II-que-ya-esta-en-la-Argentina.-scaled.jpg\" data-link=\"https:\/\/www.lasrosas.com.ar\/portal\/?attachment_id=70349\" class=\"wp-image-70349 lazyload\" data-srcset=\"https:\/\/www.lasrosas.com.ar\/portal\/wp-content\/uploads\/\/36.-Mike-Amigorena-y-la-nueva-BAIC-X55-II-que-ya-esta-en-la-Argentina.-1280x1920.jpg 1280w, https:\/\/www.lasrosas.com.ar\/portal\/wp-content\/uploads\/\/36.-Mike-Amigorena-y-la-nueva-BAIC-X55-II-que-ya-esta-en-la-Argentina.-640x960.jpg 640w, https:\/\/www.lasrosas.com.ar\/portal\/wp-content\/uploads\/\/36.-Mike-Amigorena-y-la-nueva-BAIC-X55-II-que-ya-esta-en-la-Argentina.-1024x1536.jpg 1024w, https:\/\/www.lasrosas.com.ar\/portal\/wp-content\/uploads\/\/36.-Mike-Amigorena-y-la-nueva-BAIC-X55-II-que-ya-esta-en-la-Argentina.-scaled.jpg 1365w\" data-sizes=\"(max-width: 1280px) 100vw, 1280px\" src=\"data:image\/svg+xml;base64,PHN2ZyB3aWR0aD0iMSIgaGVpZ2h0PSIxIiB4bWxucz0iaHR0cDovL3d3dy53My5vcmcvMjAwMC9zdmciPjwvc3ZnPg==\" style=\"--smush-placeholder-width: 1280px; --smush-placeholder-aspect-ratio: 1280\/1920;\" \/><\/figure><\/li><li class=\"blocks-gallery-item\"><figure><img decoding=\"async\" width=\"1920\" height=\"1280\" data-src=\"https:\/\/www.lasrosas.com.ar\/portal\/wp-content\/uploads\/41.-La-BAIC-X55-II-tuvo-su-presentacion-en-Argentina-en-el-Yacht-Puerto-Madero.-1920x1280.jpg\" alt=\"\" data-id=\"70350\" data-full-url=\"https:\/\/www.lasrosas.com.ar\/portal\/wp-content\/uploads\/41.-La-BAIC-X55-II-tuvo-su-presentacion-en-Argentina-en-el-Yacht-Puerto-Madero.-scaled.jpg\" data-link=\"https:\/\/www.lasrosas.com.ar\/portal\/?attachment_id=70350\" class=\"wp-image-70350 lazyload\" data-srcset=\"https:\/\/www.lasrosas.com.ar\/portal\/wp-content\/uploads\/\/41.-La-BAIC-X55-II-tuvo-su-presentacion-en-Argentina-en-el-Yacht-Puerto-Madero.-1920x1280.jpg 1920w, https:\/\/www.lasrosas.com.ar\/portal\/wp-content\/uploads\/\/41.-La-BAIC-X55-II-tuvo-su-presentacion-en-Argentina-en-el-Yacht-Puerto-Madero.-960x640.jpg 960w, https:\/\/www.lasrosas.com.ar\/portal\/wp-content\/uploads\/\/41.-La-BAIC-X55-II-tuvo-su-presentacion-en-Argentina-en-el-Yacht-Puerto-Madero.-1536x1024.jpg 1536w, https:\/\/www.lasrosas.com.ar\/portal\/wp-content\/uploads\/\/41.-La-BAIC-X55-II-tuvo-su-presentacion-en-Argentina-en-el-Yacht-Puerto-Madero.-scaled.jpg 2048w\" data-sizes=\"(max-width: 1920px) 100vw, 1920px\" src=\"data:image\/svg+xml;base64,PHN2ZyB3aWR0aD0iMSIgaGVpZ2h0PSIxIiB4bWxucz0iaHR0cDovL3d3dy53My5vcmcvMjAwMC9zdmciPjwvc3ZnPg==\" style=\"--smush-placeholder-width: 1920px; --smush-placeholder-aspect-ratio: 1920\/1280;\" \/><\/figure><\/li><\/ul><\/figure>\n\n\n\n<p>Con ocho airbags y una calificaci\u00f3n de seguridad cinco estrellas otorgada por C-NCAP, la BAIC X55 II ofrece una protecci\u00f3n excepcional en todas las direcciones para minimizar lesiones en casos de emergencia. Este producto representa la culminaci\u00f3n de un nuevo concepto de conducir un SUV: divertido, cool y futurista. La BAIC X55 II no solo es un veh\u00edculo, es una experiencia que cambia la forma en que entendemos la conducci\u00f3n.<\/p>\n\n\n\n<p><strong>Caracter\u00edsticas sorprendentes de la BAIC X55 II<\/strong><\/p>\n\n\n\n<ul class=\"wp-block-list\"><li><strong>Manijas de puertas ocultas y apertura \u00abpop out\u00bb:<\/strong> un toque de ingenio se suma a la funcionalidad con manijas de puertas que se integran perfectamente al dise\u00f1o, ofreciendo una apertura \u00abpop out\u00bb para un acceso m\u00e1s sencillo y elegante.<\/li><\/ul>\n\n\n\n<ul class=\"wp-block-list\"><li><strong>Estaci\u00f3n de carga inal\u00e1mbrica para celulares: <\/strong>la conveniencia se une a la tecnolog\u00eda con una estaci\u00f3n de carga inal\u00e1mbrica incorporada en la cabina, permitiendo a los ocupantes mantener sus dispositivos m\u00f3viles listos para la aventura.<\/li><\/ul>\n\n\n\n<ul class=\"wp-block-list\"><li><strong>Asientos el\u00e9ctricos con dise\u00f1o deportivo y tapizados en cuero, calefaccionados y ventilados: <\/strong>la comodidad se combina con el estilo en los asientos dise\u00f1ados para la experiencia deportiva definitiva. Con opciones de calefacci\u00f3n y ventilaci\u00f3n, estos asientos de cuero brindan lujo y confort. Adem\u00e1s, la configuraci\u00f3n con memorias y la funci\u00f3n \u00abwelcome\/exit\u00bb facilitan la entrada y salida del habit\u00e1culo con un toque de distinci\u00f3n.<\/li><\/ul>\n\n\n\n<ul class=\"wp-block-list\"><li><strong>Port\u00f3n trasero el\u00e9ctrico keyless:<\/strong> El acceso al ba\u00fal se simplifica y moderniza con la apertura autom\u00e1tica mediante sensor de proximidad, lo que agrega practicidad y funcionalidad a cada carga.<\/li><\/ul>\n\n\n\n<p>Con ra\u00edces que se remontan a 1958, BAIC se estableci\u00f3 en Beijing, China, y es un pilar en la industria automotriz mundial. Clasificado en el puesto No.162 entre las 500 empresas m\u00e1s importantes del mundo, es uno de los principales grupos estatales de automoci\u00f3n en China. Su alcance abarca investigaci\u00f3n y desarrollo, fabricaci\u00f3n de veh\u00edculos completos y componentes, comercio de servicios automotrices, servicios de viajes integrales, finanzas e inversiones, entre otros. BAIC se encuentra en m\u00e1s de 110 pa\u00edses y regiones del mundo, habiendo vendido m\u00e1s de 31 millones de unidades en una amplia gama de productos, incluyendo autom\u00f3viles de pasajeros, veh\u00edculos comerciales y m\u00e1s.<\/p>\n\n\n\n<p>Desde su entrada en Argentina en 2018, la firma china sigue expandiendo su presencia con nuevos concesionarios en todo el pa\u00eds. Su familia de SUV, destacada por su relaci\u00f3n calidad-precio y equipamiento completo, ha sido un \u00e9xito de ventas. Con una garant\u00eda de 7 a\u00f1os o 100,000 kil\u00f3metros, BAIC demuestra su compromiso con la confiabilidad y respaldo de sus productos. Con un legado en la fabricaci\u00f3n de veh\u00edculos todoterreno, es reconocida por su experiencia y desarrollo en este campo. Con modelos como el BJ40, BJ80 y BJ60, BAIC est\u00e1 listo para introducir nuevas opciones en el mercado argentino y continuar su legado de veh\u00edculos todoterreno innovadores.<\/p>\n<!-- AddThis Advanced Settings generic via filter on the_content --><!-- AddThis Share Buttons generic via filter on the_content -->","protected":false},"excerpt":{"rendered":"<p>Inspirada en fascinantes constelaciones, llega a la Argentina la nueva SUV Baic X55 II con un dise\u00f1o de \u00faltima generaci\u00f3n que la hace parecer de otra galaxia. El futuro se convierte en realidad con la llegada de la BAIC X55 II a Argentina, una SUV que redefine los est\u00e1ndares de dise\u00f1o, tecnolog\u00eda y seguridad en [&hellip;]<!-- AddThis Advanced Settings generic via filter on get_the_excerpt --><!-- AddThis Share Buttons generic via filter on get_the_excerpt --><\/p>\n","protected":false},"author":6,"featured_media":70337,"comment_status":"closed","ping_status":"open","sticky":false,"template":"","format":"standard","meta":{"_acf_changed":false,"om_disable_all_campaigns":false,"_monsterinsights_skip_tracking":false,"_monsterinsights_sitenote_active":false,"_monsterinsights_sitenote_note":"","_monsterinsights_sitenote_category":0,"_uf_show_specific_survey":0,"_uf_disable_surveys":false,"footnotes":""},"categories":[240,100],"tags":[],"class_list":["post-70334","post","type-post","status-publish","format-standard","has-post-thumbnail","hentry","category-gc1","category-noticias"],"acf":[],"aioseo_notices":[],"_links":{"self":[{"href":"https:\/\/www.lasrosas.com.ar\/portal\/wp-json\/wp\/v2\/posts\/70334","targetHints":{"allow":["GET"]}}],"collection":[{"href":"https:\/\/www.lasrosas.com.ar\/portal\/wp-json\/wp\/v2\/posts"}],"about":[{"href":"https:\/\/www.lasrosas.com.ar\/portal\/wp-json\/wp\/v2\/types\/post"}],"author":[{"embeddable":true,"href":"https:\/\/www.lasrosas.com.ar\/portal\/wp-json\/wp\/v2\/users\/6"}],"replies":[{"embeddable":true,"href":"https:\/\/www.lasrosas.com.ar\/portal\/wp-json\/wp\/v2\/comments?post=70334"}],"version-history":[{"count":0,"href":"https:\/\/www.lasrosas.com.ar\/portal\/wp-json\/wp\/v2\/posts\/70334\/revisions"}],"wp:featuredmedia":[{"embeddable":true,"href":"https:\/\/www.lasrosas.com.ar\/portal\/wp-json\/wp\/v2\/media\/70337"}],"wp:attachment":[{"href":"https:\/\/www.lasrosas.com.ar\/portal\/wp-json\/wp\/v2\/media?parent=70334"}],"wp:term":[{"taxonomy":"category","embeddable":true,"href":"https:\/\/www.lasrosas.com.ar\/portal\/wp-json\/wp\/v2\/categories?post=70334"},{"taxonomy":"post_tag","embeddable":true,"href":"https:\/\/www.lasrosas.com.ar\/portal\/wp-json\/wp\/v2\/tags?post=70334"}],"curies":[{"name":"wp","href":"https:\/\/api.w.org\/{rel}","templated":true}]}}