{"id":70163,"date":"2023-08-23T12:11:36","date_gmt":"2023-08-23T15:11:36","guid":{"rendered":"https:\/\/www.lasrosas.com.ar\/portal\/?p=70163"},"modified":"2023-08-23T12:11:38","modified_gmt":"2023-08-23T15:11:38","slug":"tcr-world-tour-por-primera-vez-en-argentina","status":"publish","type":"post","link":"https:\/\/www.lasrosas.com.ar\/portal\/tcr-world-tour-por-primera-vez-en-argentina\/","title":{"rendered":"TCR WORLD TOUR POR PRIMERA VEZ EN ARGENTINA"},"content":{"rendered":"\n<p>El campeonato mundial de TCR pisar\u00e1 Argentina por primera vez en su historia para ser parte del evento de la categor\u00eda sudamericana que llega a su&nbsp;7 \u00aa fecha.<\/p>\n\n\n\n<p>Tras el primer paso por El Pinar, El TCR World Tour y el TCR South Am\u00e9rica compartir\u00e1n escenario en el Aut\u00f3dromo Internacional \u201cJos\u00e9 Carlos Bassi\u201d del Parque de La Pedrera en Villa Mercedes, el pr\u00f3ximo s\u00e1bado 26 y domingo 27 de agosto.&nbsp;&nbsp;<\/p>\n\n\n\n<figure class=\"wp-block-gallery columns-3 is-cropped wp-block-gallery-1 is-layout-flex wp-block-gallery-is-layout-flex\"><ul class=\"blocks-gallery-grid\"><li class=\"blocks-gallery-item\"><figure><img decoding=\"async\" width=\"1920\" height=\"1080\" data-src=\"https:\/\/www.lasrosas.com.ar\/portal\/wp-content\/uploads\/Foto-viaje-motorrad-san-luis-2023_Mesa-de-trabajo-1.jpg\" alt=\"\" data-id=\"70164\" data-full-url=\"https:\/\/www.lasrosas.com.ar\/portal\/wp-content\/uploads\/Foto-viaje-motorrad-san-luis-2023_Mesa-de-trabajo-1.jpg\" data-link=\"https:\/\/www.lasrosas.com.ar\/portal\/?attachment_id=70164\" class=\"wp-image-70164 lazyload\" data-srcset=\"https:\/\/www.lasrosas.com.ar\/portal\/wp-content\/uploads\/\/Foto-viaje-motorrad-san-luis-2023_Mesa-de-trabajo-1.jpg 1920w, https:\/\/www.lasrosas.com.ar\/portal\/wp-content\/uploads\/\/Foto-viaje-motorrad-san-luis-2023_Mesa-de-trabajo-1-960x540.jpg 960w, https:\/\/www.lasrosas.com.ar\/portal\/wp-content\/uploads\/\/Foto-viaje-motorrad-san-luis-2023_Mesa-de-trabajo-1-1536x864.jpg 1536w\" data-sizes=\"(max-width: 1920px) 100vw, 1920px\" src=\"data:image\/svg+xml;base64,PHN2ZyB3aWR0aD0iMSIgaGVpZ2h0PSIxIiB4bWxucz0iaHR0cDovL3d3dy53My5vcmcvMjAwMC9zdmciPjwvc3ZnPg==\" style=\"--smush-placeholder-width: 1920px; --smush-placeholder-aspect-ratio: 1920\/1080;\" \/><\/figure><\/li><li class=\"blocks-gallery-item\"><figure><img decoding=\"async\" width=\"1920\" height=\"1080\" data-src=\"https:\/\/www.lasrosas.com.ar\/portal\/wp-content\/uploads\/Foto-viaje-motorrad-san-luis-2023-02.jpg\" alt=\"\" data-id=\"70165\" data-full-url=\"https:\/\/www.lasrosas.com.ar\/portal\/wp-content\/uploads\/Foto-viaje-motorrad-san-luis-2023-02.jpg\" data-link=\"https:\/\/www.lasrosas.com.ar\/portal\/?attachment_id=70165\" class=\"wp-image-70165 lazyload\" data-srcset=\"https:\/\/www.lasrosas.com.ar\/portal\/wp-content\/uploads\/\/Foto-viaje-motorrad-san-luis-2023-02.jpg 1920w, https:\/\/www.lasrosas.com.ar\/portal\/wp-content\/uploads\/\/Foto-viaje-motorrad-san-luis-2023-02-960x540.jpg 960w, https:\/\/www.lasrosas.com.ar\/portal\/wp-content\/uploads\/\/Foto-viaje-motorrad-san-luis-2023-02-1536x864.jpg 1536w\" data-sizes=\"(max-width: 1920px) 100vw, 1920px\" src=\"data:image\/svg+xml;base64,PHN2ZyB3aWR0aD0iMSIgaGVpZ2h0PSIxIiB4bWxucz0iaHR0cDovL3d3dy53My5vcmcvMjAwMC9zdmciPjwvc3ZnPg==\" style=\"--smush-placeholder-width: 1920px; --smush-placeholder-aspect-ratio: 1920\/1080;\" \/><\/figure><\/li><li class=\"blocks-gallery-item\"><figure><img decoding=\"async\" width=\"1920\" height=\"1278\" data-src=\"https:\/\/www.lasrosas.com.ar\/portal\/wp-content\/uploads\/HC_594613-1920x1278.jpg\" alt=\"\" data-id=\"70166\" data-full-url=\"https:\/\/www.lasrosas.com.ar\/portal\/wp-content\/uploads\/HC_594613-scaled.jpg\" data-link=\"https:\/\/www.lasrosas.com.ar\/portal\/?attachment_id=70166\" class=\"wp-image-70166 lazyload\" data-srcset=\"https:\/\/www.lasrosas.com.ar\/portal\/wp-content\/uploads\/HC_594613-1920x1278.jpg 1920w, https:\/\/www.lasrosas.com.ar\/portal\/wp-content\/uploads\/HC_594613-960x639.jpg 960w, https:\/\/www.lasrosas.com.ar\/portal\/wp-content\/uploads\/HC_594613-1536x1022.jpg 1536w, https:\/\/www.lasrosas.com.ar\/portal\/wp-content\/uploads\/HC_594613-scaled.jpg 2048w\" data-sizes=\"(max-width: 1920px) 100vw, 1920px\" src=\"data:image\/svg+xml;base64,PHN2ZyB3aWR0aD0iMSIgaGVpZ2h0PSIxIiB4bWxucz0iaHR0cDovL3d3dy53My5vcmcvMjAwMC9zdmciPjwvc3ZnPg==\" style=\"--smush-placeholder-width: 1920px; --smush-placeholder-aspect-ratio: 1920\/1278;\" \/><\/figure><\/li><li class=\"blocks-gallery-item\"><figure><img decoding=\"async\" width=\"1920\" height=\"1278\" data-src=\"https:\/\/www.lasrosas.com.ar\/portal\/wp-content\/uploads\/HC_594615-1920x1278.jpg\" alt=\"\" data-id=\"70167\" data-full-url=\"https:\/\/www.lasrosas.com.ar\/portal\/wp-content\/uploads\/HC_594615-scaled.jpg\" data-link=\"https:\/\/www.lasrosas.com.ar\/portal\/?attachment_id=70167\" class=\"wp-image-70167 lazyload\" data-srcset=\"https:\/\/www.lasrosas.com.ar\/portal\/wp-content\/uploads\/HC_594615-1920x1278.jpg 1920w, https:\/\/www.lasrosas.com.ar\/portal\/wp-content\/uploads\/HC_594615-960x639.jpg 960w, https:\/\/www.lasrosas.com.ar\/portal\/wp-content\/uploads\/HC_594615-1536x1022.jpg 1536w, https:\/\/www.lasrosas.com.ar\/portal\/wp-content\/uploads\/HC_594615-scaled.jpg 2048w\" data-sizes=\"(max-width: 1920px) 100vw, 1920px\" src=\"data:image\/svg+xml;base64,PHN2ZyB3aWR0aD0iMSIgaGVpZ2h0PSIxIiB4bWxucz0iaHR0cDovL3d3dy53My5vcmcvMjAwMC9zdmciPjwvc3ZnPg==\" style=\"--smush-placeholder-width: 1920px; --smush-placeholder-aspect-ratio: 1920\/1278;\" \/><\/figure><\/li><li class=\"blocks-gallery-item\"><figure><img decoding=\"async\" width=\"1920\" height=\"1278\" data-src=\"https:\/\/www.lasrosas.com.ar\/portal\/wp-content\/uploads\/HC_595770-1920x1278.jpg\" alt=\"\" data-id=\"70168\" data-full-url=\"https:\/\/www.lasrosas.com.ar\/portal\/wp-content\/uploads\/HC_595770-scaled.jpg\" data-link=\"https:\/\/www.lasrosas.com.ar\/portal\/?attachment_id=70168\" class=\"wp-image-70168 lazyload\" data-srcset=\"https:\/\/www.lasrosas.com.ar\/portal\/wp-content\/uploads\/HC_595770-1920x1278.jpg 1920w, https:\/\/www.lasrosas.com.ar\/portal\/wp-content\/uploads\/HC_595770-960x639.jpg 960w, https:\/\/www.lasrosas.com.ar\/portal\/wp-content\/uploads\/HC_595770-1536x1022.jpg 1536w, https:\/\/www.lasrosas.com.ar\/portal\/wp-content\/uploads\/HC_595770-scaled.jpg 2048w\" data-sizes=\"(max-width: 1920px) 100vw, 1920px\" src=\"data:image\/svg+xml;base64,PHN2ZyB3aWR0aD0iMSIgaGVpZ2h0PSIxIiB4bWxucz0iaHR0cDovL3d3dy53My5vcmcvMjAwMC9zdmciPjwvc3ZnPg==\" style=\"--smush-placeholder-width: 1920px; --smush-placeholder-aspect-ratio: 1920\/1278;\" \/><\/figure><\/li><li class=\"blocks-gallery-item\"><figure><img decoding=\"async\" width=\"1920\" height=\"1278\" data-src=\"https:\/\/www.lasrosas.com.ar\/portal\/wp-content\/uploads\/HC_596131-1920x1278.jpg\" alt=\"\" data-id=\"70169\" data-full-url=\"https:\/\/www.lasrosas.com.ar\/portal\/wp-content\/uploads\/HC_596131-scaled.jpg\" data-link=\"https:\/\/www.lasrosas.com.ar\/portal\/?attachment_id=70169\" class=\"wp-image-70169 lazyload\" data-srcset=\"https:\/\/www.lasrosas.com.ar\/portal\/wp-content\/uploads\/\/HC_596131-1920x1278.jpg 1920w, https:\/\/www.lasrosas.com.ar\/portal\/wp-content\/uploads\/\/HC_596131-960x639.jpg 960w, https:\/\/www.lasrosas.com.ar\/portal\/wp-content\/uploads\/\/HC_596131-1536x1022.jpg 1536w, https:\/\/www.lasrosas.com.ar\/portal\/wp-content\/uploads\/\/HC_596131-scaled.jpg 2048w\" data-sizes=\"(max-width: 1920px) 100vw, 1920px\" src=\"data:image\/svg+xml;base64,PHN2ZyB3aWR0aD0iMSIgaGVpZ2h0PSIxIiB4bWxucz0iaHR0cDovL3d3dy53My5vcmcvMjAwMC9zdmciPjwvc3ZnPg==\" style=\"--smush-placeholder-width: 1920px; --smush-placeholder-aspect-ratio: 1920\/1278;\" \/><\/figure><\/li><li class=\"blocks-gallery-item\"><figure><img decoding=\"async\" width=\"1920\" height=\"1278\" data-src=\"https:\/\/www.lasrosas.com.ar\/portal\/wp-content\/uploads\/HC_596137-1920x1278.jpg\" alt=\"\" data-id=\"70171\" data-full-url=\"https:\/\/www.lasrosas.com.ar\/portal\/wp-content\/uploads\/HC_596137-scaled.jpg\" data-link=\"https:\/\/www.lasrosas.com.ar\/portal\/?attachment_id=70171\" class=\"wp-image-70171 lazyload\" data-srcset=\"https:\/\/www.lasrosas.com.ar\/portal\/wp-content\/uploads\/HC_596137-1920x1278.jpg 1920w, https:\/\/www.lasrosas.com.ar\/portal\/wp-content\/uploads\/HC_596137-960x639.jpg 960w, https:\/\/www.lasrosas.com.ar\/portal\/wp-content\/uploads\/HC_596137-1536x1022.jpg 1536w, https:\/\/www.lasrosas.com.ar\/portal\/wp-content\/uploads\/HC_596137-scaled.jpg 2048w\" data-sizes=\"(max-width: 1920px) 100vw, 1920px\" src=\"data:image\/svg+xml;base64,PHN2ZyB3aWR0aD0iMSIgaGVpZ2h0PSIxIiB4bWxucz0iaHR0cDovL3d3dy53My5vcmcvMjAwMC9zdmciPjwvc3ZnPg==\" style=\"--smush-placeholder-width: 1920px; --smush-placeholder-aspect-ratio: 1920\/1278;\" \/><\/figure><\/li><li class=\"blocks-gallery-item\"><figure><img decoding=\"async\" width=\"1920\" height=\"1278\" data-src=\"https:\/\/www.lasrosas.com.ar\/portal\/wp-content\/uploads\/HC_596179-1920x1278.jpg\" alt=\"\" data-id=\"70172\" data-full-url=\"https:\/\/www.lasrosas.com.ar\/portal\/wp-content\/uploads\/HC_596179-scaled.jpg\" data-link=\"https:\/\/www.lasrosas.com.ar\/portal\/?attachment_id=70172\" class=\"wp-image-70172 lazyload\" data-srcset=\"https:\/\/www.lasrosas.com.ar\/portal\/wp-content\/uploads\/HC_596179-1920x1278.jpg 1920w, https:\/\/www.lasrosas.com.ar\/portal\/wp-content\/uploads\/HC_596179-960x639.jpg 960w, https:\/\/www.lasrosas.com.ar\/portal\/wp-content\/uploads\/HC_596179-1536x1022.jpg 1536w, https:\/\/www.lasrosas.com.ar\/portal\/wp-content\/uploads\/HC_596179-scaled.jpg 2048w\" data-sizes=\"(max-width: 1920px) 100vw, 1920px\" src=\"data:image\/svg+xml;base64,PHN2ZyB3aWR0aD0iMSIgaGVpZ2h0PSIxIiB4bWxucz0iaHR0cDovL3d3dy53My5vcmcvMjAwMC9zdmciPjwvc3ZnPg==\" style=\"--smush-placeholder-width: 1920px; --smush-placeholder-aspect-ratio: 1920\/1278;\" \/><\/figure><\/li><\/ul><\/figure>\n\n\n\n<p>Nuevamente Grupo Quijada ser\u00e1 protagonista con el Safety Car y el Rescue Car acompa\u00f1ando al TCR mundial en todas las competencias del fin de semana.<\/p>\n\n\n\n<p>Para este World Tour, Automunich, una empresa de Grupo Quijada, organiz\u00f3 un viaje de aventura junto a Track Low, con un grupo de 20 motociclistas combinando ruta, paisajes y amigos que vivir\u00e1n la experiencia de la carrera desde adentro con ingresos paddock.<\/p>\n\n\n\n<p>Podes seguir la actividad del fin de semana minuto a minuto ya que esta edici\u00f3n ser\u00e1 transmitida en vivo en m\u00e1s de 100 pa\u00edses.<\/p>\n<!-- AddThis Advanced Settings generic via filter on the_content --><!-- AddThis Share Buttons generic via filter on the_content -->","protected":false},"excerpt":{"rendered":"<p>El campeonato mundial de TCR pisar\u00e1 Argentina por primera vez en su historia para ser parte del evento de la categor\u00eda sudamericana que llega a su&nbsp;7 \u00aa fecha. Tras el primer paso por El Pinar, El TCR World Tour y el TCR South Am\u00e9rica compartir\u00e1n escenario en el Aut\u00f3dromo Internacional \u201cJos\u00e9 Carlos Bassi\u201d del Parque [&hellip;]<!-- AddThis Advanced Settings generic via filter on get_the_excerpt --><!-- AddThis Share Buttons generic via filter on get_the_excerpt --><\/p>\n","protected":false},"author":6,"featured_media":70170,"comment_status":"closed","ping_status":"open","sticky":false,"template":"","format":"standard","meta":{"_acf_changed":false,"om_disable_all_campaigns":false,"_monsterinsights_skip_tracking":false,"_monsterinsights_sitenote_active":false,"_monsterinsights_sitenote_note":"","_monsterinsights_sitenote_category":0,"_uf_show_specific_survey":0,"_uf_disable_surveys":false,"footnotes":""},"categories":[240,100],"tags":[],"class_list":["post-70163","post","type-post","status-publish","format-standard","has-post-thumbnail","hentry","category-gc1","category-noticias"],"acf":[],"aioseo_notices":[],"_links":{"self":[{"href":"https:\/\/www.lasrosas.com.ar\/portal\/wp-json\/wp\/v2\/posts\/70163","targetHints":{"allow":["GET"]}}],"collection":[{"href":"https:\/\/www.lasrosas.com.ar\/portal\/wp-json\/wp\/v2\/posts"}],"about":[{"href":"https:\/\/www.lasrosas.com.ar\/portal\/wp-json\/wp\/v2\/types\/post"}],"author":[{"embeddable":true,"href":"https:\/\/www.lasrosas.com.ar\/portal\/wp-json\/wp\/v2\/users\/6"}],"replies":[{"embeddable":true,"href":"https:\/\/www.lasrosas.com.ar\/portal\/wp-json\/wp\/v2\/comments?post=70163"}],"version-history":[{"count":0,"href":"https:\/\/www.lasrosas.com.ar\/portal\/wp-json\/wp\/v2\/posts\/70163\/revisions"}],"wp:featuredmedia":[{"embeddable":true,"href":"https:\/\/www.lasrosas.com.ar\/portal\/wp-json\/wp\/v2\/media\/70170"}],"wp:attachment":[{"href":"https:\/\/www.lasrosas.com.ar\/portal\/wp-json\/wp\/v2\/media?parent=70163"}],"wp:term":[{"taxonomy":"category","embeddable":true,"href":"https:\/\/www.lasrosas.com.ar\/portal\/wp-json\/wp\/v2\/categories?post=70163"},{"taxonomy":"post_tag","embeddable":true,"href":"https:\/\/www.lasrosas.com.ar\/portal\/wp-json\/wp\/v2\/tags?post=70163"}],"curies":[{"name":"wp","href":"https:\/\/api.w.org\/{rel}","templated":true}]}}