{"id":70142,"date":"2023-08-22T13:46:30","date_gmt":"2023-08-22T16:46:30","guid":{"rendered":"https:\/\/www.lasrosas.com.ar\/portal\/?p=70142"},"modified":"2023-08-22T13:46:32","modified_gmt":"2023-08-22T16:46:32","slug":"furor-por-heathers-el-musical-ultimas-localidades-para-la-despedida-definitiva-en-el-teatro-opera-2","status":"publish","type":"post","link":"https:\/\/www.lasrosas.com.ar\/portal\/furor-por-heathers-el-musical-ultimas-localidades-para-la-despedida-definitiva-en-el-teatro-opera-2\/","title":{"rendered":"FUROR POR \u00abHEATHERS, EL MUSICAL\u00bb: \u00a1\u00daLTIMAS LOCALIDADES PARA LA DESPEDIDA DEFINITIVA EN EL TEATRO \u00d3PERA!"},"content":{"rendered":"\n<p>FUROR POR \u00abHEATHERS, EL MUSICAL\u00bb: \u00a1\u00daLTIMAS LOCALIDADES PARA LA DESPEDIDA DEFINITIVA EN EL TEATRO \u00d3PERA!  CON DIRECCI\u00d3N DE FER DENTE Y NOMINADO A 16 PREMIOS HUGO <\/p>\n\n\n\n<p>\u00daltimos tickets para&nbsp;<em>\u00abHeathers, el musical\u00bb,<\/em>&nbsp;la obra m\u00e1s aclamada de la temporada en su&nbsp;<strong>funci\u00f3n final el pr\u00f3ximo 26 de Agosto en el&nbsp; Teatro \u00d3pera<\/strong>.&nbsp;Despu\u00e9s de una serie de funciones exitosas que han dejado al p\u00fablico fervoroso, la mega&nbsp;producci\u00f3n con direcci\u00f3n de Fer Dente&nbsp;se despide de su escenario original antes de embarcarse en una emocionante gira nacional.<br><br><strong>S\u00c1BADO&nbsp;26 DE AGOSTO 18HS&nbsp;&#8211; TEATRO \u00d3PERA<br><a href=\"https:\/\/www.ticketek.com.ar\/heathers\/teatro-opera\" target=\"_blank\" rel=\"noreferrer noopener\">ENTRADAS EN TICKETEK<\/a><\/strong><\/p>\n\n\n\n<p><strong>ROSARIO: S\u00c1BADO 23 DE SEPTIEMBRE 21HS &#8211; TEATRO BROADWAY:<\/strong><br><strong><a href=\"https:\/\/www.tuticket.com.ar\/1530-heathers\" target=\"_blank\" rel=\"noreferrer noopener\">ENTRADAS EN TUTICKET<\/a><\/strong><br><br><strong>C\u00d3RDOBA: DOMINGO 1 DE OCTUBRE&nbsp;20HS&nbsp;&#8211; QUALITY ESPACIO:<\/strong><br><a href=\"https:\/\/www.ticketek.com.ar\/heathers\/quality-espacio\" target=\"_blank\" rel=\"noreferrer noopener\"><strong>ENTRADAS EN TICKETEK<\/strong><\/a>&nbsp;<br><br>El fen\u00f3meno \u00abHeathers\u00bb encendi\u00f3 a su p\u00fablico desde su estreno&nbsp;con localidades agotadas convirti\u00e9ndose en un suceso. Con fan\u00e1ticos fieles que entre gritos y aplausos crearon&nbsp;en&nbsp;el teatro \u00f3pera un clima de recital, \u00abHeathers, el musical\u00bb marc\u00f3 un antes y un despu\u00e9s en la temporada&nbsp;de Calle Corrientes. Tal es as\u00ed que recientemente recibi\u00f3 16 nominaciones a los Premios Hugo, incluida&nbsp;<strong>\u00abMEJOR MUSICAL\u00bb<br><br>MEJOR DIRECCI\u00d3N GENERAL: Fer Dente<br>MEJOR ACTUACI\u00d3N PROTAG\u00d3NICA FEMENINA: Julia Tozzi<br>MEJOR DIRECCI\u00d3N MUSICAL: Giuliana Sosa<br>MEJOR COREOGRAF\u00cdA: Vanesa Garc\u00eda Mill\u00e1n<br>MEJOR DIRECCI\u00d3N VOCAL: Eugenia Gil Rodriguez&nbsp;<br>MEJOR ACTUACI\u00d3N DE REPARTO MASCULINA: &nbsp;Pablo Turturiello<br>MEJOR ACTUACI\u00d3N DE REPARTO FEMENINA: Sofi Morandi, Flor Anca<br>REVELACI\u00d3N FEMENINA: Rochi Cald\u00e9s<br>REVELACI\u00d3N MASCULINA: Santi Toledo<br>MEJOR INTERPRETACI\u00d3N MASCULINA EN ENSAMBLE: Nico Esquivel<br>MEJOR ADAPTACI\u00d3N Y\/O TRADUCCI\u00d3N DE LIBRO Y LETRAS: Marcelo Kotliar<br>MEJOR DISE\u00d1O DE LUCES ORIGINAL: Gaspar Potocnik<br>MEJOR DISE\u00d1O DE CARACTERIZACI\u00d3N: Peinados, Mat\u00edas Giachino<br>MEJOR PRODUCCI\u00d3N INTEGRAL: Club Media Co. &#8211; &nbsp;1010 Mentes Colectivas &#8211; Aleph Media &#8211; Go Broadway<\/strong><br><br>La obra basada en la exitosa&nbsp;pel\u00edcula protagonizada por Winona Rider y Christian Slater y premiada a Mejor Nuevo Musical 2019 en el WhatsOnStage Awards,&nbsp; Mejor Nuevo Musical en los Premios Off-Broadway Alliance y Mejor Coreograf\u00eda 2014 en Lucille Lortel Awards estall\u00f3&nbsp;en el&nbsp;Teatro Opera y a pedido del p\u00fablico la despedida ser\u00e1 en agosto para luego recorrer el pa\u00eds pasando por diferentes ciudades.<br><br><strong><em>Heathers, el musical<\/em><\/strong>, dirigida por&nbsp;<strong>Fer Dente<\/strong>, es la obra de&nbsp;teatro m\u00e1s provocadora, sarc\u00e1stica y filosa sobre los lazos de venganza y complicidad, que con un humor \u00fanico, banda en vivo y de la mano de los m\u00e1s talentosos artistas del pa\u00eds toca&nbsp;temas que vienen dando que hablar entre los j\u00f3venes.<\/p>\n\n\n\n<p><strong>Pr\u00f3ximas funciones<\/strong>:<br><strong>Teatro \u00d3pera &#8211; 26 de Agosto&nbsp;&#8211; 18hs<br>Teatro Broadway, Rosario &#8211; 23 de Septiembre &#8211; 21hs<br>Quality Espacio, C\u00f3rdoba &#8211; 1 de Octubre &#8211; 20hs<\/strong><\/p>\n<!-- AddThis Advanced Settings generic via filter on the_content --><!-- AddThis Share Buttons generic via filter on the_content -->","protected":false},"excerpt":{"rendered":"<p>FUROR POR \u00abHEATHERS, EL MUSICAL\u00bb: \u00a1\u00daLTIMAS LOCALIDADES PARA LA DESPEDIDA DEFINITIVA EN EL TEATRO \u00d3PERA! CON DIRECCI\u00d3N DE FER DENTE Y NOMINADO A 16 PREMIOS HUGO \u00daltimos tickets para&nbsp;\u00abHeathers, el musical\u00bb,&nbsp;la obra m\u00e1s aclamada de la temporada en su&nbsp;funci\u00f3n final el pr\u00f3ximo 26 de Agosto en el&nbsp; Teatro \u00d3pera.&nbsp;Despu\u00e9s de una serie de funciones exitosas [&hellip;]<!-- AddThis Advanced Settings generic via filter on get_the_excerpt --><!-- AddThis Share Buttons generic via filter on get_the_excerpt --><\/p>\n","protected":false},"author":6,"featured_media":70143,"comment_status":"closed","ping_status":"open","sticky":false,"template":"","format":"standard","meta":{"_acf_changed":false,"om_disable_all_campaigns":false,"_monsterinsights_skip_tracking":false,"_monsterinsights_sitenote_active":false,"_monsterinsights_sitenote_note":"","_monsterinsights_sitenote_category":0,"_uf_show_specific_survey":0,"_uf_disable_surveys":false,"footnotes":""},"categories":[100],"tags":[],"class_list":["post-70142","post","type-post","status-publish","format-standard","has-post-thumbnail","hentry","category-noticias"],"acf":[],"aioseo_notices":[],"_links":{"self":[{"href":"https:\/\/www.lasrosas.com.ar\/portal\/wp-json\/wp\/v2\/posts\/70142","targetHints":{"allow":["GET"]}}],"collection":[{"href":"https:\/\/www.lasrosas.com.ar\/portal\/wp-json\/wp\/v2\/posts"}],"about":[{"href":"https:\/\/www.lasrosas.com.ar\/portal\/wp-json\/wp\/v2\/types\/post"}],"author":[{"embeddable":true,"href":"https:\/\/www.lasrosas.com.ar\/portal\/wp-json\/wp\/v2\/users\/6"}],"replies":[{"embeddable":true,"href":"https:\/\/www.lasrosas.com.ar\/portal\/wp-json\/wp\/v2\/comments?post=70142"}],"version-history":[{"count":0,"href":"https:\/\/www.lasrosas.com.ar\/portal\/wp-json\/wp\/v2\/posts\/70142\/revisions"}],"wp:featuredmedia":[{"embeddable":true,"href":"https:\/\/www.lasrosas.com.ar\/portal\/wp-json\/wp\/v2\/media\/70143"}],"wp:attachment":[{"href":"https:\/\/www.lasrosas.com.ar\/portal\/wp-json\/wp\/v2\/media?parent=70142"}],"wp:term":[{"taxonomy":"category","embeddable":true,"href":"https:\/\/www.lasrosas.com.ar\/portal\/wp-json\/wp\/v2\/categories?post=70142"},{"taxonomy":"post_tag","embeddable":true,"href":"https:\/\/www.lasrosas.com.ar\/portal\/wp-json\/wp\/v2\/tags?post=70142"}],"curies":[{"name":"wp","href":"https:\/\/api.w.org\/{rel}","templated":true}]}}