{"id":70113,"date":"2023-08-18T11:41:00","date_gmt":"2023-08-18T14:41:00","guid":{"rendered":"https:\/\/www.lasrosas.com.ar\/portal\/?p=70113"},"modified":"2023-08-22T11:44:41","modified_gmt":"2023-08-22T14:44:41","slug":"comienza-una-nueva-edicion-de-rap-digital-el-concurso-para-que-las-chicas-y-los-chicos-alcen-la-voz-frente-a-la-violencia-online","status":"publish","type":"post","link":"https:\/\/www.lasrosas.com.ar\/portal\/comienza-una-nueva-edicion-de-rap-digital-el-concurso-para-que-las-chicas-y-los-chicos-alcen-la-voz-frente-a-la-violencia-online\/","title":{"rendered":"COMIENZA UNA NUEVA EDICI\u00d3N DE RAP DIGITAL,  EL CONCURSO PARA QUE LAS CHICAS Y LOS CHICOS ALCEN LA VOZ FRENTE A LA VIOLENCIA ONLINE"},"content":{"rendered":"\n<p>Con <a href=\"https:\/\/www.instagram.com\/gsonymusic\/?hl=es\"><strong>G Sony<\/strong><\/a> y <a href=\"https:\/\/www.instagram.com\/nashy_nashai\/?hl=es\"><strong>Nashy Nashai<\/strong><\/a> (ganadora de la \u00faltima edici\u00f3n) como padrino y madrina, el certamen invita a j\u00f3venes de 12 a 21 a\u00f1os de todo el pa\u00eds a presentar una canci\u00f3n de rap de su autor\u00eda para promover la concientizaci\u00f3n sobre las problem\u00e1ticas de las redes sociales y el universo online en general, como el acoso, el grooming, el cyberbullying, entre otros.<\/p>\n\n\n\n<p>A su vez, <a href=\"https:\/\/www.rap-digital.com\/\"><strong>Rap Digital<\/strong><\/a> conforma un verdadero semillero de nuevos talentos y\u00a0 abre la posibilidad a miles de chicos y chicas de cumplir sus sue\u00f1os, permitiendo que puedan dar a conocer su obra y comenzar a profesionalizar sus carreras art\u00edsticas.\u00a0<\/p>\n\n\n\n<p>Los raperos y raperas de Argentina tienen una nueva oportunidad para dar a conocer su obra: <strong><em>RAP Digital<\/em><\/strong>, el concurso que invita a las y los adolescentes a alzar la voz para alertar sobre los riesgos del mundo online, <strong>abri\u00f3 las inscripciones a su nueva edici\u00f3n.<\/strong> Organizado por UNICEF, y con el apoyo de la Secretar\u00eda Nacional de Ni\u00f1ez, Adolescencia y Familia (SENAF) y la Asociaci\u00f3n Civil Faro Digital, la iniciativa buscar\u00e1 este a\u00f1o <strong>concientizar sobre la violencia<\/strong> <strong>online a partir de cuatro tem\u00e1ticas:<\/strong> <strong>grooming<\/strong>, <strong>violencia de g\u00e9nero digital<\/strong>, c<strong>yberbullying<\/strong> y <strong>cuidado de la privacidad en Internet<\/strong>.<\/p>\n\n\n\n<p>Esta edici\u00f3n contar\u00e1 con un nuevo padrino y madrina: el reconocido rapero y freestyler <a href=\"https:\/\/www.instagram.com\/gsonymusic\/?hl=es\"><strong>G Sony<\/strong><\/a><strong> <\/strong>y la ganadora de la\u00a0 edici\u00f3n 2021 de <strong>RAP Digital, <\/strong><a href=\"https:\/\/www.instagram.com\/nashy_nashai\/?hl=es\"><strong>Nashy Nashai<\/strong><\/a><strong> <\/strong>ser\u00e1n los encargados de acompa\u00f1ar el cert\u00e1men y de inspirar a los y las artistas con sus propias experiencias de superaci\u00f3n que hoy los llevan a formar parte de la industria.<\/p>\n\n\n\n<figure class=\"wp-block-gallery columns-3 is-cropped wp-block-gallery-1 is-layout-flex wp-block-gallery-is-layout-flex\"><ul class=\"blocks-gallery-grid\"><li class=\"blocks-gallery-item\"><figure><img decoding=\"async\" width=\"1311\" height=\"1920\" data-src=\"https:\/\/www.lasrosas.com.ar\/portal\/wp-content\/uploads\/IMG_9165-copia-1311x1920.jpg\" alt=\"\" data-id=\"70114\" data-full-url=\"https:\/\/www.lasrosas.com.ar\/portal\/wp-content\/uploads\/IMG_9165-copia-scaled.jpg\" data-link=\"https:\/\/www.lasrosas.com.ar\/portal\/?attachment_id=70114\" class=\"wp-image-70114 lazyload\" data-srcset=\"https:\/\/www.lasrosas.com.ar\/portal\/wp-content\/uploads\/IMG_9165-copia-1311x1920.jpg 1311w, https:\/\/www.lasrosas.com.ar\/portal\/wp-content\/uploads\/IMG_9165-copia-656x960.jpg 656w, https:\/\/www.lasrosas.com.ar\/portal\/wp-content\/uploads\/IMG_9165-copia-1049x1536.jpg 1049w, https:\/\/www.lasrosas.com.ar\/portal\/wp-content\/uploads\/IMG_9165-copia-scaled.jpg 1399w\" data-sizes=\"(max-width: 1311px) 100vw, 1311px\" src=\"data:image\/svg+xml;base64,PHN2ZyB3aWR0aD0iMSIgaGVpZ2h0PSIxIiB4bWxucz0iaHR0cDovL3d3dy53My5vcmcvMjAwMC9zdmciPjwvc3ZnPg==\" style=\"--smush-placeholder-width: 1311px; --smush-placeholder-aspect-ratio: 1311\/1920;\" \/><\/figure><\/li><li class=\"blocks-gallery-item\"><figure><img decoding=\"async\" width=\"864\" height=\"1920\" data-src=\"https:\/\/www.lasrosas.com.ar\/portal\/wp-content\/uploads\/IMG_20230604_003704-1-1-864x1920.jpg\" alt=\"\" data-id=\"70116\" data-full-url=\"https:\/\/www.lasrosas.com.ar\/portal\/wp-content\/uploads\/IMG_20230604_003704-1-1-scaled.jpg\" data-link=\"https:\/\/www.lasrosas.com.ar\/portal\/?attachment_id=70116\" class=\"wp-image-70116 lazyload\" data-srcset=\"https:\/\/www.lasrosas.com.ar\/portal\/wp-content\/uploads\/\/IMG_20230604_003704-1-1-864x1920.jpg 864w, https:\/\/www.lasrosas.com.ar\/portal\/wp-content\/uploads\/\/IMG_20230604_003704-1-1-432x960.jpg 432w, https:\/\/www.lasrosas.com.ar\/portal\/wp-content\/uploads\/\/IMG_20230604_003704-1-1-691x1536.jpg 691w, https:\/\/www.lasrosas.com.ar\/portal\/wp-content\/uploads\/\/IMG_20230604_003704-1-1-scaled.jpg 922w\" data-sizes=\"(max-width: 864px) 100vw, 864px\" src=\"data:image\/svg+xml;base64,PHN2ZyB3aWR0aD0iMSIgaGVpZ2h0PSIxIiB4bWxucz0iaHR0cDovL3d3dy53My5vcmcvMjAwMC9zdmciPjwvc3ZnPg==\" style=\"--smush-placeholder-width: 864px; --smush-placeholder-aspect-ratio: 864\/1920;\" \/><\/figure><\/li><li class=\"blocks-gallery-item\"><figure><img decoding=\"async\" width=\"1080\" height=\"1920\" data-src=\"https:\/\/www.lasrosas.com.ar\/portal\/wp-content\/uploads\/39-1080x1920.jpg\" alt=\"\" data-id=\"70117\" data-full-url=\"https:\/\/www.lasrosas.com.ar\/portal\/wp-content\/uploads\/39-scaled.jpg\" data-link=\"https:\/\/www.lasrosas.com.ar\/portal\/?attachment_id=70117\" class=\"wp-image-70117 lazyload\" data-srcset=\"https:\/\/www.lasrosas.com.ar\/portal\/wp-content\/uploads\/\/39-1080x1920.jpg 1080w, https:\/\/www.lasrosas.com.ar\/portal\/wp-content\/uploads\/\/39-540x960.jpg 540w, https:\/\/www.lasrosas.com.ar\/portal\/wp-content\/uploads\/\/39-864x1536.jpg 864w, https:\/\/www.lasrosas.com.ar\/portal\/wp-content\/uploads\/\/39-scaled.jpg 1152w\" data-sizes=\"(max-width: 1080px) 100vw, 1080px\" src=\"data:image\/svg+xml;base64,PHN2ZyB3aWR0aD0iMSIgaGVpZ2h0PSIxIiB4bWxucz0iaHR0cDovL3d3dy53My5vcmcvMjAwMC9zdmciPjwvc3ZnPg==\" style=\"--smush-placeholder-width: 1080px; --smush-placeholder-aspect-ratio: 1080\/1920;\" \/><\/figure><\/li><\/ul><\/figure>\n\n\n\n<p><strong>TODO LO QUE TEN\u00c9S QUE SABER SOBRE EL CERT\u00c1MEN<\/strong><\/p>\n\n\n\n<ul class=\"wp-block-list\"><li>Rap Digital invita a chicas y chicos, de entre 12 y 21 a\u00f1os, a que graben un <strong>video de entre 30 segundos y un minuto con su propio rap<\/strong>, con letra de autor\u00eda propia, y lo suban a la web <a href=\"http:\/\/www.rap-digital.com\/\">www.rap-digital.com<\/a> antes del <strong>11 de septiembre<\/strong>.<\/li><\/ul>\n\n\n\n<ul class=\"wp-block-list\"><li>El contenido de la letra debe fomentar una participaci\u00f3n sana en Internet y abordar alg\u00fan aspecto de las distintas problem\u00e1ticas que las y los adolescentes experimentan en los entornos digitales: grooming, ciberbullying, violencia de g\u00e9nero digital y el cuidado de la privacidad en Internet.<br><\/li><li><strong>\u00bfCu\u00e1l es el premio? <\/strong>Las ganadoras y los ganadores recibir\u00e1n como premio grabar su canci\u00f3n y el video de forma profesional. Se seleccionar\u00e1n los dos videos que mejor fusionen el g\u00e9nero rap con las tem\u00e1ticas; uno para la categor\u00eda SENAF \u2013para los chicos y chicas que forman parte de sus programas y proyectos-, y otro para la categor\u00eda general.<\/li><\/ul>\n\n\n\n<p><strong>\u00bfQU\u00c9 PROBLEM\u00c1TICAS PODEMOS ENCONTRAR EN EL MUNDO ONLINE?<\/strong><\/p>\n\n\n\n<p><strong>CIBERBULLYING<\/strong><\/p>\n\n\n\n<p>Es el hostigamiento sistem\u00e1tico y sostenido en el tiempo entre chicos y chicas a trav\u00e9s de plataformas digitales. El acoso escolar se traslada a plataformas digitales en forma de hostigamiento, exclusi\u00f3n, discriminaci\u00f3n y acoso. Comentarios, publicaciones, videos, fotos, mensajes privados o exclusi\u00f3n de grupos son posibles formas de hostigamiento digital.<\/p>\n\n\n\n<p><strong>GROOMING<\/strong><\/p>\n\n\n\n<p>Es el abuso a la integridad sexual por parte de una persona adulta hacia un ni\u00f1o, ni\u00f1a o adolescente a trav\u00e9s de plataformas digitales. La persona que abusa suele utilizar medios digitales para generar un v\u00ednculo de amistad y confianza con el chico o la chica y pedirle algo \u00edntimo, como una foto o un video. Luego puede extorsionarlo con difundir ese material si no accede a enviar m\u00e1s im\u00e1genes o informaci\u00f3n suya o de su familia.\u00a0<\/p>\n\n\n\n<p><strong>VIOLENCIA DE G\u00c9NERO DIGITAL<\/strong>&nbsp;<\/p>\n\n\n\n<p>DIFUSI\u00d3N DE IM\u00c1GENES \u00cdNTIMAS SIN CONSENTIMIENTO<\/p>\n\n\n\n<p>Existen diversas formas de violencia de g\u00e9nero digital. Violencias hist\u00f3ricas ejercidas contra las mujeres y disidencias que se alimentan de caracter\u00edsticas de los entornos virtuales a la hora de trasladar, alimentar o potenciar su da\u00f1o. Una de las principales violencias de g\u00e9nero digital es la difusi\u00f3n no consentida de material \u00edntimo. Las v\u00edctimas de la difusi\u00f3n de las im\u00e1genes sin consentimiento suelen ser las mujeres.\u00a0<\/p>\n\n\n\n<p><strong>PRIVACIDAD EN INTERNET<\/strong>&nbsp;<\/p>\n\n\n\n<p>HUELLA DIGITAL<\/p>\n\n\n\n<p>Es toda la informaci\u00f3n que existe en Internet asociada a nuestra identidad. Se conforma por la informaci\u00f3n que subimos nosotros o que otros publican en nuestro nombre. Publicaciones, etiquetas, comentarios, likes, etc., alimentan nuestra huella digital y se posicionan como uno de los primeros filtros que tendr\u00e1n las personas a la hora de querer saber sobre nosotros.<\/p>\n<!-- AddThis Advanced Settings generic via filter on the_content --><!-- AddThis Share Buttons generic via filter on the_content -->","protected":false},"excerpt":{"rendered":"<p>Con G Sony y Nashy Nashai (ganadora de la \u00faltima edici\u00f3n) como padrino y madrina, el certamen invita a j\u00f3venes de 12 a 21 a\u00f1os de todo el pa\u00eds a presentar una canci\u00f3n de rap de su autor\u00eda para promover la concientizaci\u00f3n sobre las problem\u00e1ticas de las redes sociales y el universo online en general, [&hellip;]<!-- AddThis Advanced Settings generic via filter on get_the_excerpt --><!-- AddThis Share Buttons generic via filter on get_the_excerpt --><\/p>\n","protected":false},"author":6,"featured_media":70115,"comment_status":"closed","ping_status":"open","sticky":false,"template":"","format":"standard","meta":{"_acf_changed":false,"om_disable_all_campaigns":false,"_monsterinsights_skip_tracking":false,"_monsterinsights_sitenote_active":false,"_monsterinsights_sitenote_note":"","_monsterinsights_sitenote_category":0,"_uf_show_specific_survey":0,"_uf_disable_surveys":false,"footnotes":""},"categories":[100],"tags":[],"class_list":["post-70113","post","type-post","status-publish","format-standard","has-post-thumbnail","hentry","category-noticias"],"acf":[],"aioseo_notices":[],"_links":{"self":[{"href":"https:\/\/www.lasrosas.com.ar\/portal\/wp-json\/wp\/v2\/posts\/70113","targetHints":{"allow":["GET"]}}],"collection":[{"href":"https:\/\/www.lasrosas.com.ar\/portal\/wp-json\/wp\/v2\/posts"}],"about":[{"href":"https:\/\/www.lasrosas.com.ar\/portal\/wp-json\/wp\/v2\/types\/post"}],"author":[{"embeddable":true,"href":"https:\/\/www.lasrosas.com.ar\/portal\/wp-json\/wp\/v2\/users\/6"}],"replies":[{"embeddable":true,"href":"https:\/\/www.lasrosas.com.ar\/portal\/wp-json\/wp\/v2\/comments?post=70113"}],"version-history":[{"count":0,"href":"https:\/\/www.lasrosas.com.ar\/portal\/wp-json\/wp\/v2\/posts\/70113\/revisions"}],"wp:featuredmedia":[{"embeddable":true,"href":"https:\/\/www.lasrosas.com.ar\/portal\/wp-json\/wp\/v2\/media\/70115"}],"wp:attachment":[{"href":"https:\/\/www.lasrosas.com.ar\/portal\/wp-json\/wp\/v2\/media?parent=70113"}],"wp:term":[{"taxonomy":"category","embeddable":true,"href":"https:\/\/www.lasrosas.com.ar\/portal\/wp-json\/wp\/v2\/categories?post=70113"},{"taxonomy":"post_tag","embeddable":true,"href":"https:\/\/www.lasrosas.com.ar\/portal\/wp-json\/wp\/v2\/tags?post=70113"}],"curies":[{"name":"wp","href":"https:\/\/api.w.org\/{rel}","templated":true}]}}