{"id":69866,"date":"2023-08-16T11:42:11","date_gmt":"2023-08-16T14:42:11","guid":{"rendered":"https:\/\/www.lasrosas.com.ar\/portal\/?p=69866"},"modified":"2023-08-16T11:42:14","modified_gmt":"2023-08-16T14:42:14","slug":"ikinita-la-vibrante-comunidad-de-artistas-y-disenadores-creada-por-india-carazo","status":"publish","type":"post","link":"https:\/\/www.lasrosas.com.ar\/portal\/ikinita-la-vibrante-comunidad-de-artistas-y-disenadores-creada-por-india-carazo\/","title":{"rendered":"IKINITA, LA VIBRANTE COMUNIDAD DE ARTISTAS Y DISE\u00d1ADORES CREADA POR INDIA CARAZO"},"content":{"rendered":"\n<p>India es la CEO\ndetr\u00e1s de un colectivo de creativos apasionados por la excentricidad y el\nimpulso del pensamiento alternativo. Cada una de las piezas de <a href=\"https:\/\/www.instagram.com\/ikinitaworld\/\">IKINITA<\/a>, su marca de moda, manifiesta\nla espontaneidad como elemento esencial de la exploraci\u00f3n y la expresi\u00f3n\nart\u00edstica. Aqu\u00ed, conversamos con la bell\u00edsima parisina que hoy hace furor en\nIbiza. <\/p>\n\n\n\n<p><strong>\u00bfQu\u00e9\nte gustar\u00eda contarnos sobre ti?<\/strong><\/p>\n\n\n\n<p>Mi nombre es\nIndia Carazo, nac\u00ed en Par\u00eds, donde la moda es una tradici\u00f3n cultural que te\ntransporta a trav\u00e9s de diferentes historias, lugares y \u00e9pocas. Recib\u00ed\ninfluencias de diversos pa\u00edses a lo largo de mi vida, ya que fui criada en un\nbarco. Hice mis estudios secundarios en la \u201cciudad de la luz\u201d y luego estudi\u00e9\nRelaciones Internacionales en la Escuela de Estudios Orientales y Africanos de\nla Universidad de Londres. <\/p>\n\n\n\n<p><strong>\u00bfDe\nd\u00f3nde proviene tu inspiraci\u00f3n?<\/strong><\/p>\n\n\n\n<p>Mi madrina fue\nuna gran influencia en el proceso de la alta costura, ya que era dise\u00f1adora de\nvestuario para cine y teatro. Ella me ense\u00f1\u00f3 el poder del disfraz y c\u00f3mo entra\nen juego con la personalidad. Adem\u00e1s, tengo una profunda curiosidad por la\ndiversidad cultural. <\/p>\n\n\n\n<p><strong>\u00bfC\u00f3mo surgi\u00f3 IKINITA?<\/strong><\/p>\n\n\n\n<p>Durante la\npandemia me fascin\u00e9 con la creaci\u00f3n de piezas diferentes con todo el material\nque hab\u00eda obtenido de distintos pa\u00edses. Mi visi\u00f3n se volvi\u00f3 clara: crear una\ncomunidad de talentos art\u00edsticos para dar vida a piezas \u00fanicas. Recorremos el\nmundo en busca de artesanos especializados en diversas t\u00e9cnicas, desde\nintrincados bordados hasta el tejido magistral, desde el delicado trabajo de\nabalorios hasta la exquisita sastrer\u00eda.<\/p>\n\n\n\n<p><strong>\u00bfC\u00f3mo\nconectan los usuarios y artesanos a trav\u00e9s de tu marca?<\/strong><\/p>\n\n\n\n<p>IKINITA genera\nuna conexi\u00f3n significativa entre el usuario y el artesano, tendiendo puentes\nentre culturas y fomentando el aprecio por la diversidad de la artesan\u00eda\nmundial. La moda hecha a mano es arte y expresi\u00f3n personal, cuenta una\nhistoria, habla del patrimonio cultural.<\/p>\n\n\n\n<p><strong>\u00bfQu\u00e9\nrol juega la sustentabilidad en IKINITA?<\/strong><\/p>\n\n\n\n<p>Creemos en el\nfomento del comercio justo y en la creaci\u00f3n de medios de vida sostenibles para los\nartesanos cualificados, quienes contin\u00faan con sus tradiciones mientras adoptan\nla innovaci\u00f3n.<\/p>\n\n\n\n<p>A trav\u00e9s de la\ncolaboraci\u00f3n con el universo artesanal, India y su equipo crean y recrean una\nplataforma que honra sus habilidades y les brinda la oportunidad de mostrar su\ntalento a un p\u00fablico mundial. El coraz\u00f3n de <a href=\"https:\/\/www.instagram.com\/ikinitaworld\/\">IKINITA<\/a> (@ikinitaworld) es\ncelebrar la belleza de la colaboraci\u00f3n plasmada en piezas \u00fanicas, elegancia\natemporal y expresi\u00f3n vibrante.<\/p>\n<!-- AddThis Advanced Settings generic via filter on the_content --><!-- AddThis Share Buttons generic via filter on the_content -->","protected":false},"excerpt":{"rendered":"<p>India es la CEO detr\u00e1s de un colectivo de creativos apasionados por la excentricidad y el impulso del pensamiento alternativo. Cada una de las piezas de IKINITA, su marca de moda, manifiesta la espontaneidad como elemento esencial de la exploraci\u00f3n y la expresi\u00f3n art\u00edstica. Aqu\u00ed, conversamos con la bell\u00edsima parisina que hoy hace furor en [&hellip;]<!-- AddThis Advanced Settings generic via filter on get_the_excerpt --><!-- AddThis Share Buttons generic via filter on get_the_excerpt --><\/p>\n","protected":false},"author":6,"featured_media":69867,"comment_status":"closed","ping_status":"open","sticky":false,"template":"","format":"standard","meta":{"_acf_changed":false,"om_disable_all_campaigns":false,"_monsterinsights_skip_tracking":false,"_monsterinsights_sitenote_active":false,"_monsterinsights_sitenote_note":"","_monsterinsights_sitenote_category":0,"_uf_show_specific_survey":0,"_uf_disable_surveys":false,"footnotes":""},"categories":[100],"tags":[],"class_list":["post-69866","post","type-post","status-publish","format-standard","has-post-thumbnail","hentry","category-noticias"],"acf":[],"aioseo_notices":[],"_links":{"self":[{"href":"https:\/\/www.lasrosas.com.ar\/portal\/wp-json\/wp\/v2\/posts\/69866","targetHints":{"allow":["GET"]}}],"collection":[{"href":"https:\/\/www.lasrosas.com.ar\/portal\/wp-json\/wp\/v2\/posts"}],"about":[{"href":"https:\/\/www.lasrosas.com.ar\/portal\/wp-json\/wp\/v2\/types\/post"}],"author":[{"embeddable":true,"href":"https:\/\/www.lasrosas.com.ar\/portal\/wp-json\/wp\/v2\/users\/6"}],"replies":[{"embeddable":true,"href":"https:\/\/www.lasrosas.com.ar\/portal\/wp-json\/wp\/v2\/comments?post=69866"}],"version-history":[{"count":0,"href":"https:\/\/www.lasrosas.com.ar\/portal\/wp-json\/wp\/v2\/posts\/69866\/revisions"}],"wp:featuredmedia":[{"embeddable":true,"href":"https:\/\/www.lasrosas.com.ar\/portal\/wp-json\/wp\/v2\/media\/69867"}],"wp:attachment":[{"href":"https:\/\/www.lasrosas.com.ar\/portal\/wp-json\/wp\/v2\/media?parent=69866"}],"wp:term":[{"taxonomy":"category","embeddable":true,"href":"https:\/\/www.lasrosas.com.ar\/portal\/wp-json\/wp\/v2\/categories?post=69866"},{"taxonomy":"post_tag","embeddable":true,"href":"https:\/\/www.lasrosas.com.ar\/portal\/wp-json\/wp\/v2\/tags?post=69866"}],"curies":[{"name":"wp","href":"https:\/\/api.w.org\/{rel}","templated":true}]}}