{"id":69474,"date":"2023-08-04T15:36:50","date_gmt":"2023-08-04T18:36:50","guid":{"rendered":"https:\/\/www.lasrosas.com.ar\/portal\/?p=69474"},"modified":"2023-08-04T15:36:59","modified_gmt":"2023-08-04T18:36:59","slug":"5-consejos-para-tu-rutina-de-belleza-en-la-epoca-mas-fria-del-ano","status":"publish","type":"post","link":"https:\/\/www.lasrosas.com.ar\/portal\/5-consejos-para-tu-rutina-de-belleza-en-la-epoca-mas-fria-del-ano\/","title":{"rendered":"5 CONSEJOS PARA TU RUTINA DE BELLEZA EN LA \u00c9POCA M\u00c1S FR\u00cdA DEL A\u00d1O"},"content":{"rendered":"\n<p><em>Con las bajas temperaturas, llegan nuevas tendencias y rutinas de cuidado personal para combatir el fr\u00edo<\/em><\/p>\n\n\n\n<p>Con la llegada del invierno y el cambio de clima, necesitamos rutinas distintas a las que seguimos durante el verano, porque nuestra piel y nuestro pelo est\u00e1n expuestos a agresiones externas que, por el fr\u00edo, generan sequedad.&nbsp;<\/p>\n\n\n\n<p>Te contamos cinco tips que podes incorporar a tu rutina diaria para combatir el fr\u00edo y no quedarte afuera de ninguna tendencia:<\/p>\n\n\n\n<figure class=\"wp-block-gallery columns-3 is-cropped wp-block-gallery-1 is-layout-flex wp-block-gallery-is-layout-flex\"><ul class=\"blocks-gallery-grid\"><li class=\"blocks-gallery-item\"><figure><img decoding=\"async\" width=\"500\" height=\"500\" data-src=\"https:\/\/www.lasrosas.com.ar\/portal\/wp-content\/uploads\/Natura-Lumina-Protector-Termico.jpg\" alt=\"\" data-id=\"69475\" data-full-url=\"https:\/\/www.lasrosas.com.ar\/portal\/wp-content\/uploads\/Natura-Lumina-Protector-Termico.jpg\" data-link=\"https:\/\/www.lasrosas.com.ar\/portal\/?attachment_id=69475\" class=\"wp-image-69475 lazyload\" src=\"data:image\/svg+xml;base64,PHN2ZyB3aWR0aD0iMSIgaGVpZ2h0PSIxIiB4bWxucz0iaHR0cDovL3d3dy53My5vcmcvMjAwMC9zdmciPjwvc3ZnPg==\" style=\"--smush-placeholder-width: 500px; --smush-placeholder-aspect-ratio: 500\/500;\" \/><\/figure><\/li><li class=\"blocks-gallery-item\"><figure><img decoding=\"async\" width=\"1272\" height=\"1920\" data-src=\"https:\/\/www.lasrosas.com.ar\/portal\/wp-content\/uploads\/Homem-Coragio-1272x1920.jpg\" alt=\"\" data-id=\"69476\" data-full-url=\"https:\/\/www.lasrosas.com.ar\/portal\/wp-content\/uploads\/Homem-Coragio-scaled.jpg\" data-link=\"https:\/\/www.lasrosas.com.ar\/portal\/?attachment_id=69476\" class=\"wp-image-69476 lazyload\" data-srcset=\"https:\/\/www.lasrosas.com.ar\/portal\/wp-content\/uploads\/Homem-Coragio-1272x1920.jpg 1272w, https:\/\/www.lasrosas.com.ar\/portal\/wp-content\/uploads\/Homem-Coragio-636x960.jpg 636w, https:\/\/www.lasrosas.com.ar\/portal\/wp-content\/uploads\/Homem-Coragio-1017x1536.jpg 1017w, https:\/\/www.lasrosas.com.ar\/portal\/wp-content\/uploads\/Homem-Coragio-scaled.jpg 1357w\" data-sizes=\"(max-width: 1272px) 100vw, 1272px\" src=\"data:image\/svg+xml;base64,PHN2ZyB3aWR0aD0iMSIgaGVpZ2h0PSIxIiB4bWxucz0iaHR0cDovL3d3dy53My5vcmcvMjAwMC9zdmciPjwvc3ZnPg==\" style=\"--smush-placeholder-width: 1272px; --smush-placeholder-aspect-ratio: 1272\/1920;\" \/><\/figure><\/li><li class=\"blocks-gallery-item\"><figure><img decoding=\"async\" width=\"1383\" height=\"1920\" data-src=\"https:\/\/www.lasrosas.com.ar\/portal\/wp-content\/uploads\/Natura-Una-Labial-Humectante-Terracota--1383x1920.jpg\" alt=\"\" data-id=\"69478\" data-full-url=\"https:\/\/www.lasrosas.com.ar\/portal\/wp-content\/uploads\/Natura-Una-Labial-Humectante-Terracota--scaled.jpg\" data-link=\"https:\/\/www.lasrosas.com.ar\/portal\/?attachment_id=69478\" class=\"wp-image-69478 lazyload\" data-srcset=\"https:\/\/www.lasrosas.com.ar\/portal\/wp-content\/uploads\/Natura-Una-Labial-Humectante-Terracota--1383x1920.jpg 1383w, https:\/\/www.lasrosas.com.ar\/portal\/wp-content\/uploads\/Natura-Una-Labial-Humectante-Terracota--691x960.jpg 691w, https:\/\/www.lasrosas.com.ar\/portal\/wp-content\/uploads\/Natura-Una-Labial-Humectante-Terracota--1106x1536.jpg 1106w, https:\/\/www.lasrosas.com.ar\/portal\/wp-content\/uploads\/Natura-Una-Labial-Humectante-Terracota--scaled.jpg 1475w\" data-sizes=\"(max-width: 1383px) 100vw, 1383px\" src=\"data:image\/svg+xml;base64,PHN2ZyB3aWR0aD0iMSIgaGVpZ2h0PSIxIiB4bWxucz0iaHR0cDovL3d3dy53My5vcmcvMjAwMC9zdmciPjwvc3ZnPg==\" style=\"--smush-placeholder-width: 1383px; --smush-placeholder-aspect-ratio: 1383\/1920;\" \/><\/figure><\/li><li class=\"blocks-gallery-item\"><figure><img decoding=\"async\" src=\"blob:http:\/\/www.lasrosas.com.ar\/2257c9fa-4a3c-4d5b-8cf8-c78a75b6dafb\"\/><\/figure><\/li><li class=\"blocks-gallery-item\"><figure><img decoding=\"async\" src=\"blob:http:\/\/www.lasrosas.com.ar\/9777e553-d196-4101-8ac2-3aa1da72c206\"\/><\/figure><\/li><li class=\"blocks-gallery-item\"><figure><img decoding=\"async\" src=\"blob:http:\/\/www.lasrosas.com.ar\/c6aa91ed-7702-4f5d-97c8-3eb957bd27bf\"\/><\/figure><\/li><\/ul><\/figure>\n\n\n\n<ol class=\"wp-block-list\"><li><strong>Aprovech\u00e1 para realizar rutinas antimanchas:<\/strong> El invierno es el momento ideal para utilizar estos productos porque hay una menor incidencia solar que favorece al tratamiento antimanchas, tambi\u00e9n provocando que sus resultados se potencien. Sin embargo, <strong>no olvides aplicarte protector solar; es importante siempre <\/strong>proteger nuestra piel de los rayos del sol (incluso en invierno).<\/li><li><strong>Manten\u00e9 tu piel hidratada:<\/strong> El fr\u00edo nos reseca la piel, por eso se recomienda utilizar cremas de hidrataci\u00f3n profunda. Una aliada ideal es la crema corporal<strong> Natura<\/strong> <strong>Tododia de Cereza y Avellana, <\/strong>un cl\u00e1sico de cada invierno que ofrece nutrici\u00f3n prebi\u00f3tica que se adapta a los cambios de tu piel y le dan una recuperaci\u00f3n profunda, dej\u00e1ndola hidratada, suave y firme durante todo el d\u00eda.<\/li><li><strong>Proteg\u00e9 tu pelo:<\/strong> Los ambientes muy calefaccionados en invierno y el uso de secador de pelo afectan directamente a la fibra capilar, resec\u00e1ndola y haciendo que pierda su brillo. Para protegerlo del da\u00f1o, se recomienda la utilizaci\u00f3n de protectores t\u00e9rmicos, como el de <strong>Natura Lumina<\/strong> y productos que hidraten y regeneren la fibra capilar, como la l\u00ednea <strong>Nutrici\u00f3n y Reparaci\u00f3n profunda <\/strong>de la misma l\u00ednea.<\/li><li><strong>Sumate a las nuevas tendencias de maquillaje:<\/strong> Acompa\u00f1\u00e1 estos cuidados invernales con un maquillaje que logre una piel brillante y luminosa, manteniendo un look natural, con protagonismo en los labios. Los tonos oscuros en esta zona del rostro toman protagonismo pero siempre priorizando la hidrataci\u00f3n ante las bajas temperaturas. El <strong>Labial CC Hidratante de Natura Una<\/strong> en su tono Terracota 8C es una gran alternativa para dar color a los labios y al mismo tiempo hidratarlos y protegerlos con FPS25. Adem\u00e1s, la <strong>Bruma Hidra Fix de Natura Una<\/strong> es un gran complemento para cualquier look: brinda 18hs de fijaci\u00f3n del maquillaje y posee prebi\u00f3ticos que hidratan la piel por 24 hs.<\/li><li><strong>Finaliz\u00e1 tu rutina con perfumes invernales:<\/strong> Y lo que no puede faltar son fragancias que brinden sensaci\u00f3n de bienestar y calidez. Es la temporada de los perfumes amaderados y dulces por ser los m\u00e1s intensos. <strong>Natura UNA Art y Homem Coragio <\/strong>son dos grandes opciones dentro de esta categor\u00eda.<\/li><\/ol>\n<!-- AddThis Advanced Settings generic via filter on the_content --><!-- AddThis Share Buttons generic via filter on the_content -->","protected":false},"excerpt":{"rendered":"<p>Con las bajas temperaturas, llegan nuevas tendencias y rutinas de cuidado personal para combatir el fr\u00edo Con la llegada del invierno y el cambio de clima, necesitamos rutinas distintas a las que seguimos durante el verano, porque nuestra piel y nuestro pelo est\u00e1n expuestos a agresiones externas que, por el fr\u00edo, generan sequedad.&nbsp; Te contamos [&hellip;]<!-- AddThis Advanced Settings generic via filter on get_the_excerpt --><!-- AddThis Share Buttons generic via filter on get_the_excerpt --><\/p>\n","protected":false},"author":6,"featured_media":69477,"comment_status":"closed","ping_status":"open","sticky":false,"template":"","format":"standard","meta":{"_acf_changed":false,"om_disable_all_campaigns":false,"_monsterinsights_skip_tracking":false,"_monsterinsights_sitenote_active":false,"_monsterinsights_sitenote_note":"","_monsterinsights_sitenote_category":0,"_uf_show_specific_survey":0,"_uf_disable_surveys":false,"footnotes":""},"categories":[376,100],"tags":[],"class_list":["post-69474","post","type-post","status-publish","format-standard","has-post-thumbnail","hentry","category-lifestyle","category-noticias"],"acf":[],"aioseo_notices":[],"_links":{"self":[{"href":"https:\/\/www.lasrosas.com.ar\/portal\/wp-json\/wp\/v2\/posts\/69474","targetHints":{"allow":["GET"]}}],"collection":[{"href":"https:\/\/www.lasrosas.com.ar\/portal\/wp-json\/wp\/v2\/posts"}],"about":[{"href":"https:\/\/www.lasrosas.com.ar\/portal\/wp-json\/wp\/v2\/types\/post"}],"author":[{"embeddable":true,"href":"https:\/\/www.lasrosas.com.ar\/portal\/wp-json\/wp\/v2\/users\/6"}],"replies":[{"embeddable":true,"href":"https:\/\/www.lasrosas.com.ar\/portal\/wp-json\/wp\/v2\/comments?post=69474"}],"version-history":[{"count":0,"href":"https:\/\/www.lasrosas.com.ar\/portal\/wp-json\/wp\/v2\/posts\/69474\/revisions"}],"wp:featuredmedia":[{"embeddable":true,"href":"https:\/\/www.lasrosas.com.ar\/portal\/wp-json\/wp\/v2\/media\/69477"}],"wp:attachment":[{"href":"https:\/\/www.lasrosas.com.ar\/portal\/wp-json\/wp\/v2\/media?parent=69474"}],"wp:term":[{"taxonomy":"category","embeddable":true,"href":"https:\/\/www.lasrosas.com.ar\/portal\/wp-json\/wp\/v2\/categories?post=69474"},{"taxonomy":"post_tag","embeddable":true,"href":"https:\/\/www.lasrosas.com.ar\/portal\/wp-json\/wp\/v2\/tags?post=69474"}],"curies":[{"name":"wp","href":"https:\/\/api.w.org\/{rel}","templated":true}]}}