{"id":69274,"date":"2023-07-28T13:42:19","date_gmt":"2023-07-28T16:42:19","guid":{"rendered":"https:\/\/www.lasrosas.com.ar\/portal\/?p=69274"},"modified":"2023-07-28T13:42:21","modified_gmt":"2023-07-28T16:42:21","slug":"3-tendencias-en-pelo-que-siguen-protagonizando-2023","status":"publish","type":"post","link":"https:\/\/www.lasrosas.com.ar\/portal\/3-tendencias-en-pelo-que-siguen-protagonizando-2023\/","title":{"rendered":"3 TENDENCIAS EN PELO QUE SIGUEN PROTAGONIZANDO 2023"},"content":{"rendered":"\n<p>Los cortes y peinados que pod\u00e9s elegir para lo que resta del a\u00f1o, sin perderle pisada a lo m\u00e1s trendy de esta temporada. <\/p>\n\n\n\n<p>Ya pasamos a la segunda mitad del a\u00f1o y quiz\u00e1s pens\u00e1s que ya es momento de hacer un<strong>\u00a0cambio de look.\u00a0<\/strong>O de animarte a adoptar alguna tendencia de la temporada. Quiz\u00e1s ten\u00e9s un\u00a0<strong>evento por delante<\/strong>\u00a0y quer\u00e9s\u00a0<strong>lookearte con lo que m\u00e1s se usa<\/strong> <\/p>\n\n\n\n<p>Te contamos sobre peinados y cortes que deber\u00edas tener en cuenta, aptos para todo tipo de pelo y que son s\u00faper f\u00e1ciles de adoptar.<\/p>\n\n\n\n<h4 class=\"wp-block-heading\">Peinados wet<\/h4>\n\n\n\n<p>El pelo ultrabrillante, con un brillo irreal, con efecto mojado es una\u00a0<strong>tendencia que reina este 2023<\/strong>. Puede ser\u00a0<strong>ultra pulcro y lacio<\/strong>, tambi\u00e9n e<strong>ffortless o marcando bien tus rulos.<\/strong><\/p>\n\n\n\n<figure class=\"wp-block-image size-large\"><img decoding=\"async\" width=\"683\" height=\"1024\" data-src=\"https:\/\/www.lasrosas.com.ar\/portal\/wp-content\/uploads\/WhatsApp-Image-2023-07-28-at-13.38.08.jpeg\" alt=\"\" class=\"wp-image-69275 lazyload\" data-srcset=\"https:\/\/www.lasrosas.com.ar\/portal\/wp-content\/uploads\/\/WhatsApp-Image-2023-07-28-at-13.38.08.jpeg 683w, https:\/\/www.lasrosas.com.ar\/portal\/wp-content\/uploads\/\/WhatsApp-Image-2023-07-28-at-13.38.08-640x960.jpeg 640w\" data-sizes=\"(max-width: 683px) 100vw, 683px\" src=\"data:image\/svg+xml;base64,PHN2ZyB3aWR0aD0iMSIgaGVpZ2h0PSIxIiB4bWxucz0iaHR0cDovL3d3dy53My5vcmcvMjAwMC9zdmciPjwvc3ZnPg==\" style=\"--smush-placeholder-width: 683px; --smush-placeholder-aspect-ratio: 683\/1024;\" \/><\/figure>\n\n\n\n<p>El\u00a0<strong>efecto mojado\u00a0<\/strong>es un look ideal para salir de noche o para una fiesta, f\u00e1cil de recrear y de mantener. <\/p>\n\n\n\n<h4 class=\"wp-block-heading\">Flequillo Birkin<\/h4>\n\n\n\n<p>El corte effortless m\u00e1s famoso que hay puede ser el que impuso la ic\u00f3nica modelo (recientemente fallecida)\u00a0<strong>Jane Birkin<\/strong>: descuidadamente cuidado, largo y ligeramente abierto.<\/p>\n\n\n\n<figure class=\"wp-block-image size-large\"><img decoding=\"async\" width=\"546\" height=\"682\" data-src=\"https:\/\/www.lasrosas.com.ar\/portal\/wp-content\/uploads\/WhatsApp-Image-2023-07-28-at-13.39.06.jpeg\" alt=\"\" class=\"wp-image-69276 lazyload\" src=\"data:image\/svg+xml;base64,PHN2ZyB3aWR0aD0iMSIgaGVpZ2h0PSIxIiB4bWxucz0iaHR0cDovL3d3dy53My5vcmcvMjAwMC9zdmciPjwvc3ZnPg==\" style=\"--smush-placeholder-width: 546px; --smush-placeholder-aspect-ratio: 546\/682;\" \/><\/figure>\n\n\n\n<p>Tan chic y cool que es dif\u00edcil resistirse a \u00e9l y este a\u00f1o se usa como nunca (aunque ya es casi un cl\u00e1sico). Es tan vers\u00e1til que pod\u00e9s cambiar su estilo, llevarlo m\u00e1s planchado o con volumen, si ten\u00e9s ondas o rulos. <\/p>\n\n\n\n<h4 class=\"wp-block-heading\">Raya al costado<\/h4>\n\n\n\n<p>Puede ir con el pelo suelto o recogido y cambiar tu apariencia con muy poco esfuerzo si quer\u00e9s generar un efecto visual. La raya al costado es sofisticada y una opci\u00f3n muy adecuada para ciertos tipos de rostros, ya que armoniza los rostros cuadrados y redondos.<\/p>\n\n\n\n<figure class=\"wp-block-image size-large\"><img decoding=\"async\" width=\"740\" height=\"1110\" data-src=\"https:\/\/www.lasrosas.com.ar\/portal\/wp-content\/uploads\/WhatsApp-Image-2023-07-28-at-13.40.23.jpeg\" alt=\"\" class=\"wp-image-69277 lazyload\" data-srcset=\"https:\/\/www.lasrosas.com.ar\/portal\/wp-content\/uploads\/\/WhatsApp-Image-2023-07-28-at-13.40.23.jpeg 740w, https:\/\/www.lasrosas.com.ar\/portal\/wp-content\/uploads\/\/WhatsApp-Image-2023-07-28-at-13.40.23-640x960.jpeg 640w\" data-sizes=\"(max-width: 740px) 100vw, 740px\" src=\"data:image\/svg+xml;base64,PHN2ZyB3aWR0aD0iMSIgaGVpZ2h0PSIxIiB4bWxucz0iaHR0cDovL3d3dy53My5vcmcvMjAwMC9zdmciPjwvc3ZnPg==\" style=\"--smush-placeholder-width: 740px; --smush-placeholder-aspect-ratio: 740\/1110;\" \/><\/figure>\n\n\n\n<p>Para fiestas la podemos llevar en un peinado estilo\u00a0<strong>Old Hollywood<\/strong>\u00a0(como hemos visto a las celebrities)\u00a0emulando al cl\u00e1sico peinado de\u00a0<strong>Veronica Lake<\/strong>.<\/p>\n\n\n\n<p>S\u00f3lo ten\u00e9s que elegir en qu\u00e9 lado te haces la raya y<strong>\u00a0ondular<\/strong>\u00a0tu pelo, recogiendo el lado de la raya detr\u00e1s de la oreja. Este peinado favorece a todos los rostros y, adem\u00e1s, se puede llevar con\u00a0<strong>cualquier largo de pelo.<\/strong>  <\/p>\n<!-- AddThis Advanced Settings generic via filter on the_content --><!-- AddThis Share Buttons generic via filter on the_content -->","protected":false},"excerpt":{"rendered":"<p>Los cortes y peinados que pod\u00e9s elegir para lo que resta del a\u00f1o, sin perderle pisada a lo m\u00e1s trendy de esta temporada. Ya pasamos a la segunda mitad del a\u00f1o y quiz\u00e1s pens\u00e1s que ya es momento de hacer un\u00a0cambio de look.\u00a0O de animarte a adoptar alguna tendencia de la temporada. Quiz\u00e1s ten\u00e9s un\u00a0evento [&hellip;]<!-- AddThis Advanced Settings generic via filter on get_the_excerpt --><!-- AddThis Share Buttons generic via filter on get_the_excerpt --><\/p>\n","protected":false},"author":6,"featured_media":69276,"comment_status":"closed","ping_status":"open","sticky":false,"template":"","format":"standard","meta":{"_acf_changed":false,"om_disable_all_campaigns":false,"_monsterinsights_skip_tracking":false,"_monsterinsights_sitenote_active":false,"_monsterinsights_sitenote_note":"","_monsterinsights_sitenote_category":0,"_uf_show_specific_survey":0,"_uf_disable_surveys":false,"footnotes":""},"categories":[376,100],"tags":[],"class_list":["post-69274","post","type-post","status-publish","format-standard","has-post-thumbnail","hentry","category-lifestyle","category-noticias"],"acf":[],"aioseo_notices":[],"_links":{"self":[{"href":"https:\/\/www.lasrosas.com.ar\/portal\/wp-json\/wp\/v2\/posts\/69274","targetHints":{"allow":["GET"]}}],"collection":[{"href":"https:\/\/www.lasrosas.com.ar\/portal\/wp-json\/wp\/v2\/posts"}],"about":[{"href":"https:\/\/www.lasrosas.com.ar\/portal\/wp-json\/wp\/v2\/types\/post"}],"author":[{"embeddable":true,"href":"https:\/\/www.lasrosas.com.ar\/portal\/wp-json\/wp\/v2\/users\/6"}],"replies":[{"embeddable":true,"href":"https:\/\/www.lasrosas.com.ar\/portal\/wp-json\/wp\/v2\/comments?post=69274"}],"version-history":[{"count":0,"href":"https:\/\/www.lasrosas.com.ar\/portal\/wp-json\/wp\/v2\/posts\/69274\/revisions"}],"wp:featuredmedia":[{"embeddable":true,"href":"https:\/\/www.lasrosas.com.ar\/portal\/wp-json\/wp\/v2\/media\/69276"}],"wp:attachment":[{"href":"https:\/\/www.lasrosas.com.ar\/portal\/wp-json\/wp\/v2\/media?parent=69274"}],"wp:term":[{"taxonomy":"category","embeddable":true,"href":"https:\/\/www.lasrosas.com.ar\/portal\/wp-json\/wp\/v2\/categories?post=69274"},{"taxonomy":"post_tag","embeddable":true,"href":"https:\/\/www.lasrosas.com.ar\/portal\/wp-json\/wp\/v2\/tags?post=69274"}],"curies":[{"name":"wp","href":"https:\/\/api.w.org\/{rel}","templated":true}]}}