{"id":69238,"date":"2023-07-27T15:29:34","date_gmt":"2023-07-27T18:29:34","guid":{"rendered":"https:\/\/www.lasrosas.com.ar\/portal\/?p=69238"},"modified":"2023-07-27T15:29:36","modified_gmt":"2023-07-27T18:29:36","slug":"ultimas-4-semanas-de-martin-bossi-en-calle-corrientes-antes-de-su-gran-gira-internacional","status":"publish","type":"post","link":"https:\/\/www.lasrosas.com.ar\/portal\/ultimas-4-semanas-de-martin-bossi-en-calle-corrientes-antes-de-su-gran-gira-internacional\/","title":{"rendered":"\u00daLTIMAS 4 SEMANAS DE MARTIN BOSSI EN CALLE CORRIENTES ANTES DE SU GRAN GIRA INTERNACIONAL"},"content":{"rendered":"\n<p>Luego de una temporada exitosa,&nbsp;<em><strong>\u00abBossi Live Comedy\u00bb<\/strong><\/em><strong>&nbsp;comienza&nbsp;sus \u00faltimas 4 semanas en el Teatro Astral despidi\u00e9ndose de Buenos Aires el 20 de agosto,&nbsp;<\/strong>para luego comenzar una gira por el exterior.<br><br>Con un talento&nbsp;inigualable,<strong>&nbsp;Bossi ha cautivado a todas las generaciones que lo siguen a\u00f1o tras a\u00f1o, y ahora se prepara para llevar su espect\u00e1culo a nuevos horizontes con su&nbsp;gira internacional por Uruguay, Estados Unidos y Europa.<\/strong><\/p>\n\n\n\n<figure class=\"wp-block-image\"><img decoding=\"async\" data-src=\"https:\/\/ci6.googleusercontent.com\/proxy\/GlhnvF6PHuLuUd9SnHjvRWPD6gzi6Ety0T5b9D24zj11z9G6mEB7ODZt-UuE8hsw9cztpzJ1LNcYkaozALyvPGT69NrGo6GGOD63IhYf-AGgMuW2IGa-iFv_raBTso9Q9-B7MaEGueVY-QwM31YaSzMFLuydsFbJVGz_hw=s0-d-e1-ft#https:\/\/mcusercontent.com\/ec7f80281f4fc1f7d5f1aa62f\/_compresseds\/24748bb5-6de4-f556-90e2-636b47d843ca.jpg\" alt=\"\" src=\"data:image\/svg+xml;base64,PHN2ZyB3aWR0aD0iMSIgaGVpZ2h0PSIxIiB4bWxucz0iaHR0cDovL3d3dy53My5vcmcvMjAwMC9zdmciPjwvc3ZnPg==\" class=\"lazyload\" \/><\/figure>\n\n\n\n<p>La combinaci\u00f3n magistral de m\u00fasica, humor, danza y su innegable talento actoral, hacen que&nbsp;<strong>Martin Bossi<\/strong>&nbsp;logre emocionar y entretener a su p\u00fablico de principio a fin. Desde su regreso al Teatro Astral, su hogar art\u00edstico durante los \u00faltimos a\u00f1os, ha demostrado una vez m\u00e1s por qu\u00e9 es el showman m\u00e1s aclamado del espect\u00e1culo argentino.&nbsp;Este nuevo show que contin\u00faa liderando la cartelera porte\u00f1a, es una experiencia \u00fanica, donde el humor, la comicidad y la m\u00fasica se unen en una interacci\u00f3n plena con el p\u00fablico.&nbsp;<br><br><\/p>\n\n\n\n<p>Este fen\u00f3meno del entretenimiento ha decidido expandir su arte m\u00e1s all\u00e1 de las fronteras argentinas y embarcarse en una gira internacional sin precedentes. En octubre comenzar\u00e1 con una serie de funciones en Montevideo, Uruguay, donde el p\u00fablico&nbsp;podr\u00e1 disfrutar de<strong>&nbsp;<em>\u00abBossi Live Comedy\u00bb<\/em><\/strong>. Adem\u00e1s&nbsp;Bossi&nbsp;llevar\u00e1&nbsp;su espect\u00e1culo a Estados Unidos, m\u00e1s precisamente para presentarse ante el p\u00fablico&nbsp;de Miami y&nbsp;seguir\u00e1 en Europa en ciudades como Dublin, Londres, Sevilla, Valencia, Mallorca, Barcelona entre otras localidades de Espa\u00f1a culminando con broche de oro&nbsp;en la Gran V\u00eda de Madrid. &nbsp;<\/p>\n\n\n\n<p>No cabe duda de que esta nueva aventura de&nbsp;Bossi marcar\u00e1 otro&nbsp;hito en su carrera y seguir\u00e1 dejando una huella indeleble en cada uno de los espectadores que tengan el privilegio de disfrutar de su talento sobre el escenario.<\/p>\n\n\n\n<p>Para m\u00e1s informaci\u00f3n sobre entradas,\u00a0fechas y ciudades donde se presentar\u00e1\u00a0<strong>Martin Bossi<\/strong>\u00a0durante su gira internacional, por favor visitar\u00a0su sitio web oficial:\u00a0<a rel=\"noreferrer noopener\" href=\"https:\/\/us18.mailchimp.com\/mctx\/clicks?url=https%3A%2F%2Fmartinbossi.site%2F&amp;xid=3cf711bd56&amp;uid=138726021&amp;iid=698956716d&amp;pool=cts&amp;v=2&amp;c=1690418223&amp;h=80d45a9dd14e4b8a399d6e4ee5715ed536eabf21475eb1b53ef4fc6e3088c776\" target=\"_blank\">https:\/\/martinbossi.site\/<\/a><\/p>\n<!-- AddThis Advanced Settings generic via filter on the_content --><!-- AddThis Share Buttons generic via filter on the_content -->","protected":false},"excerpt":{"rendered":"<p>Luego de una temporada exitosa,&nbsp;\u00abBossi Live Comedy\u00bb&nbsp;comienza&nbsp;sus \u00faltimas 4 semanas en el Teatro Astral despidi\u00e9ndose de Buenos Aires el 20 de agosto,&nbsp;para luego comenzar una gira por el exterior. Con un talento&nbsp;inigualable,&nbsp;Bossi ha cautivado a todas las generaciones que lo siguen a\u00f1o tras a\u00f1o, y ahora se prepara para llevar su espect\u00e1culo a nuevos horizontes [&hellip;]<!-- AddThis Advanced Settings generic via filter on get_the_excerpt --><!-- AddThis Share Buttons generic via filter on get_the_excerpt --><\/p>\n","protected":false},"author":6,"featured_media":69239,"comment_status":"closed","ping_status":"open","sticky":false,"template":"","format":"standard","meta":{"_acf_changed":false,"om_disable_all_campaigns":false,"_monsterinsights_skip_tracking":false,"_monsterinsights_sitenote_active":false,"_monsterinsights_sitenote_note":"","_monsterinsights_sitenote_category":0,"_uf_show_specific_survey":0,"_uf_disable_surveys":false,"footnotes":""},"categories":[100],"tags":[],"class_list":["post-69238","post","type-post","status-publish","format-standard","has-post-thumbnail","hentry","category-noticias"],"acf":[],"aioseo_notices":[],"_links":{"self":[{"href":"https:\/\/www.lasrosas.com.ar\/portal\/wp-json\/wp\/v2\/posts\/69238","targetHints":{"allow":["GET"]}}],"collection":[{"href":"https:\/\/www.lasrosas.com.ar\/portal\/wp-json\/wp\/v2\/posts"}],"about":[{"href":"https:\/\/www.lasrosas.com.ar\/portal\/wp-json\/wp\/v2\/types\/post"}],"author":[{"embeddable":true,"href":"https:\/\/www.lasrosas.com.ar\/portal\/wp-json\/wp\/v2\/users\/6"}],"replies":[{"embeddable":true,"href":"https:\/\/www.lasrosas.com.ar\/portal\/wp-json\/wp\/v2\/comments?post=69238"}],"version-history":[{"count":0,"href":"https:\/\/www.lasrosas.com.ar\/portal\/wp-json\/wp\/v2\/posts\/69238\/revisions"}],"wp:featuredmedia":[{"embeddable":true,"href":"https:\/\/www.lasrosas.com.ar\/portal\/wp-json\/wp\/v2\/media\/69239"}],"wp:attachment":[{"href":"https:\/\/www.lasrosas.com.ar\/portal\/wp-json\/wp\/v2\/media?parent=69238"}],"wp:term":[{"taxonomy":"category","embeddable":true,"href":"https:\/\/www.lasrosas.com.ar\/portal\/wp-json\/wp\/v2\/categories?post=69238"},{"taxonomy":"post_tag","embeddable":true,"href":"https:\/\/www.lasrosas.com.ar\/portal\/wp-json\/wp\/v2\/tags?post=69238"}],"curies":[{"name":"wp","href":"https:\/\/api.w.org\/{rel}","templated":true}]}}