{"id":69136,"date":"2023-07-25T15:43:46","date_gmt":"2023-07-25T18:43:46","guid":{"rendered":"https:\/\/www.lasrosas.com.ar\/portal\/?p=69136"},"modified":"2023-07-25T15:43:48","modified_gmt":"2023-07-25T18:43:48","slug":"como-toman-el-cafe-los-argentinos","status":"publish","type":"post","link":"https:\/\/www.lasrosas.com.ar\/portal\/como-toman-el-cafe-los-argentinos\/","title":{"rendered":"\u00bfC\u00d3MO TOMAN EL CAF\u00c9 LOS ARGENTINOS?"},"content":{"rendered":"\n<p><em>En plena temporada alta, NESTL\u00c9\u00ae, la marca l\u00edder en la categor\u00eda, explica c\u00f3mo es el consumo de la bebida en el pa\u00eds.<\/em><\/p>\n\n\n\n<p>El caf\u00e9 existe desde hace m\u00e1s de 11 siglos y es la segunda bebida m\u00e1s consumida a nivel global, despu\u00e9s del agua. Se estima que cada d\u00eda se toman m\u00e1s de 2,5 billones de tazas en todo el mundo y se calcula que en 2050 este valor aumentar\u00e1 un 50% m\u00e1s. En este marco, NESTL\u00c9\u00ae, la compa\u00f1\u00eda especialista en el mercado cafetero, analiza el comportamiento de los consumidores a nivel nacional, a trav\u00e9s de sus principales marcas NESCAF\u00c9\u00ae, NESCAF\u00c9\u00ae Dolce Gusto\u00ae y STARBUCKS\u00ae at Home.<\/p>\n\n\n\n<p>En Argentina, en los \u00faltimos a\u00f1os, se pudo observar un fuerte crecimiento de la categor\u00eda de caf\u00e9. Quienes consumen esta infusi\u00f3n se convirtieron en los indiscutidos protagonistas, ya que se volvieron m\u00e1s exigentes, sofisticados y conocedores del producto. En consonancia con esto \u00faltimo, hubo un notorio incremento en la venta de todas las variedades, pero mayoritariamente de las m\u00e1s premium. Al mismo tiempo, el auge de los coffee shops aument\u00f3 la demanda hogare\u00f1a al acercar nuevas combinaciones y formas de personalizaci\u00f3n a partir de sumar ingredientes adicionales al caf\u00e9 y que el consumidor busque replicarlas en la comodidad de su casa.<\/p>\n\n\n\n<p>Actualmente en el pa\u00eds, se bebe un promedio de 208 tazas por habitante al a\u00f1o y 9 de cada 10 argentinos lo hacen en sus hogares, siendo el desayuno el momento de mayor toma. Entre los datos curiosos de consumo, se calcula que m\u00e1s del 50% de las personas le agregan leche a la infusi\u00f3n, m\u00e1s del 70% le adiciona az\u00facar y que el 75% lo bate. \u00c9ste \u00faltimo se convirti\u00f3 en un ritual arraigado y muy asociado a NESCAF\u00c9\u00ae Dolca\u00ae, la\u00a0 marca l\u00edder en la categor\u00eda soluble y amada por la familia argentina. Por otro lado, los datos de facturaci\u00f3n del mercado argentino indican que el 45% se concentra en el segmento instant\u00e1neo, 35% en tostado y molido, y el m\u00e9todo de c\u00e1psulas ya representa un 20%.\u00a0\u00a0<\/p>\n\n\n\n<figure class=\"wp-block-gallery columns-2 is-cropped wp-block-gallery-1 is-layout-flex wp-block-gallery-is-layout-flex\"><ul class=\"blocks-gallery-grid\"><li class=\"blocks-gallery-item\"><figure><img decoding=\"async\" width=\"705\" height=\"830\" data-src=\"https:\/\/www.lasrosas.com.ar\/portal\/wp-content\/uploads\/NESCAFE-Temporada-alta-de-cafe-3-1.jpg\" alt=\"\" data-id=\"69137\" data-full-url=\"https:\/\/www.lasrosas.com.ar\/portal\/wp-content\/uploads\/NESCAFE-Temporada-alta-de-cafe-3-1.jpg\" data-link=\"https:\/\/www.lasrosas.com.ar\/portal\/?attachment_id=69137\" class=\"wp-image-69137 lazyload\" src=\"data:image\/svg+xml;base64,PHN2ZyB3aWR0aD0iMSIgaGVpZ2h0PSIxIiB4bWxucz0iaHR0cDovL3d3dy53My5vcmcvMjAwMC9zdmciPjwvc3ZnPg==\" style=\"--smush-placeholder-width: 705px; --smush-placeholder-aspect-ratio: 705\/830;\" \/><\/figure><\/li><li class=\"blocks-gallery-item\"><figure><img decoding=\"async\" width=\"1066\" height=\"1066\" data-src=\"https:\/\/www.lasrosas.com.ar\/portal\/wp-content\/uploads\/NESCAFE-Temporada-alta-de-cafe-1-1.jpg\" alt=\"\" data-id=\"69138\" data-full-url=\"https:\/\/www.lasrosas.com.ar\/portal\/wp-content\/uploads\/NESCAFE-Temporada-alta-de-cafe-1-1.jpg\" data-link=\"https:\/\/www.lasrosas.com.ar\/portal\/?attachment_id=69138\" class=\"wp-image-69138 lazyload\" data-srcset=\"https:\/\/www.lasrosas.com.ar\/portal\/wp-content\/uploads\/\/NESCAFE-Temporada-alta-de-cafe-1-1.jpg 1066w, https:\/\/www.lasrosas.com.ar\/portal\/wp-content\/uploads\/\/NESCAFE-Temporada-alta-de-cafe-1-1-960x960.jpg 960w\" data-sizes=\"(max-width: 1066px) 100vw, 1066px\" src=\"data:image\/svg+xml;base64,PHN2ZyB3aWR0aD0iMSIgaGVpZ2h0PSIxIiB4bWxucz0iaHR0cDovL3d3dy53My5vcmcvMjAwMC9zdmciPjwvc3ZnPg==\" style=\"--smush-placeholder-width: 1066px; --smush-placeholder-aspect-ratio: 1066\/1066;\" \/><\/figure><\/li><\/ul><\/figure>\n\n\n\n<p>Los j\u00f3venes se convirtieron en la puerta de acceso a la categor\u00eda y son ellos quienes eligen, principalmente, combinaciones apetitosas e indulgentes como mocaccinos, cappuccinos, frappuccinos o recetas saborizadas con notas de vainilla, chocolate, avellanas, entre otras. Tambi\u00e9n son ellos los que se animan a probar diferentes formas de consumir esta bebida y en gran medida impulsan la creciente tendencia de tomarlo fr\u00edo.\u00a0<\/p>\n\n\n\n<p><em>\u201cEl caf\u00e9 dej\u00f3 de ser una simple bebida que se compart\u00eda en cafeter\u00edas, para convertirse en un producto de culto, sobre el que se estudia, se conversa y se debate. Ya no solo se ingiere por su funci\u00f3n estimulante sino que contin\u00faa creciendo por placer como principal raz\u00f3n de consumo. Desde NESTL\u00c9\u00ae, con todas nuestras marcas, siempre estamos atentos a las necesidades y gustos de nuestros consumidores para acercarle las opciones y las innovaciones que sabemos que esperan y buscan. Hoy estamos ante un comprador que busca un producto de calidad y presta extremada atenci\u00f3n al cuidado de toda la cadena de valor\u201d<\/em>, afirma <strong>Sol Fern\u00e1ndez Ballart<\/strong>, directora del negocio de caf\u00e9 de NESTL\u00c9\u00ae Argentina.<\/p>\n\n\n\n<p>La compa\u00f1\u00eda de alimentos y bebidas l\u00edder en el mundo trabaja para mejorar continuamente su cadena de suministro de materia prima y hacer que cada taza sea m\u00e1s sostenible para que todos puedan disfrutar de la infusi\u00f3n hoy y en el futuro. La empresa se comprometi\u00f3 a que el 100% de su caf\u00e9 se produzca de forma sostenible para 2025, desde el cultivo, a trav\u00e9s del programa CON RESPETO HASTA LA TAZA de NESCAF\u00c9\u00ae, hasta el consumo responsable con el PROGRAMA DE RECICLAJE de NESCAF\u00c9\u00ae Dolce Gusto\u00ae.<\/p>\n<!-- AddThis Advanced Settings generic via filter on the_content --><!-- AddThis Share Buttons generic via filter on the_content -->","protected":false},"excerpt":{"rendered":"<p>En plena temporada alta, NESTL\u00c9\u00ae, la marca l\u00edder en la categor\u00eda, explica c\u00f3mo es el consumo de la bebida en el pa\u00eds. El caf\u00e9 existe desde hace m\u00e1s de 11 siglos y es la segunda bebida m\u00e1s consumida a nivel global, despu\u00e9s del agua. Se estima que cada d\u00eda se toman m\u00e1s de 2,5 billones [&hellip;]<!-- AddThis Advanced Settings generic via filter on get_the_excerpt --><!-- AddThis Share Buttons generic via filter on get_the_excerpt --><\/p>\n","protected":false},"author":6,"featured_media":69139,"comment_status":"closed","ping_status":"open","sticky":false,"template":"","format":"standard","meta":{"_acf_changed":false,"om_disable_all_campaigns":false,"_monsterinsights_skip_tracking":false,"_monsterinsights_sitenote_active":false,"_monsterinsights_sitenote_note":"","_monsterinsights_sitenote_category":0,"_uf_show_specific_survey":0,"_uf_disable_surveys":false,"footnotes":""},"categories":[100],"tags":[],"class_list":["post-69136","post","type-post","status-publish","format-standard","has-post-thumbnail","hentry","category-noticias"],"acf":[],"aioseo_notices":[],"_links":{"self":[{"href":"https:\/\/www.lasrosas.com.ar\/portal\/wp-json\/wp\/v2\/posts\/69136","targetHints":{"allow":["GET"]}}],"collection":[{"href":"https:\/\/www.lasrosas.com.ar\/portal\/wp-json\/wp\/v2\/posts"}],"about":[{"href":"https:\/\/www.lasrosas.com.ar\/portal\/wp-json\/wp\/v2\/types\/post"}],"author":[{"embeddable":true,"href":"https:\/\/www.lasrosas.com.ar\/portal\/wp-json\/wp\/v2\/users\/6"}],"replies":[{"embeddable":true,"href":"https:\/\/www.lasrosas.com.ar\/portal\/wp-json\/wp\/v2\/comments?post=69136"}],"version-history":[{"count":0,"href":"https:\/\/www.lasrosas.com.ar\/portal\/wp-json\/wp\/v2\/posts\/69136\/revisions"}],"wp:featuredmedia":[{"embeddable":true,"href":"https:\/\/www.lasrosas.com.ar\/portal\/wp-json\/wp\/v2\/media\/69139"}],"wp:attachment":[{"href":"https:\/\/www.lasrosas.com.ar\/portal\/wp-json\/wp\/v2\/media?parent=69136"}],"wp:term":[{"taxonomy":"category","embeddable":true,"href":"https:\/\/www.lasrosas.com.ar\/portal\/wp-json\/wp\/v2\/categories?post=69136"},{"taxonomy":"post_tag","embeddable":true,"href":"https:\/\/www.lasrosas.com.ar\/portal\/wp-json\/wp\/v2\/tags?post=69136"}],"curies":[{"name":"wp","href":"https:\/\/api.w.org\/{rel}","templated":true}]}}