{"id":69098,"date":"2023-07-24T16:05:43","date_gmt":"2023-07-24T19:05:43","guid":{"rendered":"https:\/\/www.lasrosas.com.ar\/portal\/?p=69098"},"modified":"2023-07-24T16:06:41","modified_gmt":"2023-07-24T19:06:41","slug":"lele-presenta-quiero-verte-junto-a-coti","status":"publish","type":"post","link":"https:\/\/www.lasrosas.com.ar\/portal\/lele-presenta-quiero-verte-junto-a-coti\/","title":{"rendered":"LEL\u00c9 PRESENTA \u201cQUIERO VERTE\u201d JUNTO A COTI"},"content":{"rendered":"\n<p><strong>UNA CANCI\u00d3N QUE NACE DEL DISTANCIAMIENTO DE SU AMOR, PERO QUE A\u00daN AS\u00cd PROPONE UN NUEVO CAP\u00cdTULO EN ESTA HISTORIA<\/strong><\/p>\n\n\n\n<p>Quiero Verte es <strong><em>la vuelta de Lel\u00e9 a la m\u00fasica post pandemia<\/em><\/strong>, con esta historia que refleja momentos de soledad absoluta y fuertes recuerdos que se filtran a trav\u00e9s de su mente; y vemos de manera paralela tanto el duelo que ella hace, como flashbacks de cuando el amor era la m\u00e1xima alegr\u00eda.<\/p>\n\n\n\n<p>\u201c<em>Quiero verte porque no puedo dejar los vicios si no estas conmigo, porque fuiste el amor de mi vida mi mejor amigo, porque nunca me voy a olvidar lo que tuvimos<\/em>\u201d canta Lel\u00e9 en este single que <strong>nace del distanciamiento de su amor y esta distancia, se transforma en una letra sentida, real y sincera como pocas.<\/strong><\/p>\n\n\n\n<p>Compuesta y producida por <strong>Coti Sorokin<\/strong> \u201c<a rel=\"noreferrer noopener\" href=\"https:\/\/www.youtube.com\/watch?v=XkIgSkJuTJA\" target=\"_blank\">Quiero Verte<\/a>\u201d fue pensada por el gran hitmaker, como un vestido a medida de lo que ambos estaban sintiendo y ese sentimiento desgarrador ahora es una canci\u00f3n para compartir con su p\u00fablico en este nuevo cap\u00edtulo de esta gran historia de amor.<\/p>\n\n\n\n<p>Los arreglos fueron de Matias Solanas, mezclado y masterizado en Madrid x Max miglin. El video fue dirigido por Alexan Sarikamichian y Benjam\u00edn Baccetti donde se los ve a Lel\u00e9 y Coti rodeados de vinos, rosas y un gran banquete que muestra el fin de una relaci\u00f3n intensa.<\/p>\n\n\n\n<figure class=\"wp-block-image size-large\"><img decoding=\"async\" width=\"1920\" height=\"1280\" data-src=\"https:\/\/www.lasrosas.com.ar\/portal\/wp-content\/uploads\/609A7384-1920x1280.jpg\" alt=\"\" class=\"wp-image-69099 lazyload\" data-srcset=\"https:\/\/www.lasrosas.com.ar\/portal\/wp-content\/uploads\/\/609A7384-1920x1280.jpg 1920w, https:\/\/www.lasrosas.com.ar\/portal\/wp-content\/uploads\/\/609A7384-960x640.jpg 960w, https:\/\/www.lasrosas.com.ar\/portal\/wp-content\/uploads\/\/609A7384-1536x1024.jpg 1536w, https:\/\/www.lasrosas.com.ar\/portal\/wp-content\/uploads\/\/609A7384.jpg 2048w\" data-sizes=\"(max-width: 1920px) 100vw, 1920px\" src=\"data:image\/svg+xml;base64,PHN2ZyB3aWR0aD0iMSIgaGVpZ2h0PSIxIiB4bWxucz0iaHR0cDovL3d3dy53My5vcmcvMjAwMC9zdmciPjwvc3ZnPg==\" style=\"--smush-placeholder-width: 1920px; --smush-placeholder-aspect-ratio: 1920\/1280;\" \/><\/figure>\n\n\n\n<p> <strong>Lel\u00e9<\/strong> es una artista integral y una apasionada del arte en sus distintas expresiones. \u201cSensible al mundo\u201d como ella se autodenomina, encuentra en la pintura y la m\u00fasica su refugio seguro. La m\u00fasica fue siempre una expresi\u00f3n que jam\u00e1s abandon\u00f3 y que es parte de ella desde muy peque\u00f1a.\u00a0<\/p>\n\n\n\n<iframe width=\"560\" height=\"315\" data-src=\"https:\/\/www.youtube.com\/embed\/XkIgSkJuTJA\" title=\"YouTube video player\" frameborder=\"0\" allow=\"accelerometer; autoplay; clipboard-write; encrypted-media; gyroscope; picture-in-picture; web-share\" allowfullscreen src=\"data:image\/svg+xml;base64,PHN2ZyB3aWR0aD0iMSIgaGVpZ2h0PSIxIiB4bWxucz0iaHR0cDovL3d3dy53My5vcmcvMjAwMC9zdmciPjwvc3ZnPg==\" class=\"lazyload\" data-load-mode=\"1\"><\/iframe>\n<!-- AddThis Advanced Settings generic via filter on the_content --><!-- AddThis Share Buttons generic via filter on the_content -->","protected":false},"excerpt":{"rendered":"<p>UNA CANCI\u00d3N QUE NACE DEL DISTANCIAMIENTO DE SU AMOR, PERO QUE A\u00daN AS\u00cd PROPONE UN NUEVO CAP\u00cdTULO EN ESTA HISTORIA Quiero Verte es la vuelta de Lel\u00e9 a la m\u00fasica post pandemia, con esta historia que refleja momentos de soledad absoluta y fuertes recuerdos que se filtran a trav\u00e9s de su mente; y vemos de [&hellip;]<!-- AddThis Advanced Settings generic via filter on get_the_excerpt --><!-- AddThis Share Buttons generic via filter on get_the_excerpt --><\/p>\n","protected":false},"author":6,"featured_media":69100,"comment_status":"closed","ping_status":"open","sticky":false,"template":"","format":"standard","meta":{"_acf_changed":false,"om_disable_all_campaigns":false,"_monsterinsights_skip_tracking":false,"_monsterinsights_sitenote_active":false,"_monsterinsights_sitenote_note":"","_monsterinsights_sitenote_category":0,"_uf_show_specific_survey":0,"_uf_disable_surveys":false,"footnotes":""},"categories":[100],"tags":[],"class_list":["post-69098","post","type-post","status-publish","format-standard","has-post-thumbnail","hentry","category-noticias"],"acf":[],"aioseo_notices":[],"_links":{"self":[{"href":"https:\/\/www.lasrosas.com.ar\/portal\/wp-json\/wp\/v2\/posts\/69098","targetHints":{"allow":["GET"]}}],"collection":[{"href":"https:\/\/www.lasrosas.com.ar\/portal\/wp-json\/wp\/v2\/posts"}],"about":[{"href":"https:\/\/www.lasrosas.com.ar\/portal\/wp-json\/wp\/v2\/types\/post"}],"author":[{"embeddable":true,"href":"https:\/\/www.lasrosas.com.ar\/portal\/wp-json\/wp\/v2\/users\/6"}],"replies":[{"embeddable":true,"href":"https:\/\/www.lasrosas.com.ar\/portal\/wp-json\/wp\/v2\/comments?post=69098"}],"version-history":[{"count":0,"href":"https:\/\/www.lasrosas.com.ar\/portal\/wp-json\/wp\/v2\/posts\/69098\/revisions"}],"wp:featuredmedia":[{"embeddable":true,"href":"https:\/\/www.lasrosas.com.ar\/portal\/wp-json\/wp\/v2\/media\/69100"}],"wp:attachment":[{"href":"https:\/\/www.lasrosas.com.ar\/portal\/wp-json\/wp\/v2\/media?parent=69098"}],"wp:term":[{"taxonomy":"category","embeddable":true,"href":"https:\/\/www.lasrosas.com.ar\/portal\/wp-json\/wp\/v2\/categories?post=69098"},{"taxonomy":"post_tag","embeddable":true,"href":"https:\/\/www.lasrosas.com.ar\/portal\/wp-json\/wp\/v2\/tags?post=69098"}],"curies":[{"name":"wp","href":"https:\/\/api.w.org\/{rel}","templated":true}]}}