{"id":69047,"date":"2023-07-21T16:01:37","date_gmt":"2023-07-21T19:01:37","guid":{"rendered":"https:\/\/www.lasrosas.com.ar\/portal\/?p=69047"},"modified":"2023-07-21T16:19:38","modified_gmt":"2023-07-21T19:19:38","slug":"dia-internacional-del-perro","status":"publish","type":"post","link":"https:\/\/www.lasrosas.com.ar\/portal\/dia-internacional-del-perro\/","title":{"rendered":"D\u00cdA INTERNACIONAL DEL PERRO"},"content":{"rendered":"\n<p><em>El 21 de julio, se reconoce a nivel internacional a los canes que tanto amor y cari\u00f1o brindan, a cada familia, en cada hogar que los recibe. Si bien a nivel local tambi\u00e9n tienen una fecha en la que se los celebra, el leitmotiv de este d\u00eda es visibilizar la problem\u00e1tica del abandono en todo el mundo.<\/em><\/p>\n\n\n\n<p>\u00bf02 de junio o 21 de julio? Suelen cuestionarse los amantes de los canes cada vez que se mencionan estas fechas en referencia a ellos. Ambas son correctas, ya el 02 de junio se celebra en Argentina el \u201cD\u00eda del Perro\u201d mientras que en el mundo se tom\u00f3 el 21 de julio para concientizar sobre el abandono mencion\u00e1ndolo como \u201cD\u00eda Internacional del Perro\u201d. Desde CAENA nos sumamos a este d\u00eda visibilizando la tem\u00e1tica y recordando algunas cuestiones b\u00e1sicas como la tenencia responsable y la correcta alimentaci\u00f3n de los perros.<\/p>\n\n\n\n<p>En Argentina las cifras de abandono son alarmantes, sobre todo en temporada de vacaciones ya que para muchos es dificultoso el traslado al destino de descanso o bien resolver d\u00f3nde dejar a la mascota tomando la err\u00f3nea decisi\u00f3n de abandonarlos. Mientras que, otros responsables eligen adoptar perros que han sufrido esta situaci\u00f3n y darles una nueva oportunidad. Es a ellos a quienes desde CAENA destacan por lo valioso de su gesto y mencionan algunos \u00edtems b\u00e1sicos de la tenencia responsable a tener en cuenta:<\/p>\n\n\n\n<ul class=\"wp-block-list\"><li>Identificaci\u00f3n: la mascota debe contar con la famosa chapita que contenga su nombre y un n\u00famero de contacto.<\/li><li>Atenci\u00f3n veterinaria: realizar visitas peri\u00f3dicas al veterinario y mantener al d\u00eda su calendario de vacunas.&nbsp;&nbsp;<\/li><li>Castraci\u00f3n: est\u00e1 comprobado que realizarles esta intervenci\u00f3n reduce el riesgo de enfermedades.&nbsp;<\/li><li>Nutrici\u00f3n: se les debe proporcionar el alimento adecuado que les permita alcanzar un equilibrio nutricional. Para ello, se debe tener en cuenta que los animales tienen necesidades nutricionales espec\u00edficas que var\u00edan de acuerdo a su etapa de vida, estado f\u00edsico, salud mental y nivel de actividad.<\/li><li>Hidrataci\u00f3n: el agua es esencial para que su cuerpo funcione de manera \u00f3ptima y, adem\u00e1s, colabora en el mantenimiento de una temperatura regular.&nbsp;<\/li><li>Higiene: es importante consultar con el veterinario cada cuanto es necesario ba\u00f1arla ya que cada una tiene sus propias necesidades.<\/li><li>Refugio: las mascotas necesitan de un lugar c\u00f3modo y protegido para poder descansar y refugiarse de las lluvias o fuertes calores.<\/li><li>Cuidado: deben ser siempre tratadas con amor y respeto, lo que implica evitar acciones como dejarlos atados o encerrados.&nbsp;<\/li><\/ul>\n\n\n\n<figure class=\"wp-block-image size-large\"><img decoding=\"async\" width=\"736\" height=\"414\" data-src=\"https:\/\/www.lasrosas.com.ar\/portal\/wp-content\/uploads\/dia-del-perro_862x485-736x414.jpg\" alt=\"\" class=\"wp-image-69049 lazyload\" src=\"data:image\/svg+xml;base64,PHN2ZyB3aWR0aD0iMSIgaGVpZ2h0PSIxIiB4bWxucz0iaHR0cDovL3d3dy53My5vcmcvMjAwMC9zdmciPjwvc3ZnPg==\" style=\"--smush-placeholder-width: 736px; --smush-placeholder-aspect-ratio: 736\/414;\" \/><\/figure>\n<!-- AddThis Advanced Settings generic via filter on the_content --><!-- AddThis Share Buttons generic via filter on the_content -->","protected":false},"excerpt":{"rendered":"<p>El 21 de julio, se reconoce a nivel internacional a los canes que tanto amor y cari\u00f1o brindan, a cada familia, en cada hogar que los recibe. Si bien a nivel local tambi\u00e9n tienen una fecha en la que se los celebra, el leitmotiv de este d\u00eda es visibilizar la problem\u00e1tica del abandono en todo [&hellip;]<!-- AddThis Advanced Settings generic via filter on get_the_excerpt --><!-- AddThis Share Buttons generic via filter on get_the_excerpt --><\/p>\n","protected":false},"author":6,"featured_media":69052,"comment_status":"closed","ping_status":"open","sticky":false,"template":"","format":"standard","meta":{"_acf_changed":false,"om_disable_all_campaigns":false,"_monsterinsights_skip_tracking":false,"_monsterinsights_sitenote_active":false,"_monsterinsights_sitenote_note":"","_monsterinsights_sitenote_category":0,"_uf_show_specific_survey":0,"_uf_disable_surveys":false,"footnotes":""},"categories":[100],"tags":[],"class_list":["post-69047","post","type-post","status-publish","format-standard","has-post-thumbnail","hentry","category-noticias"],"acf":[],"aioseo_notices":[],"_links":{"self":[{"href":"https:\/\/www.lasrosas.com.ar\/portal\/wp-json\/wp\/v2\/posts\/69047","targetHints":{"allow":["GET"]}}],"collection":[{"href":"https:\/\/www.lasrosas.com.ar\/portal\/wp-json\/wp\/v2\/posts"}],"about":[{"href":"https:\/\/www.lasrosas.com.ar\/portal\/wp-json\/wp\/v2\/types\/post"}],"author":[{"embeddable":true,"href":"https:\/\/www.lasrosas.com.ar\/portal\/wp-json\/wp\/v2\/users\/6"}],"replies":[{"embeddable":true,"href":"https:\/\/www.lasrosas.com.ar\/portal\/wp-json\/wp\/v2\/comments?post=69047"}],"version-history":[{"count":0,"href":"https:\/\/www.lasrosas.com.ar\/portal\/wp-json\/wp\/v2\/posts\/69047\/revisions"}],"wp:featuredmedia":[{"embeddable":true,"href":"https:\/\/www.lasrosas.com.ar\/portal\/wp-json\/wp\/v2\/media\/69052"}],"wp:attachment":[{"href":"https:\/\/www.lasrosas.com.ar\/portal\/wp-json\/wp\/v2\/media?parent=69047"}],"wp:term":[{"taxonomy":"category","embeddable":true,"href":"https:\/\/www.lasrosas.com.ar\/portal\/wp-json\/wp\/v2\/categories?post=69047"},{"taxonomy":"post_tag","embeddable":true,"href":"https:\/\/www.lasrosas.com.ar\/portal\/wp-json\/wp\/v2\/tags?post=69047"}],"curies":[{"name":"wp","href":"https:\/\/api.w.org\/{rel}","templated":true}]}}