{"id":68879,"date":"2023-07-18T13:25:47","date_gmt":"2023-07-18T16:25:47","guid":{"rendered":"https:\/\/www.lasrosas.com.ar\/portal\/?p=68879"},"modified":"2023-07-18T13:25:50","modified_gmt":"2023-07-18T16:25:50","slug":"cande-molfese-estrena-una-mini-docuserie-que-explora-las-emociones-en-redes-sociales","status":"publish","type":"post","link":"https:\/\/www.lasrosas.com.ar\/portal\/cande-molfese-estrena-una-mini-docuserie-que-explora-las-emociones-en-redes-sociales\/","title":{"rendered":"CANDE MOLFESE ESTRENA UNA MINI DOCUSERIE QUE EXPLORA LAS EMOCIONES EN REDES SOCIALES"},"content":{"rendered":"\n<p><strong>Cande Molfese<\/strong>&nbsp;estrena en redes&nbsp;su mini docuserie:&nbsp;una mirada \u00edntima y reveladora de su vida y carrera, donde explorar\u00e1 emociones y sentimientos que la habitan&nbsp;episodio a episodio.<\/p>\n\n\n\n<p><em><strong>\u00abLa Frustraci\u00f3n\u00bb<\/strong><\/em>,&nbsp;El primer cap\u00edtulo, cargado de emociones y autenticidad, se lanz\u00f3&nbsp;en exclusiva en sus redes sociales el pasado domingo y pr\u00f3ximamente ser\u00e1 all\u00ed donde se suban los episodios que siguen.<\/p>\n\n\n\n<figure class=\"wp-block-image size-large\"><img decoding=\"async\" width=\"1170\" height=\"662\" data-src=\"https:\/\/www.lasrosas.com.ar\/portal\/wp-content\/uploads\/unnamed-113.jpg\" alt=\"\" class=\"wp-image-68881 lazyload\" data-srcset=\"https:\/\/www.lasrosas.com.ar\/portal\/wp-content\/uploads\/\/unnamed-113.jpg 1170w, https:\/\/www.lasrosas.com.ar\/portal\/wp-content\/uploads\/\/unnamed-113-960x543.jpg 960w\" data-sizes=\"(max-width: 1170px) 100vw, 1170px\" src=\"data:image\/svg+xml;base64,PHN2ZyB3aWR0aD0iMSIgaGVpZ2h0PSIxIiB4bWxucz0iaHR0cDovL3d3dy53My5vcmcvMjAwMC9zdmciPjwvc3ZnPg==\" style=\"--smush-placeholder-width: 1170px; --smush-placeholder-aspect-ratio: 1170\/662;\" \/><\/figure>\n\n\n\n<p>Cada video\u00a0sumergir\u00e1 a los usuarios\u00a0en un viaje \u00fanico a trav\u00e9s de los altibajos de su vida, tanto personal como profesional. Con una narrativa cautivadora, esta producci\u00f3n audiovisual permitir\u00e1 conocer m\u00e1s de cerca a la artista.<\/p>\n\n\n\n<p>Cande abrir\u00e1 su coraz\u00f3n para compartir experiencias \u00edntimas, desaf\u00edos y logros que la han llevado a ser quien es hoy. Desde sus inicios en la industria del entretenimiento, hasta los momentos de mayor incertidumbre y crecimiento personal.<\/p>\n\n\n\n<p>Cande se despoja de cualquier barrera y comparte con su p\u00fablico las luchas internas que enfrenta. Desde los obst\u00e1culos hasta los logros, y los&nbsp;momentos de autoconocimiento y superaci\u00f3n que la llevaron a enfrentar y transformar la frustraci\u00f3n en oportunidades de crecimiento.<\/p>\n\n\n\n<p>A trav\u00e9s de im\u00e1genes y situaciones de la vida cotidiana y de&nbsp;entrevistas \u00edntimas con amigos, familiares y colegas se tendr\u00e1 una&nbsp;visi\u00f3n m\u00e1s cercana de&nbsp;Cande, permitiendo&nbsp;descubrir c\u00f3mo ha logrado mantener su autenticidad y esencia en un mundo donde prevalecen los estereotipos.<\/p>\n\n\n\n<p>En el episodio inicial, titulado&nbsp;<strong>\u00abLa Frustraci\u00f3n\u00bb<\/strong>,&nbsp;comparte&nbsp;c\u00f3mo enfrent\u00f3 uno de los momentos m\u00e1s desafiantes a nivel laboral, episodio que ya ha recibido miles de visualizaciones y cientos de comentarios positivos.<br><strong><em>\u201cLa frustraci\u00f3n es el sentimiento que se produce cuando una persona no logra alcanzar el deseo planeado\u201d<\/em>&nbsp;<\/strong><\/p>\n\n\n\n<p>La honestidad y valent\u00eda con la que aborda estos temas la convierten en una figura inspiradora para su audiencia, demostrando que, con determinaci\u00f3n y resiliencia, es posible convertir los desaf\u00edos en oportunidades para crecer y alcanzar el \u00e9xito.<\/p>\n\n\n\n<p><strong>DISPONIBLE EN EL INSTAGRAM OFICIAL DE CANDE MOLFESE<\/strong><\/p>\n\n\n\n<p><a rel=\"noreferrer noopener\" href=\"https:\/\/us18.mailchimp.com\/mctx\/clicks?url=https%3A%2F%2Fwww.instagram.com%2Freel%2FCuxdI3HISZk%2F%3Figshid%3DYmM0MjE2YWMzOA%3D%3D&amp;xid=a5dae150f7&amp;uid=138726021&amp;iid=141bd51f11&amp;pool=cts&amp;v=2&amp;c=1689640777&amp;h=59945967a54c0bee3380858925bec7f1be24ce616886f675d623c713f8123ece\" target=\"_blank\">No te pierdas el primer episodio de la docuserie de Cande Molfese, \u00abLa Frustraci\u00f3n\u00bb.<\/a><\/p>\n<!-- AddThis Advanced Settings generic via filter on the_content --><!-- AddThis Share Buttons generic via filter on the_content -->","protected":false},"excerpt":{"rendered":"<p>Cande Molfese&nbsp;estrena en redes&nbsp;su mini docuserie:&nbsp;una mirada \u00edntima y reveladora de su vida y carrera, donde explorar\u00e1 emociones y sentimientos que la habitan&nbsp;episodio a episodio. \u00abLa Frustraci\u00f3n\u00bb,&nbsp;El primer cap\u00edtulo, cargado de emociones y autenticidad, se lanz\u00f3&nbsp;en exclusiva en sus redes sociales el pasado domingo y pr\u00f3ximamente ser\u00e1 all\u00ed donde se suban los episodios que siguen. [&hellip;]<!-- AddThis Advanced Settings generic via filter on get_the_excerpt --><!-- AddThis Share Buttons generic via filter on get_the_excerpt --><\/p>\n","protected":false},"author":6,"featured_media":68880,"comment_status":"closed","ping_status":"open","sticky":false,"template":"","format":"standard","meta":{"_acf_changed":false,"om_disable_all_campaigns":false,"_monsterinsights_skip_tracking":false,"_monsterinsights_sitenote_active":false,"_monsterinsights_sitenote_note":"","_monsterinsights_sitenote_category":0,"_uf_show_specific_survey":0,"_uf_disable_surveys":false,"footnotes":""},"categories":[100],"tags":[],"class_list":["post-68879","post","type-post","status-publish","format-standard","has-post-thumbnail","hentry","category-noticias"],"acf":[],"aioseo_notices":[],"_links":{"self":[{"href":"https:\/\/www.lasrosas.com.ar\/portal\/wp-json\/wp\/v2\/posts\/68879","targetHints":{"allow":["GET"]}}],"collection":[{"href":"https:\/\/www.lasrosas.com.ar\/portal\/wp-json\/wp\/v2\/posts"}],"about":[{"href":"https:\/\/www.lasrosas.com.ar\/portal\/wp-json\/wp\/v2\/types\/post"}],"author":[{"embeddable":true,"href":"https:\/\/www.lasrosas.com.ar\/portal\/wp-json\/wp\/v2\/users\/6"}],"replies":[{"embeddable":true,"href":"https:\/\/www.lasrosas.com.ar\/portal\/wp-json\/wp\/v2\/comments?post=68879"}],"version-history":[{"count":0,"href":"https:\/\/www.lasrosas.com.ar\/portal\/wp-json\/wp\/v2\/posts\/68879\/revisions"}],"wp:featuredmedia":[{"embeddable":true,"href":"https:\/\/www.lasrosas.com.ar\/portal\/wp-json\/wp\/v2\/media\/68880"}],"wp:attachment":[{"href":"https:\/\/www.lasrosas.com.ar\/portal\/wp-json\/wp\/v2\/media?parent=68879"}],"wp:term":[{"taxonomy":"category","embeddable":true,"href":"https:\/\/www.lasrosas.com.ar\/portal\/wp-json\/wp\/v2\/categories?post=68879"},{"taxonomy":"post_tag","embeddable":true,"href":"https:\/\/www.lasrosas.com.ar\/portal\/wp-json\/wp\/v2\/tags?post=68879"}],"curies":[{"name":"wp","href":"https:\/\/api.w.org\/{rel}","templated":true}]}}