{"id":68769,"date":"2023-07-14T11:20:20","date_gmt":"2023-07-14T14:20:20","guid":{"rendered":"https:\/\/www.lasrosas.com.ar\/portal\/?p=68769"},"modified":"2023-07-14T11:20:22","modified_gmt":"2023-07-14T14:20:22","slug":"genesis-de-kerastase-la-solucion-para-la-caida-del-cabello-recomendada-por-dermatologos-y-peluqueros","status":"publish","type":"post","link":"https:\/\/www.lasrosas.com.ar\/portal\/genesis-de-kerastase-la-solucion-para-la-caida-del-cabello-recomendada-por-dermatologos-y-peluqueros\/","title":{"rendered":"GENESIS DE K\u00c9RASTASE: LA SOLUCI\u00d3N PARA LA CA\u00cdDA DEL CABELLO RECOMENDADA POR DERMAT\u00d3LOGOS Y PELUQUEROS"},"content":{"rendered":"\n<p><em>El clima, la alimentaci\u00f3n o el estr\u00e9s son algunas de las causas m\u00e1s comunes que influyen en la ca\u00edda del cabello. Descubr\u00ed c\u00f3mo prevenirlo y tratarlo con una gama profesional de lujo para lograr un pelo m\u00e1s sano, fuerte y brillante.<\/em><\/p>\n\n\n\n<p>Contar con un pelo cuidado, brillante y sano tiene tanto impacto en c\u00f3mo nos vemos, de la misma manera que una piel cuidada y luminosa. Por esta raz\u00f3n, estamos cada vez m\u00e1s conscientes de los productos capilares que utilizamos y somos capaces de detectar con mayor precisi\u00f3n las se\u00f1ales de alarma. Entre todas estas se\u00f1ales, hay una que se vuelve m\u00e1s evidente y que en los \u00faltimos a\u00f1os se ha convertido una de las preocupaciones m\u00e1s comunes: la ca\u00edda del cabello.<\/p>\n\n\n\n<p>Si bien podemos prevenir y tratar la ca\u00edda capital, el pelo por su propia naturaliza se cae. As\u00ed lo explica la dermat\u00f3loga <strong>Mariangeles Jofre<\/strong>: \u00abDebemos entender a nuestro pelo y, por ende, debemos entender su ca\u00edda. El pelo tiene su propio ciclo: nace, crece, se cae y vuelve a salir. No debemos alarmarnos cuando encontramos en el desag\u00fce de la ducha un pu\u00f1ado de cabellos, ya que esto forma parte del ciclo natural\u201d. Al d\u00eda pueden caerse entre 50 a 200 pelos debido a las fases que atraviesa, aunque los expertos confirman que este n\u00famero puede verse incrementado en determinadas estaciones del a\u00f1o. Normalmente, el 80-90% de nuestros pelos est\u00e1n en fase de crecimiento y un 10% en fase de ca\u00edda, pero en oto\u00f1o y primavera este equilibrio se altera y eso explica la ca\u00edda estacional que solemos percibir.<\/p>\n\n\n\n<p>Sin embargo, tambi\u00e9n existen otros factores que s\u00ed podemos controlar y revertir. En muchas ocasiones el pelo se cae o se rompe porque la ra\u00edz est\u00e1 debilitada desde dentro, lo que provoca que el pelo se desprenda, pero es probable que se rompa en la mitad del tallo debido a agresores externos y h\u00e1bitos de peinado. Los m\u00e1s comunes son: la exposici\u00f3n al calor extremo sin protectores t\u00e9rmicos, un cepillado demasiado brusco o una rutina capilar inadecuada.<\/p>\n\n\n\n<figure class=\"wp-block-gallery columns-2 is-cropped wp-block-gallery-1 is-layout-flex wp-block-gallery-is-layout-flex\"><ul class=\"blocks-gallery-grid\"><li class=\"blocks-gallery-item\"><figure><img decoding=\"async\" width=\"1111\" height=\"1575\" data-src=\"https:\/\/www.lasrosas.com.ar\/portal\/wp-content\/uploads\/Genesis-Bain-Hydra-Fortifiant-250ml-EC1-BD.jpg\" alt=\"\" data-id=\"68770\" data-full-url=\"https:\/\/www.lasrosas.com.ar\/portal\/wp-content\/uploads\/Genesis-Bain-Hydra-Fortifiant-250ml-EC1-BD.jpg\" data-link=\"https:\/\/www.lasrosas.com.ar\/portal\/?attachment_id=68770\" class=\"wp-image-68770 lazyload\" data-srcset=\"https:\/\/www.lasrosas.com.ar\/portal\/wp-content\/uploads\/\/Genesis-Bain-Hydra-Fortifiant-250ml-EC1-BD.jpg 1111w, https:\/\/www.lasrosas.com.ar\/portal\/wp-content\/uploads\/\/Genesis-Bain-Hydra-Fortifiant-250ml-EC1-BD-677x960.jpg 677w, https:\/\/www.lasrosas.com.ar\/portal\/wp-content\/uploads\/\/Genesis-Bain-Hydra-Fortifiant-250ml-EC1-BD-1083x1536.jpg 1083w\" data-sizes=\"(max-width: 1111px) 100vw, 1111px\" src=\"data:image\/svg+xml;base64,PHN2ZyB3aWR0aD0iMSIgaGVpZ2h0PSIxIiB4bWxucz0iaHR0cDovL3d3dy53My5vcmcvMjAwMC9zdmciPjwvc3ZnPg==\" style=\"--smush-placeholder-width: 1111px; --smush-placeholder-aspect-ratio: 1111\/1575;\" \/><\/figure><\/li><li class=\"blocks-gallery-item\"><figure><img decoding=\"async\" width=\"1111\" height=\"1575\" data-src=\"https:\/\/www.lasrosas.com.ar\/portal\/wp-content\/uploads\/Genesis-Bain-Nutri-Fortifiant-opaque-250ml-EC1-BD.jpg\" alt=\"\" data-id=\"68771\" data-full-url=\"https:\/\/www.lasrosas.com.ar\/portal\/wp-content\/uploads\/Genesis-Bain-Nutri-Fortifiant-opaque-250ml-EC1-BD.jpg\" data-link=\"https:\/\/www.lasrosas.com.ar\/portal\/?attachment_id=68771\" class=\"wp-image-68771 lazyload\" data-srcset=\"https:\/\/www.lasrosas.com.ar\/portal\/wp-content\/uploads\/\/Genesis-Bain-Nutri-Fortifiant-opaque-250ml-EC1-BD.jpg 1111w, https:\/\/www.lasrosas.com.ar\/portal\/wp-content\/uploads\/\/Genesis-Bain-Nutri-Fortifiant-opaque-250ml-EC1-BD-677x960.jpg 677w, https:\/\/www.lasrosas.com.ar\/portal\/wp-content\/uploads\/\/Genesis-Bain-Nutri-Fortifiant-opaque-250ml-EC1-BD-1083x1536.jpg 1083w\" data-sizes=\"(max-width: 1111px) 100vw, 1111px\" src=\"data:image\/svg+xml;base64,PHN2ZyB3aWR0aD0iMSIgaGVpZ2h0PSIxIiB4bWxucz0iaHR0cDovL3d3dy53My5vcmcvMjAwMC9zdmciPjwvc3ZnPg==\" style=\"--smush-placeholder-width: 1111px; --smush-placeholder-aspect-ratio: 1111\/1575;\" \/><\/figure><\/li><\/ul><\/figure>\n\n\n\n<p><strong>C\u00d3MO HACER FRENTE A LA CA\u00cdDA DE CABELLO<\/strong><\/p>\n\n\n\n<p>La soluci\u00f3n a la ca\u00edda y rotura capilar, recomendado por dermat\u00f3logos, y peluqueros, es <strong>GENESIS<\/strong> de <em>K\u00e9rastase<\/em>, un tratamiento de doble acci\u00f3n anti ca\u00edda que act\u00faa desde la ra\u00edz, fortaleci\u00e9ndola y estimul\u00e1ndola para detener la ca\u00edda a largo plazo. Tratar\u00e1 el pelo debilitado fortaleciendo la fibra para reducir la ca\u00edda del cabello y estimula directamente la ra\u00edz para detener la p\u00e9rdida a largo plazo consiguiendo mayor fortaleza y una reducci\u00f3n del 84% de la ca\u00edda. Adem\u00e1s, proporciona mayor nutrici\u00f3n.<\/p>\n\n\n\n<p>Esta l\u00ednea de productos de <strong>K\u00e9rastase <\/strong>utiliza potentes ingredientes en una lujosa formulaci\u00f3n que reduce la ca\u00edda del cabello debida a ambas causas, tanto la rotura, como la ra\u00edz debilitada. Entre ellos, destacan el aminexil (ingrediente clave para la ca\u00edda), la ra\u00edz de jengibre o las c\u00e9lulas nativas Edelweiss. Con la ayuda de estilistas y dermat\u00f3logos, la marca ha conseguido un tratamiento avanzado tanto para el sal\u00f3n como para usar en casa con el objetivo de reducir la ca\u00edda. Al igual que sucede con la piel, el s\u00e9rum es un gran aliado para la rutina capilar y, sin dudas, quien marca la diferencia por completo. El s\u00e9rum fortificante antica\u00edda de la gama <strong>Genesis de K\u00e9rastase<\/strong> es un producto de uso diario que fortalece el cuero cabelludo a largo plazo, ofreciendo resistencia a la ca\u00edda del cabello y creando un entorno \u00f3ptimo. Se recomienda utilizarlo una vez al d\u00eda, bien sea por la ma\u00f1ana o antes de ir a la cama durante un per\u00edodo de 6 semanas, masajeando el cuero cabelludo y sin enjuagar posteriormente.&nbsp;<\/p>\n\n\n\n<figure class=\"wp-block-gallery columns-2 is-cropped wp-block-gallery-2 is-layout-flex wp-block-gallery-is-layout-flex\"><ul class=\"blocks-gallery-grid\"><li class=\"blocks-gallery-item\"><figure><img decoding=\"async\" width=\"762\" height=\"1575\" data-src=\"https:\/\/www.lasrosas.com.ar\/portal\/wp-content\/uploads\/Genesis-Defense-Thermique-EC1-BD.jpg\" alt=\"\" data-id=\"68772\" data-full-url=\"https:\/\/www.lasrosas.com.ar\/portal\/wp-content\/uploads\/Genesis-Defense-Thermique-EC1-BD.jpg\" data-link=\"https:\/\/www.lasrosas.com.ar\/portal\/?attachment_id=68772\" class=\"wp-image-68772 lazyload\" data-srcset=\"https:\/\/www.lasrosas.com.ar\/portal\/wp-content\/uploads\/\/Genesis-Defense-Thermique-EC1-BD.jpg 762w, https:\/\/www.lasrosas.com.ar\/portal\/wp-content\/uploads\/\/Genesis-Defense-Thermique-EC1-BD-464x960.jpg 464w, https:\/\/www.lasrosas.com.ar\/portal\/wp-content\/uploads\/\/Genesis-Defense-Thermique-EC1-BD-743x1536.jpg 743w\" data-sizes=\"(max-width: 762px) 100vw, 762px\" src=\"data:image\/svg+xml;base64,PHN2ZyB3aWR0aD0iMSIgaGVpZ2h0PSIxIiB4bWxucz0iaHR0cDovL3d3dy53My5vcmcvMjAwMC9zdmciPjwvc3ZnPg==\" style=\"--smush-placeholder-width: 762px; --smush-placeholder-aspect-ratio: 762\/1575;\" \/><\/figure><\/li><li class=\"blocks-gallery-item\"><figure><img decoding=\"async\" width=\"849\" height=\"1575\" data-src=\"https:\/\/www.lasrosas.com.ar\/portal\/wp-content\/uploads\/Genesis-Tube-Fondant-200ml-EC1-BD.jpg\" alt=\"\" data-id=\"68773\" data-full-url=\"https:\/\/www.lasrosas.com.ar\/portal\/wp-content\/uploads\/Genesis-Tube-Fondant-200ml-EC1-BD.jpg\" data-link=\"https:\/\/www.lasrosas.com.ar\/portal\/?attachment_id=68773\" class=\"wp-image-68773 lazyload\" data-srcset=\"https:\/\/www.lasrosas.com.ar\/portal\/wp-content\/uploads\/\/Genesis-Tube-Fondant-200ml-EC1-BD.jpg 849w, https:\/\/www.lasrosas.com.ar\/portal\/wp-content\/uploads\/\/Genesis-Tube-Fondant-200ml-EC1-BD-517x960.jpg 517w, https:\/\/www.lasrosas.com.ar\/portal\/wp-content\/uploads\/\/Genesis-Tube-Fondant-200ml-EC1-BD-828x1536.jpg 828w\" data-sizes=\"(max-width: 849px) 100vw, 849px\" src=\"data:image\/svg+xml;base64,PHN2ZyB3aWR0aD0iMSIgaGVpZ2h0PSIxIiB4bWxucz0iaHR0cDovL3d3dy53My5vcmcvMjAwMC9zdmciPjwvc3ZnPg==\" style=\"--smush-placeholder-width: 849px; --smush-placeholder-aspect-ratio: 849\/1575;\" \/><\/figure><\/li><\/ul><\/figure>\n\n\n\n<p><strong>DESCUBRE LA GAMA COMPLETA<\/strong><\/p>\n\n\n\n<p>Adem\u00e1s del s\u00e9rum, la gama Genesis est\u00e1 compuesta por varios productos,&nbsp; los que se dividen por diferentes categor\u00edas: lavado, tratamiento, protecci\u00f3n y activaci\u00f3n. Una completa gama que cuenta con dos shampoos, dependiendo de si tenemos el cuero cabelludo graso o seco y del grosor del cabello, un acondicionador fortificante, una m\u00e1scara, ampollas para momentos de ca\u00edda m\u00e1s intensa y un protector t\u00e9rmico para prevenir y proteger.<\/p>\n\n\n\n<p>Si quieres saber cu\u00e1l es tu rutina Genesis ideal, encuentra <a href=\"https:\/\/www.kerastase.com.ar\/salones-peluqueria\/\">tu sal\u00f3n K\u00e9rastase m\u00e1s cercano<\/a> y, tras un diagn\u00f3stico capilar, un profesional te recomendar\u00e1 la m\u00e1s adecuada.<\/p>\n\n\n\n<figure class=\"wp-block-gallery columns-2 is-cropped wp-block-gallery-3 is-layout-flex wp-block-gallery-is-layout-flex\"><ul class=\"blocks-gallery-grid\"><li class=\"blocks-gallery-item\"><figure><img decoding=\"async\" width=\"1000\" height=\"1000\" data-src=\"https:\/\/www.lasrosas.com.ar\/portal\/wp-content\/uploads\/Masque-Reconstituant-Genesis-200ml-01-Kerastase.png\" alt=\"\" data-id=\"68774\" data-full-url=\"https:\/\/www.lasrosas.com.ar\/portal\/wp-content\/uploads\/Masque-Reconstituant-Genesis-200ml-01-Kerastase.png\" data-link=\"https:\/\/www.lasrosas.com.ar\/portal\/?attachment_id=68774\" class=\"wp-image-68774 lazyload\" data-srcset=\"https:\/\/www.lasrosas.com.ar\/portal\/wp-content\/uploads\/\/Masque-Reconstituant-Genesis-200ml-01-Kerastase.png 1000w, https:\/\/www.lasrosas.com.ar\/portal\/wp-content\/uploads\/\/Masque-Reconstituant-Genesis-200ml-01-Kerastase-960x960.png 960w\" data-sizes=\"(max-width: 1000px) 100vw, 1000px\" src=\"data:image\/svg+xml;base64,PHN2ZyB3aWR0aD0iMSIgaGVpZ2h0PSIxIiB4bWxucz0iaHR0cDovL3d3dy53My5vcmcvMjAwMC9zdmciPjwvc3ZnPg==\" style=\"--smush-placeholder-width: 1000px; --smush-placeholder-aspect-ratio: 1000\/1000;\" \/><\/figure><\/li><li class=\"blocks-gallery-item\"><figure><img decoding=\"async\" width=\"1000\" height=\"1000\" data-src=\"https:\/\/www.lasrosas.com.ar\/portal\/wp-content\/uploads\/Serum-Anti-Chute-Fortifiant-Genesis-90ml-01-Kerastase.png\" alt=\"\" data-id=\"68775\" data-full-url=\"https:\/\/www.lasrosas.com.ar\/portal\/wp-content\/uploads\/Serum-Anti-Chute-Fortifiant-Genesis-90ml-01-Kerastase.png\" data-link=\"https:\/\/www.lasrosas.com.ar\/portal\/?attachment_id=68775\" class=\"wp-image-68775 lazyload\" data-srcset=\"https:\/\/www.lasrosas.com.ar\/portal\/wp-content\/uploads\/\/Serum-Anti-Chute-Fortifiant-Genesis-90ml-01-Kerastase.png 1000w, https:\/\/www.lasrosas.com.ar\/portal\/wp-content\/uploads\/\/Serum-Anti-Chute-Fortifiant-Genesis-90ml-01-Kerastase-960x960.png 960w\" data-sizes=\"(max-width: 1000px) 100vw, 1000px\" src=\"data:image\/svg+xml;base64,PHN2ZyB3aWR0aD0iMSIgaGVpZ2h0PSIxIiB4bWxucz0iaHR0cDovL3d3dy53My5vcmcvMjAwMC9zdmciPjwvc3ZnPg==\" style=\"--smush-placeholder-width: 1000px; --smush-placeholder-aspect-ratio: 1000\/1000;\" \/><\/figure><\/li><\/ul><\/figure>\n<!-- AddThis Advanced Settings generic via filter on the_content --><!-- AddThis Share Buttons generic via filter on the_content -->","protected":false},"excerpt":{"rendered":"<p>El clima, la alimentaci\u00f3n o el estr\u00e9s son algunas de las causas m\u00e1s comunes que influyen en la ca\u00edda del cabello. Descubr\u00ed c\u00f3mo prevenirlo y tratarlo con una gama profesional de lujo para lograr un pelo m\u00e1s sano, fuerte y brillante. Contar con un pelo cuidado, brillante y sano tiene tanto impacto en c\u00f3mo nos [&hellip;]<!-- AddThis Advanced Settings generic via filter on get_the_excerpt --><!-- AddThis Share Buttons generic via filter on get_the_excerpt --><\/p>\n","protected":false},"author":6,"featured_media":68774,"comment_status":"closed","ping_status":"open","sticky":false,"template":"","format":"standard","meta":{"_acf_changed":false,"om_disable_all_campaigns":false,"_monsterinsights_skip_tracking":false,"_monsterinsights_sitenote_active":false,"_monsterinsights_sitenote_note":"","_monsterinsights_sitenote_category":0,"_uf_show_specific_survey":0,"_uf_disable_surveys":false,"footnotes":""},"categories":[376,100],"tags":[],"class_list":["post-68769","post","type-post","status-publish","format-standard","has-post-thumbnail","hentry","category-lifestyle","category-noticias"],"acf":[],"aioseo_notices":[],"_links":{"self":[{"href":"https:\/\/www.lasrosas.com.ar\/portal\/wp-json\/wp\/v2\/posts\/68769","targetHints":{"allow":["GET"]}}],"collection":[{"href":"https:\/\/www.lasrosas.com.ar\/portal\/wp-json\/wp\/v2\/posts"}],"about":[{"href":"https:\/\/www.lasrosas.com.ar\/portal\/wp-json\/wp\/v2\/types\/post"}],"author":[{"embeddable":true,"href":"https:\/\/www.lasrosas.com.ar\/portal\/wp-json\/wp\/v2\/users\/6"}],"replies":[{"embeddable":true,"href":"https:\/\/www.lasrosas.com.ar\/portal\/wp-json\/wp\/v2\/comments?post=68769"}],"version-history":[{"count":0,"href":"https:\/\/www.lasrosas.com.ar\/portal\/wp-json\/wp\/v2\/posts\/68769\/revisions"}],"wp:featuredmedia":[{"embeddable":true,"href":"https:\/\/www.lasrosas.com.ar\/portal\/wp-json\/wp\/v2\/media\/68774"}],"wp:attachment":[{"href":"https:\/\/www.lasrosas.com.ar\/portal\/wp-json\/wp\/v2\/media?parent=68769"}],"wp:term":[{"taxonomy":"category","embeddable":true,"href":"https:\/\/www.lasrosas.com.ar\/portal\/wp-json\/wp\/v2\/categories?post=68769"},{"taxonomy":"post_tag","embeddable":true,"href":"https:\/\/www.lasrosas.com.ar\/portal\/wp-json\/wp\/v2\/tags?post=68769"}],"curies":[{"name":"wp","href":"https:\/\/api.w.org\/{rel}","templated":true}]}}