{"id":68570,"date":"2023-07-11T13:48:56","date_gmt":"2023-07-11T16:48:56","guid":{"rendered":"https:\/\/www.lasrosas.com.ar\/portal\/?p=68570"},"modified":"2023-07-11T13:49:00","modified_gmt":"2023-07-11T16:49:00","slug":"26-planeta-galardonado-con-el-premio-argentina-economia-circular","status":"publish","type":"post","link":"https:\/\/www.lasrosas.com.ar\/portal\/26-planeta-galardonado-con-el-premio-argentina-economia-circular\/","title":{"rendered":"\u201c26 PLANETA\u201d GALARDONADO CON EL PREMIO ARGENTINA ECONOM\u00cdA CIRCULAR"},"content":{"rendered":"\n<p>En una muestra de compromiso con la sostenibilidad y la protecci\u00f3n del medio ambiente, \u201c26 Planeta\u201d la nueva propuesta informativa de Canal 26, sigue siendo part\u00edcipe de los principales eventos y result\u00f3 ganador del premio Argentina Econom\u00eda Circular otorgado por Fundaci\u00f3n Observatorio Pyme, Fundaci\u00f3n Regenerar y el instituto Transici\u00f3n Justa.<\/p>\n\n\n\n<p>El premio Argentina Econom\u00eda Circular es impulsado mediante un esfuerzo colaborativo de diversos actores como Gobiernos, Organizaciones No Gubernamentales (ONGs), asociaciones y c\u00e1maras empresariales, con el prop\u00f3sito de impulsar y reconocer las iniciativas circulares en el pa\u00eds.<\/p>\n\n\n\n<p>Bajo el lema \u00abHacia una nueva econom\u00eda\u00bb, se llev\u00f3 a cabo una ceremonia en la que se otorg\u00f3 un reconocimiento a los 40 ganadores seleccionados entre m\u00e1s 180 participantes destacados como Canal 26, La Naci\u00f3n, Quilmes, Loreal, Municipalidad de San Isidro, entre otras empresas, ONGs y organizaciones gubernamentales.<\/p>\n\n\n\n<p>Por primera vez en Argentina, el premio Argentina Econom\u00eda Circular es un catalizador para el impulso de proyectos innovadores y sostenibles en diferentes sectores de la econom\u00eda, expres\u00f3 su director general Rub\u00e9n Mundel, tuvo lugar el 3 de julio en la Bolsa de Comercio de Buenos Aires. El premio fomenta las iniciativas que potencian la econom\u00eda circular en todas las regiones del pa\u00eds, destaca los proyectos que promueven una transici\u00f3n eficaz contribuyendo&nbsp; al desarrollo sostenible y contribuye al desarrollo mediante la mejora de la productividad y rentabilidad de las empresas, as\u00ed como la adaptaci\u00f3n de los gobiernos a las implicancias del cambio clim\u00e1tico.<\/p>\n\n\n\n<p>\u201c26 Planeta\u201d es el nuevo espacio donde ofrecen todo el contenido relacionado al medioambiente y, a trav\u00e9s del cual, buscan generar conciencia sobre su cuidado, promoviendo la participaci\u00f3n y el conocimiento sobre dicha tem\u00e1tica. El cambio clim\u00e1tico es un hecho y no se puede mirar hacia otro lado. Por lo que, ante la cantidad de informaci\u00f3n y noticias al respecto, se analizan y cuentan las \u00faltimas novedades relacionadas a este tema. La se\u00f1al desea realizar un aporte al difundir los hechos m\u00e1s importantes sobre esta compleja problem\u00e1tica, sumando, adem\u00e1s, a todas sus plataformas digitales.<\/p>\n\n\n\n<p>Ser galardonados y estar presente en este tipo de iniciativas le permiti\u00f3 a Canal 26 construir una red s\u00f3lida de contactos y oportunidades de generaci\u00f3n de contenido para afianzar la evoluci\u00f3n e internacionalizaci\u00f3n de las noticias que se emiten dentro de la se\u00f1al para Argentina y el mundo.<\/p>\n\n\n\n<p>En el acto estuvieron presentes: Matias Pierri, Director; Federico Bisutti, Director de Noticias; Emiliano Calabr\u00f3, Director de Programaci\u00f3n; Federico Rohr, Jefe de Relaciones con Gobiernos; Ana Vanessa Mar\u00edn, Ejecutiva Comercial y Santiago Goncalves, Marketing.<\/p>\n<!-- AddThis Advanced Settings generic via filter on the_content --><!-- AddThis Share Buttons generic via filter on the_content -->","protected":false},"excerpt":{"rendered":"<p>En una muestra de compromiso con la sostenibilidad y la protecci\u00f3n del medio ambiente, \u201c26 Planeta\u201d la nueva propuesta informativa de Canal 26, sigue siendo part\u00edcipe de los principales eventos y result\u00f3 ganador del premio Argentina Econom\u00eda Circular otorgado por Fundaci\u00f3n Observatorio Pyme, Fundaci\u00f3n Regenerar y el instituto Transici\u00f3n Justa. El premio Argentina Econom\u00eda Circular [&hellip;]<!-- AddThis Advanced Settings generic via filter on get_the_excerpt --><!-- AddThis Share Buttons generic via filter on get_the_excerpt --><\/p>\n","protected":false},"author":6,"featured_media":68571,"comment_status":"closed","ping_status":"open","sticky":false,"template":"","format":"standard","meta":{"_acf_changed":false,"om_disable_all_campaigns":false,"_monsterinsights_skip_tracking":false,"_monsterinsights_sitenote_active":false,"_monsterinsights_sitenote_note":"","_monsterinsights_sitenote_category":0,"_uf_show_specific_survey":0,"_uf_disable_surveys":false,"footnotes":""},"categories":[100],"tags":[],"class_list":["post-68570","post","type-post","status-publish","format-standard","has-post-thumbnail","hentry","category-noticias"],"acf":[],"aioseo_notices":[],"_links":{"self":[{"href":"https:\/\/www.lasrosas.com.ar\/portal\/wp-json\/wp\/v2\/posts\/68570","targetHints":{"allow":["GET"]}}],"collection":[{"href":"https:\/\/www.lasrosas.com.ar\/portal\/wp-json\/wp\/v2\/posts"}],"about":[{"href":"https:\/\/www.lasrosas.com.ar\/portal\/wp-json\/wp\/v2\/types\/post"}],"author":[{"embeddable":true,"href":"https:\/\/www.lasrosas.com.ar\/portal\/wp-json\/wp\/v2\/users\/6"}],"replies":[{"embeddable":true,"href":"https:\/\/www.lasrosas.com.ar\/portal\/wp-json\/wp\/v2\/comments?post=68570"}],"version-history":[{"count":0,"href":"https:\/\/www.lasrosas.com.ar\/portal\/wp-json\/wp\/v2\/posts\/68570\/revisions"}],"wp:featuredmedia":[{"embeddable":true,"href":"https:\/\/www.lasrosas.com.ar\/portal\/wp-json\/wp\/v2\/media\/68571"}],"wp:attachment":[{"href":"https:\/\/www.lasrosas.com.ar\/portal\/wp-json\/wp\/v2\/media?parent=68570"}],"wp:term":[{"taxonomy":"category","embeddable":true,"href":"https:\/\/www.lasrosas.com.ar\/portal\/wp-json\/wp\/v2\/categories?post=68570"},{"taxonomy":"post_tag","embeddable":true,"href":"https:\/\/www.lasrosas.com.ar\/portal\/wp-json\/wp\/v2\/tags?post=68570"}],"curies":[{"name":"wp","href":"https:\/\/api.w.org\/{rel}","templated":true}]}}