{"id":68340,"date":"2023-07-05T11:51:52","date_gmt":"2023-07-05T14:51:52","guid":{"rendered":"https:\/\/www.lasrosas.com.ar\/portal\/?p=68340"},"modified":"2023-07-05T11:51:55","modified_gmt":"2023-07-05T14:51:55","slug":"premios-mercedes-sosa-4o-edicion-desde-tucuman","status":"publish","type":"post","link":"https:\/\/www.lasrosas.com.ar\/portal\/premios-mercedes-sosa-4o-edicion-desde-tucuman\/","title":{"rendered":"PREMIOS MERCEDES SOSA 4\u00ba edici\u00f3n desde Tucum\u00e1n"},"content":{"rendered":"\n<figure class=\"wp-block-table\"><table class=\"\"><tbody><tr><td><em>Reconocen el esfuerzo y el trabajo de los artistas independientes<\/em><strong>7 DE JULIO \u2013 TEATRO ROSITA AVILA- TUCUMAN<\/strong><\/td><\/tr><\/tbody><\/table><\/figure>\n\n\n\n<figure class=\"wp-block-table\"><table class=\"\"><tbody><tr><td>Ya est\u00e1 todo listo para la cuarta edici\u00f3n de los Premios Mercedes Sosa, que este a\u00f1o tendr\u00e1n su gala el 7 de julio en el Teatro Rosita \u00c1vila, en la ciudad de San Miguel de Tucum\u00e1n. Este a\u00f1o se presentaron m\u00e1s de 2750 inscripciones para 30 categor\u00edas que ya tienen sus artistas nominados.La g\u00e9nesis de los Premios Mercedes Sosa fue doble, por un lado la bronca tras la derogaci\u00f3n de una Ley de la M\u00fasica para la provincia de Tucum\u00e1n y por el otro el propio recorrido de Carina como artista y compositora, quien es la coordinadora de estos premios.\u201cE<em>ra un Ley muy parecida a la del Instituto Nacional de la M\u00fasica, pero ten\u00eda los\u00a0componentes propios de Tucum\u00e1n por ejemplo el Teatro Mercedes Sosa, que aportaba el presupuesto para financiar la ley de apoyo a los artistas independientes. A esa frustraci\u00f3n, ese dolor, se le sum\u00f3 el empoderamiento femenino y que no hab\u00eda ning\u00fan premio Mar\u00eda Elena Walsh o Mercedes Sosa. Tambi\u00e9n se sum\u00f3 a que yo haya pensado en los premios Mercedes Sosa como en algo para los m\u00fasicos es que a m\u00ed me hubiese encantado que en su momento alguien me hubiese apuntalado o apoyado<\/em>\u201d, comenta Carina Fraszczak, organizadora y creadora de los Premios Mercedes Sosa.Carina le transmiti\u00f3 todo esto a Fabi\u00e1n Matus, hijo de Mercedes, quien agradeci\u00f3 y apoy\u00f3 la iniciativa. Fabi\u00e1n falleci\u00f3 antes de la primera edici\u00f3n de los Premios Mercedes Sosa, pero su hija Araceli presidi\u00f3 la ceremonia. La primera edici\u00f3n tuvo 330 inscripciones y fue s\u00f3lo para artistas de la provincia de Tucum\u00e1n. La segunda edici\u00f3n fue regional, sumando las provincias de Santiago del Estero, Catamarca, Salta y Jujuy. En la tercera edici\u00f3n se sum\u00f3 el folklore a nivel nacional y hubo 1.400 inscripciones. Este a\u00f1o 2023, hay m\u00e1s de 2750 inscriptos a nivel nacional en todas las categor\u00edas excepto rock, que es s\u00f3lo para Tucum\u00e1n ya que se tiene un acuerdo para que la banda toque en el Cosqu\u00edn Rock.<\/td><\/tr><\/tbody><\/table><\/figure>\n\n\n\n<iframe width=\"560\" height=\"315\" data-src=\"https:\/\/www.youtube.com\/embed\/ikQjQbVcNyA\" title=\"YouTube video player\" frameborder=\"0\" allow=\"accelerometer; autoplay; clipboard-write; encrypted-media; gyroscope; picture-in-picture; web-share\" allowfullscreen src=\"data:image\/svg+xml;base64,PHN2ZyB3aWR0aD0iMSIgaGVpZ2h0PSIxIiB4bWxucz0iaHR0cDovL3d3dy53My5vcmcvMjAwMC9zdmciPjwvc3ZnPg==\" class=\"lazyload\" data-load-mode=\"1\"><\/iframe>\n\n\n\n<figure class=\"wp-block-table\"><table class=\"\"><tbody><tr><td><br>Los Premios Mercedes Sosa m\u00e1s que una competencia es un d\u00eda de celebraci\u00f3n; el esfuerzo de un m\u00fasico s\u00f3lo lo sabe otro m\u00fasico. Carina sobre esto comenta \u201c<em>cuando supe ya qui\u00e9nes eran los nominados un poco volv\u00eda a recalcar no es una competencia, sino que es un lugar donde apuntalamos, no al exitoso, porque el exitoso ya tiene \u00e9xito, ya tiene su m\u00fasica sonando y ya tiene sus presentaciones. Ac\u00e1 lo que tratamos de ayudar es al m\u00fasico independiente y ver qu\u00e9 trabajo est\u00e1 m\u00e1s maduro para con esto potenciarlo, que puedan sacar un parte de prensa y decir yo gan\u00e9 los premios Mercedes Sosa comunicarlo y ponerlo en su biograf\u00eda. Que sientan que los Premios son una herramienta m\u00e1s para que lo ayude a crecer<\/em>.\u201d<\/td><\/tr><\/tbody><\/table><\/figure>\n\n\n\n<figure class=\"wp-block-image size-large\"><img decoding=\"async\" width=\"731\" height=\"734\" data-src=\"https:\/\/www.lasrosas.com.ar\/portal\/wp-content\/uploads\/64a34664e23186c727a5e828.png\" alt=\"\" class=\"wp-image-68342 lazyload\" src=\"data:image\/svg+xml;base64,PHN2ZyB3aWR0aD0iMSIgaGVpZ2h0PSIxIiB4bWxucz0iaHR0cDovL3d3dy53My5vcmcvMjAwMC9zdmciPjwvc3ZnPg==\" style=\"--smush-placeholder-width: 731px; --smush-placeholder-aspect-ratio: 731\/734;\" \/><\/figure>\n\n\n\n<figure class=\"wp-block-table\"><table class=\"\"><tbody><tr><td><br>En la primera edici\u00f3n los premios contaron con cinco jurados encabezados por Nico Sor\u00edn, pero junto con las postulaciones el jurado fue creciendo con nombres como Chino Asencio, Lula Bertoldi, Guillermo Novelis, Sandra Mihanovich, Gabriel Pedernera, Leo Sujatovich, Laura Tesoriero, Pablo Valente y Andr\u00e9s Mayo, entre otros referentes vinculados al mundo de la m\u00fasica.<br><br>Con el esp\u00edritu de recorrer la provincia de Tucum\u00e1n la \u00faltima edici\u00f3n de los Premios Mercedes Sosa se realizaron en Taf\u00ed Viejo, pero este a\u00f1o regresan a la ciudad de Tucum\u00e1n al Teatro Musical Rosita \u00c1vila. La ceremonia ser\u00e1 el 7 de julio con la conducci\u00f3n de Agostina Corradini y el exparticipante de la Voz, Salustiano. Este a\u00f1o como siempre los shows son sorpresa.<\/td><\/tr><\/tbody><\/table><\/figure>\n\n\n\n<figure class=\"wp-block-gallery columns-2 is-cropped wp-block-gallery-1 is-layout-flex wp-block-gallery-is-layout-flex\"><ul class=\"blocks-gallery-grid\"><li class=\"blocks-gallery-item\"><figure><img decoding=\"async\" width=\"1280\" height=\"778\" data-src=\"https:\/\/www.lasrosas.com.ar\/portal\/wp-content\/uploads\/64a345bdd5d751fb26fd8774.jpg\" alt=\"\" data-id=\"68343\" data-full-url=\"https:\/\/www.lasrosas.com.ar\/portal\/wp-content\/uploads\/64a345bdd5d751fb26fd8774.jpg\" data-link=\"https:\/\/www.lasrosas.com.ar\/portal\/?attachment_id=68343\" class=\"wp-image-68343 lazyload\" data-srcset=\"https:\/\/www.lasrosas.com.ar\/portal\/wp-content\/uploads\/\/64a345bdd5d751fb26fd8774.jpg 1280w, https:\/\/www.lasrosas.com.ar\/portal\/wp-content\/uploads\/\/64a345bdd5d751fb26fd8774-960x584.jpg 960w\" data-sizes=\"(max-width: 1280px) 100vw, 1280px\" src=\"data:image\/svg+xml;base64,PHN2ZyB3aWR0aD0iMSIgaGVpZ2h0PSIxIiB4bWxucz0iaHR0cDovL3d3dy53My5vcmcvMjAwMC9zdmciPjwvc3ZnPg==\" style=\"--smush-placeholder-width: 1280px; --smush-placeholder-aspect-ratio: 1280\/778;\" \/><\/figure><\/li><li class=\"blocks-gallery-item\"><figure><img decoding=\"async\" width=\"839\" height=\"1280\" data-src=\"https:\/\/www.lasrosas.com.ar\/portal\/wp-content\/uploads\/64a347f2b1ed4dcd27d53ecb.jpg\" alt=\"\" data-id=\"68344\" data-full-url=\"https:\/\/www.lasrosas.com.ar\/portal\/wp-content\/uploads\/64a347f2b1ed4dcd27d53ecb.jpg\" data-link=\"https:\/\/www.lasrosas.com.ar\/portal\/?attachment_id=68344\" class=\"wp-image-68344 lazyload\" data-srcset=\"https:\/\/www.lasrosas.com.ar\/portal\/wp-content\/uploads\/\/64a347f2b1ed4dcd27d53ecb.jpg 839w, https:\/\/www.lasrosas.com.ar\/portal\/wp-content\/uploads\/\/64a347f2b1ed4dcd27d53ecb-629x960.jpg 629w\" data-sizes=\"(max-width: 839px) 100vw, 839px\" src=\"data:image\/svg+xml;base64,PHN2ZyB3aWR0aD0iMSIgaGVpZ2h0PSIxIiB4bWxucz0iaHR0cDovL3d3dy53My5vcmcvMjAwMC9zdmciPjwvc3ZnPg==\" style=\"--smush-placeholder-width: 839px; --smush-placeholder-aspect-ratio: 839\/1280;\" \/><\/figure><\/li><\/ul><\/figure>\n<!-- AddThis Advanced Settings generic via filter on the_content --><!-- AddThis Share Buttons generic via filter on the_content -->","protected":false},"excerpt":{"rendered":"<p>Reconocen el esfuerzo y el trabajo de los artistas independientes7 DE JULIO \u2013 TEATRO ROSITA AVILA- TUCUMAN Ya est\u00e1 todo listo para la cuarta edici\u00f3n de los Premios Mercedes Sosa, que este a\u00f1o tendr\u00e1n su gala el 7 de julio en el Teatro Rosita \u00c1vila, en la ciudad de San Miguel de Tucum\u00e1n. Este a\u00f1o [&hellip;]<!-- AddThis Advanced Settings generic via filter on get_the_excerpt --><!-- AddThis Share Buttons generic via filter on get_the_excerpt --><\/p>\n","protected":false},"author":6,"featured_media":68341,"comment_status":"closed","ping_status":"open","sticky":false,"template":"","format":"standard","meta":{"_acf_changed":false,"om_disable_all_campaigns":false,"_monsterinsights_skip_tracking":false,"_monsterinsights_sitenote_active":false,"_monsterinsights_sitenote_note":"","_monsterinsights_sitenote_category":0,"_uf_show_specific_survey":0,"_uf_disable_surveys":false,"footnotes":""},"categories":[100],"tags":[],"class_list":["post-68340","post","type-post","status-publish","format-standard","has-post-thumbnail","hentry","category-noticias"],"acf":[],"aioseo_notices":[],"_links":{"self":[{"href":"https:\/\/www.lasrosas.com.ar\/portal\/wp-json\/wp\/v2\/posts\/68340","targetHints":{"allow":["GET"]}}],"collection":[{"href":"https:\/\/www.lasrosas.com.ar\/portal\/wp-json\/wp\/v2\/posts"}],"about":[{"href":"https:\/\/www.lasrosas.com.ar\/portal\/wp-json\/wp\/v2\/types\/post"}],"author":[{"embeddable":true,"href":"https:\/\/www.lasrosas.com.ar\/portal\/wp-json\/wp\/v2\/users\/6"}],"replies":[{"embeddable":true,"href":"https:\/\/www.lasrosas.com.ar\/portal\/wp-json\/wp\/v2\/comments?post=68340"}],"version-history":[{"count":0,"href":"https:\/\/www.lasrosas.com.ar\/portal\/wp-json\/wp\/v2\/posts\/68340\/revisions"}],"wp:featuredmedia":[{"embeddable":true,"href":"https:\/\/www.lasrosas.com.ar\/portal\/wp-json\/wp\/v2\/media\/68341"}],"wp:attachment":[{"href":"https:\/\/www.lasrosas.com.ar\/portal\/wp-json\/wp\/v2\/media?parent=68340"}],"wp:term":[{"taxonomy":"category","embeddable":true,"href":"https:\/\/www.lasrosas.com.ar\/portal\/wp-json\/wp\/v2\/categories?post=68340"},{"taxonomy":"post_tag","embeddable":true,"href":"https:\/\/www.lasrosas.com.ar\/portal\/wp-json\/wp\/v2\/tags?post=68340"}],"curies":[{"name":"wp","href":"https:\/\/api.w.org\/{rel}","templated":true}]}}