{"id":68303,"date":"2023-07-04T15:50:42","date_gmt":"2023-07-04T18:50:42","guid":{"rendered":"https:\/\/www.lasrosas.com.ar\/portal\/?p=68303"},"modified":"2023-07-04T16:15:32","modified_gmt":"2023-07-04T19:15:32","slug":"paco-rabanne-se-convierte-en-rabanne","status":"publish","type":"post","link":"https:\/\/www.lasrosas.com.ar\/portal\/paco-rabanne-se-convierte-en-rabanne\/","title":{"rendered":"PACO RABANNE SE CONVIERTE EN RABANNE"},"content":{"rendered":"\n<figure class=\"wp-block-table\"><table class=\"\"><tbody><tr><td><strong>La ic\u00f3nica casa de moda y fragancias ingresa a una nueva era y lanza su primera colecci\u00f3n de maquillaje<\/strong><\/td><\/tr><\/tbody><\/table><\/figure>\n\n\n\n<figure class=\"wp-block-image size-large\"><img decoding=\"async\" width=\"620\" height=\"349\" data-src=\"https:\/\/www.lasrosas.com.ar\/portal\/wp-content\/uploads\/rabanne-rebranding-1.jpg\" alt=\"\" class=\"wp-image-68319 lazyload\" src=\"data:image\/svg+xml;base64,PHN2ZyB3aWR0aD0iMSIgaGVpZ2h0PSIxIiB4bWxucz0iaHR0cDovL3d3dy53My5vcmcvMjAwMC9zdmciPjwvc3ZnPg==\" style=\"--smush-placeholder-width: 620px; --smush-placeholder-aspect-ratio: 620\/349;\" \/><\/figure>\n\n\n\n<figure class=\"wp-block-table\"><table class=\"\"><tbody><tr><td>En v\u00edsperas de su 60 aniversario, Paco Rabanne se convierte en Rabanne. Simplificado y con un esp\u00edritu m\u00e1s internacional, el cambio de nombre a Rabanne representa un momento crucial para la Maison internacional, que celebra una d\u00e9cada de notable crecimiento y espera dar forma a un nuevo futuro en el que la moda y la belleza se unan en una firma y un estilo de vida \u00fanicos. Este cambio de nombre va acompa\u00f1ado de una nueva identidad visual y un nuevo logotipo de gran impacto, que rinden homenaje al legado vanguardista de Monsieur Rabanne y a su respeto por la moda. La nueva y atrevida tipograf\u00eda se inspira en los archivos de la Maison y en su primera fragancia, Calandre, lanzada en 1969. Con esta nueva identidad visual, la marca adopta una firma m\u00e1s refinada, con la suave silueta del monograma de la \u00abR\u00bb como se\u00f1al de un minimalismo moderno y seguro, a medida que la marca entra en un nuevo cap\u00edtulo. Asimismo, el logotipo se escribe en min\u00fasculas para dar un enfoque disruptivo y rompedor. Estos nuevos dise\u00f1os ir\u00e1n apareciendo gradualmente a lo largo de los pr\u00f3ximos 12 meses, encapsulando el estatus de la Maison como potencia mundial del lujo. Aparecer\u00e1n en todos los logotipos, campa\u00f1as, envases y puntos de venta, y fusionar\u00e1n moda y belleza bajo un enfoque singular que es caracter\u00edsticamente creativo, inclusivo e innovador. Para acompa\u00f1ar el cambio de nombre, la Maison se adentra en un nuevo territorio con el lanzamiento de su primera colecci\u00f3n de maquillaje: una innovadora gama de productos de maquillaje de alto rendimiento que fusionan tonos inesperados con acabados met\u00e1licos inspirados en los tejidos de moda para impulsar a una nueva generaci\u00f3n a dar rienda suelta a su creatividad sin l\u00edmites y expresar qui\u00e9nes son realmente. De la moda a la Beauty, la colecci\u00f3n se develar\u00e1 en el desfile SS24 de la marca el pr\u00f3ximo mes de septiembre, con los estados de \u00e1nimo de la legendaria Diane Kendal, que ha sido nombrada Directora Creativa Mundial de Belleza de Rabanne Beauty. Inspirado en el legado pionero de la moda de la Maison, el Maquillaje Rabanne se presenta en un llamativo y brillante envase dorado, plateado met\u00e1lico y espejado. Cada producto imprescindible se inspira en los c\u00f3digos, s\u00edmbolos e iconos de la pasarela, incluidos el ic\u00f3nico bolso de 1969 y las joyas de eslabones XL, creando piezas ultra deseables para coleccionar por la tribu Rabanne.<br>Nacida en Par\u00eds, hecha para forjar un nuevo futuro, el Maquillaje Rabanne invita a jugar sin parar a trav\u00e9s de cuatro universos intransigentemente audaces: EYEPHORIA para una mirada expresiva sin fin, ROUGE RABANNE para la firma de labios de Par\u00eds, NUDES para una tez luminosa y fresca y ARTS FACTORY, una gama nunca vista de productos inspirados en el arte. <br>Rabanne Makeup se lanzar\u00e1 exclusivamente online el 21 de agosto y en tiendas selectas, como Selfridges, Reino Unido, el 31 de agosto, Sephora, EMEA, el 12 de septiembre y Ulta, EE.UU., el 1 de octubre.<\/td><\/tr><\/tbody><\/table><\/figure>\n<!-- AddThis Advanced Settings generic via filter on the_content --><!-- AddThis Share Buttons generic via filter on the_content -->","protected":false},"excerpt":{"rendered":"<p>La ic\u00f3nica casa de moda y fragancias ingresa a una nueva era y lanza su primera colecci\u00f3n de maquillaje En v\u00edsperas de su 60 aniversario, Paco Rabanne se convierte en Rabanne. Simplificado y con un esp\u00edritu m\u00e1s internacional, el cambio de nombre a Rabanne representa un momento crucial para la Maison internacional, que celebra una [&hellip;]<!-- AddThis Advanced Settings generic via filter on get_the_excerpt --><!-- AddThis Share Buttons generic via filter on get_the_excerpt --><\/p>\n","protected":false},"author":6,"featured_media":68304,"comment_status":"closed","ping_status":"open","sticky":false,"template":"","format":"standard","meta":{"_acf_changed":false,"om_disable_all_campaigns":false,"_monsterinsights_skip_tracking":false,"_monsterinsights_sitenote_active":false,"_monsterinsights_sitenote_note":"","_monsterinsights_sitenote_category":0,"_uf_show_specific_survey":0,"_uf_disable_surveys":false,"footnotes":""},"categories":[376,100],"tags":[],"class_list":["post-68303","post","type-post","status-publish","format-standard","has-post-thumbnail","hentry","category-lifestyle","category-noticias"],"acf":[],"aioseo_notices":[],"_links":{"self":[{"href":"https:\/\/www.lasrosas.com.ar\/portal\/wp-json\/wp\/v2\/posts\/68303","targetHints":{"allow":["GET"]}}],"collection":[{"href":"https:\/\/www.lasrosas.com.ar\/portal\/wp-json\/wp\/v2\/posts"}],"about":[{"href":"https:\/\/www.lasrosas.com.ar\/portal\/wp-json\/wp\/v2\/types\/post"}],"author":[{"embeddable":true,"href":"https:\/\/www.lasrosas.com.ar\/portal\/wp-json\/wp\/v2\/users\/6"}],"replies":[{"embeddable":true,"href":"https:\/\/www.lasrosas.com.ar\/portal\/wp-json\/wp\/v2\/comments?post=68303"}],"version-history":[{"count":0,"href":"https:\/\/www.lasrosas.com.ar\/portal\/wp-json\/wp\/v2\/posts\/68303\/revisions"}],"wp:featuredmedia":[{"embeddable":true,"href":"https:\/\/www.lasrosas.com.ar\/portal\/wp-json\/wp\/v2\/media\/68304"}],"wp:attachment":[{"href":"https:\/\/www.lasrosas.com.ar\/portal\/wp-json\/wp\/v2\/media?parent=68303"}],"wp:term":[{"taxonomy":"category","embeddable":true,"href":"https:\/\/www.lasrosas.com.ar\/portal\/wp-json\/wp\/v2\/categories?post=68303"},{"taxonomy":"post_tag","embeddable":true,"href":"https:\/\/www.lasrosas.com.ar\/portal\/wp-json\/wp\/v2\/tags?post=68303"}],"curies":[{"name":"wp","href":"https:\/\/api.w.org\/{rel}","templated":true}]}}