{"id":68266,"date":"2023-07-03T11:14:16","date_gmt":"2023-07-03T14:14:16","guid":{"rendered":"https:\/\/www.lasrosas.com.ar\/portal\/?p=68266"},"modified":"2023-07-03T11:34:44","modified_gmt":"2023-07-03T14:34:44","slug":"adrian-suar-anuncia-su-inminente-retiro-de-la-actuacion-y-baila-un-lento-junto-a-guillermo-francella-en-bossi-live-comedy","status":"publish","type":"post","link":"https:\/\/www.lasrosas.com.ar\/portal\/adrian-suar-anuncia-su-inminente-retiro-de-la-actuacion-y-baila-un-lento-junto-a-guillermo-francella-en-bossi-live-comedy\/","title":{"rendered":"ADRI\u00c1N SUAR ANUNCIA SU INMINENTE RETIRO DE LA ACTUACI\u00d3N Y BAILA UN LENTO JUNTO A GUILLERMO FRANCELLA EN BOSSI LIVE COMEDY"},"content":{"rendered":"\n<p>El showman m\u00e1s importante del pa\u00eds sigue con funciones a sala llena de su espect\u00e1culo \u00abBOSSI LIVE COMEDY\u00bb en el&nbsp;Teatro Astral.&nbsp;<\/p>\n\n\n\n<p><strong>La \u00faltima semana&nbsp;tuvo dos&nbsp;invitados de lujo: Adri\u00e1n Suar y Guillermo Francella. Los actores y productores disfrutaron&nbsp;de la experiencia que propone Bossi, tal es as\u00ed que no dudaron en participar y bailar pegados al comp\u00e1s de Bossi. Ambos&nbsp;presenciaron&nbsp;la funci\u00f3n con gran entusiasmo<\/strong>.<br><strong>La visita culmin\u00f3 con un encuentro post show y un sketch, en donde el showman y los actores planificaron el retiro de Adri\u00e1n Suar entre risas.<\/strong><\/p>\n\n\n\n<figure class=\"wp-block-image size-large\"><img decoding=\"async\" width=\"1280\" height=\"1920\" data-src=\"https:\/\/www.lasrosas.com.ar\/portal\/wp-content\/uploads\/unnamed-3-63-1280x1920.jpg\" alt=\"\" class=\"wp-image-68267 lazyload\" data-srcset=\"https:\/\/www.lasrosas.com.ar\/portal\/wp-content\/uploads\/\/unnamed-3-63-1280x1920.jpg 1280w, https:\/\/www.lasrosas.com.ar\/portal\/wp-content\/uploads\/\/unnamed-3-63-640x960.jpg 640w, https:\/\/www.lasrosas.com.ar\/portal\/wp-content\/uploads\/\/unnamed-3-63-1024x1536.jpg 1024w, https:\/\/www.lasrosas.com.ar\/portal\/wp-content\/uploads\/\/unnamed-3-63-scaled.jpg 1365w\" data-sizes=\"(max-width: 1280px) 100vw, 1280px\" src=\"data:image\/svg+xml;base64,PHN2ZyB3aWR0aD0iMSIgaGVpZ2h0PSIxIiB4bWxucz0iaHR0cDovL3d3dy53My5vcmcvMjAwMC9zdmciPjwvc3ZnPg==\" style=\"--smush-placeholder-width: 1280px; --smush-placeholder-aspect-ratio: 1280\/1920;\" \/><\/figure>\n\n\n\n<p><strong>Bossi<\/strong>&nbsp;a lo largo de su carrera se present\u00f3 ante m\u00e1s de 2.000.000 de espectadores que han visto sus espect\u00e1culos y lo han ovacionado de pie. En cada show, la m\u00fasica, el humor, la danza y el talento actoral de Bossi logran cautivar a todas las generaciones que lo siguen cada a\u00f1o.<\/p>\n\n\n\n<p>\u2018<strong>Bossi Live Comedy<\/strong>\u2019 es el nuevo Big Show de Martin Bossi, con m\u00e1s de 10 artistas en escena.&nbsp;<\/p>\n\n\n\n<p>El showman regres\u00f3 a la Calle Corrientes, m\u00e1s precisamente al&nbsp;<strong>Teatro Astral<\/strong>, su casa de los \u00faltimos a\u00f1os, con funciones de Jueves a Domingos para luego iniciar una gira internacional por Estados Unidos, Latinoam\u00e9rica y culminar con funciones en Madrid.<\/p>\n\n\n\n<p>Un espect\u00e1culo con humor, comicidad, m\u00fasica e interacci\u00f3n plena con el p\u00fablico, el sello que Bossi imprime en todos sus espect\u00e1culos. Un show Imperdible para disfrutar en familia.<\/p>\n\n\n\n<p>Entradas en&nbsp;<a href=\"https:\/\/us18.mailchimp.com\/mctx\/clicks?url=https%3A%2F%2Fwww.plateanet.com%2Fobra%2F25618%3Fobra%3DBOSSI-LIVE-COMEDY%26paso%3Dinicio&amp;xid=f38bcb2660&amp;uid=138726021&amp;iid=4220f45c34&amp;pool=cts&amp;v=2&amp;c=1688390216&amp;h=2d28697c21b95725f052d08cb199e263b15b8a0a99b889180fedb4f4ebd8fc78\" target=\"_blank\" rel=\"noreferrer noopener\">Plateanet<\/a><\/p>\n\n\n\n<p><strong>Jueves a Domingo 20.30h<\/strong><\/p>\n\n\n\n<p><strong>S\u00e1bado 20.30h y 22.30h<\/strong><\/p>\n\n\n\n<p><strong>Teatro Astral (Av. Corrientes 1639, CABA)<\/strong><\/p>\n<!-- AddThis Advanced Settings generic via filter on the_content --><!-- AddThis Share Buttons generic via filter on the_content -->","protected":false},"excerpt":{"rendered":"<p>El showman m\u00e1s importante del pa\u00eds sigue con funciones a sala llena de su espect\u00e1culo \u00abBOSSI LIVE COMEDY\u00bb en el&nbsp;Teatro Astral.&nbsp; La \u00faltima semana&nbsp;tuvo dos&nbsp;invitados de lujo: Adri\u00e1n Suar y Guillermo Francella. Los actores y productores disfrutaron&nbsp;de la experiencia que propone Bossi, tal es as\u00ed que no dudaron en participar y bailar pegados al comp\u00e1s [&hellip;]<!-- AddThis Advanced Settings generic via filter on get_the_excerpt --><!-- AddThis Share Buttons generic via filter on get_the_excerpt --><\/p>\n","protected":false},"author":6,"featured_media":68283,"comment_status":"closed","ping_status":"open","sticky":false,"template":"","format":"standard","meta":{"_acf_changed":false,"om_disable_all_campaigns":false,"_monsterinsights_skip_tracking":false,"_monsterinsights_sitenote_active":false,"_monsterinsights_sitenote_note":"","_monsterinsights_sitenote_category":0,"_uf_show_specific_survey":0,"_uf_disable_surveys":false,"footnotes":""},"categories":[100],"tags":[],"class_list":["post-68266","post","type-post","status-publish","format-standard","has-post-thumbnail","hentry","category-noticias"],"acf":[],"aioseo_notices":[],"_links":{"self":[{"href":"https:\/\/www.lasrosas.com.ar\/portal\/wp-json\/wp\/v2\/posts\/68266","targetHints":{"allow":["GET"]}}],"collection":[{"href":"https:\/\/www.lasrosas.com.ar\/portal\/wp-json\/wp\/v2\/posts"}],"about":[{"href":"https:\/\/www.lasrosas.com.ar\/portal\/wp-json\/wp\/v2\/types\/post"}],"author":[{"embeddable":true,"href":"https:\/\/www.lasrosas.com.ar\/portal\/wp-json\/wp\/v2\/users\/6"}],"replies":[{"embeddable":true,"href":"https:\/\/www.lasrosas.com.ar\/portal\/wp-json\/wp\/v2\/comments?post=68266"}],"version-history":[{"count":0,"href":"https:\/\/www.lasrosas.com.ar\/portal\/wp-json\/wp\/v2\/posts\/68266\/revisions"}],"wp:featuredmedia":[{"embeddable":true,"href":"https:\/\/www.lasrosas.com.ar\/portal\/wp-json\/wp\/v2\/media\/68283"}],"wp:attachment":[{"href":"https:\/\/www.lasrosas.com.ar\/portal\/wp-json\/wp\/v2\/media?parent=68266"}],"wp:term":[{"taxonomy":"category","embeddable":true,"href":"https:\/\/www.lasrosas.com.ar\/portal\/wp-json\/wp\/v2\/categories?post=68266"},{"taxonomy":"post_tag","embeddable":true,"href":"https:\/\/www.lasrosas.com.ar\/portal\/wp-json\/wp\/v2\/tags?post=68266"}],"curies":[{"name":"wp","href":"https:\/\/api.w.org\/{rel}","templated":true}]}}