{"id":68092,"date":"2023-06-27T13:59:44","date_gmt":"2023-06-27T16:59:44","guid":{"rendered":"https:\/\/www.lasrosas.com.ar\/portal\/?p=68092"},"modified":"2023-06-27T13:59:47","modified_gmt":"2023-06-27T16:59:47","slug":"proteccion-solar-todo-el-ano-la-clave-para-la-salud-de-tu-piel","status":"publish","type":"post","link":"https:\/\/www.lasrosas.com.ar\/portal\/proteccion-solar-todo-el-ano-la-clave-para-la-salud-de-tu-piel\/","title":{"rendered":"PROTECCI\u00d3N SOLAR TODO EL A\u00d1O: LA CLAVE PARA LA SALUD DE TU PIEL"},"content":{"rendered":"\n<p>Dermagl\u00f3s, marca l\u00edder en cuidado de la piel, reafirma su compromiso con la concientizaci\u00f3n sobre la importancia del uso del protector solar durante todo el a\u00f1o con el objetivo de prevenir enfermedades de la piel y el foto envejecimiento.<\/p>\n\n\n\n<p>La mayor\u00eda de las personas asocia el uso del protector solar con el verano, la playa y los deportes al aire libre. Sin embargo, en los \u00faltimos a\u00f1os, este pensamiento se ha ido transformando. La opini\u00f3n de dermat\u00f3logos es un\u00e1nime: <strong>el uso cotidiano del protector solar es la mejor herramienta para prevenir el foto envejecimiento y los potenciales efectos nocivos del sol a largo plazo.<\/strong>\u00a0<\/p>\n\n\n\n<p>\u201c\u00bfSab\u00edas qu\u00e9 la radiaci\u00f3n ultravioleta (UBV y UVA) emitida por el sol, es responsable del foto envejecimiento o da\u00f1o prematuro de la piel? Los rayos UVB, que penetran s\u00f3lo en la superficie cut\u00e1nea, provocan enrojecimiento (eritema), quemaduras y da\u00f1o de las c\u00e9lulas (mutag\u00e9nesis y carcinog\u00e9nesis). Los rayos UVA tienen mayor poder de penetraci\u00f3n y llegan a la dermis (capa media), donde generan la formaci\u00f3n de \u201cespecies reactivas de ox\u00edgeno\u201d que ocasionan alteraciones en el ADN, y activan las metaloproteinasas (enzimas responsables de la degradaci\u00f3n del col\u00e1geno). Estas \u00faltimas son, por lo tanto, las mayores responsables de la foto envejecimiento. La cantidad de radiaci\u00f3n UVB que llega a la superficie de la tierra depende en gran medida de la estaci\u00f3n del a\u00f1o y la hora del d\u00eda, adem\u00e1s de las condiciones meteorol\u00f3gicas. Sin embargo, la radiaci\u00f3n UVA es menos sensible a estas condiciones, y es m\u00e1s constante durante todo el a\u00f1o. Adem\u00e1s, UVA atraviesa en mayor medida las nubes y los vidrios (como ventanas y parabrisas), y puede reflejarse en superficies como el agua, la arena y la nieve, entre otras. Por lo tanto, es muy importante incorporar el uso de protector solar todo el a\u00f1o, sin importar el clima ni la estaci\u00f3n. proteger nuestra piel de las radiaciones uv tiene que transformarse en un h\u00e1bito\u201d, sostiene la Dra. Mar\u00eda In\u00e9s Hern\u00e1ndez, m\u00e9dica asesora de Dermagl\u00f3s.<\/p>\n\n\n\n<p>Una inquietud frecuente en el consultorio es acerca de la necesidad o no de utilizar protector solar si se trabaja en una oficina. La respuesta es que s\u00ed, ya que los \u00faltimos estudios confirman que la luz azul emitida por la pantalla del celular y de la computadora, o incluso la luz el\u00e9ctrica, provocan p\u00e9rdida de firmeza en la piel y contribuyen a la aparici\u00f3n de manchas y arrugas.<\/p>\n\n\n\n<figure class=\"wp-block-gallery columns-1 is-cropped wp-block-gallery-1 is-layout-flex wp-block-gallery-is-layout-flex\"><ul class=\"blocks-gallery-grid\"><li class=\"blocks-gallery-item\"><figure><img decoding=\"async\" width=\"814\" height=\"1920\" data-src=\"https:\/\/www.lasrosas.com.ar\/portal\/wp-content\/uploads\/Dermaglos-PROTECTOR-SOLAR-FPS-50-FACIAL-CON-COLOR-2-2-814x1920.jpg\" alt=\"\" data-id=\"68093\" data-full-url=\"https:\/\/www.lasrosas.com.ar\/portal\/wp-content\/uploads\/Dermaglos-PROTECTOR-SOLAR-FPS-50-FACIAL-CON-COLOR-2-2.jpg\" data-link=\"https:\/\/www.lasrosas.com.ar\/portal\/?attachment_id=68093\" class=\"wp-image-68093 lazyload\" data-srcset=\"https:\/\/www.lasrosas.com.ar\/portal\/wp-content\/uploads\/\/Dermaglos-PROTECTOR-SOLAR-FPS-50-FACIAL-CON-COLOR-2-2-814x1920.jpg 814w, https:\/\/www.lasrosas.com.ar\/portal\/wp-content\/uploads\/\/Dermaglos-PROTECTOR-SOLAR-FPS-50-FACIAL-CON-COLOR-2-2-407x960.jpg 407w, https:\/\/www.lasrosas.com.ar\/portal\/wp-content\/uploads\/\/Dermaglos-PROTECTOR-SOLAR-FPS-50-FACIAL-CON-COLOR-2-2-651x1536.jpg 651w, https:\/\/www.lasrosas.com.ar\/portal\/wp-content\/uploads\/\/Dermaglos-PROTECTOR-SOLAR-FPS-50-FACIAL-CON-COLOR-2-2.jpg 851w\" data-sizes=\"(max-width: 814px) 100vw, 814px\" src=\"data:image\/svg+xml;base64,PHN2ZyB3aWR0aD0iMSIgaGVpZ2h0PSIxIiB4bWxucz0iaHR0cDovL3d3dy53My5vcmcvMjAwMC9zdmciPjwvc3ZnPg==\" style=\"--smush-placeholder-width: 814px; --smush-placeholder-aspect-ratio: 814\/1920;\" \/><\/figure><\/li><\/ul><\/figure>\n\n\n\n<p>\u00bfY la Vitamina D? \u201cEs un tema que sigue generando controversia. Una m\u00ednima exposici\u00f3n solar (excepto que est\u00e9 contraindicada por razones m\u00e9dicas) de brazos y rostro 3 veces por semana durante 10 minutos, ser\u00eda suficiente para prevenir el d\u00e9ficit de vitamina D. Y el uso de fotoprotector no estar\u00eda asociado a la disminuci\u00f3n de \u00e9sta. Por lo tanto, es importante recalcar la exposici\u00f3n solar con moderaci\u00f3n, en los horarios apropiados y usando protector solar. Y recordar que deben realizarse los controles m\u00e9dicos necesarios para evaluar la necesidad de suplementar vitamina D\u201d, agrega la Dra. Hern\u00e1ndez.&nbsp;<\/p>\n\n\n\n<p>Dermagl\u00f3s, la marca l\u00edder en cuidado de la piel de Laboratorios Andr\u00f3maco, acompa\u00f1a a la Sociedad Argentina de Dermatolog\u00eda en las ediciones anuales de la Campa\u00f1a de Prevenci\u00f3n de C\u00e1ncer de Piel llevadas a cabo a nivel nacional y subraya la importancia del uso de los protectores solares desde temprana edad y en todas las \u00e9pocas del a\u00f1o, ya que los efectos de los rayos solares en la piel pueden causar da\u00f1os permanentes y hasta convertirse en factores de riesgo. El mayor de estos riesgos es el melanoma, el tercer tipo de c\u00e1ncer m\u00e1s com\u00fan y uno de los que m\u00e1s riesgos implica.<\/p>\n\n\n\n<figure class=\"wp-block-gallery columns-1 is-cropped wp-block-gallery-2 is-layout-flex wp-block-gallery-is-layout-flex\"><ul class=\"blocks-gallery-grid\"><li class=\"blocks-gallery-item\"><figure><img decoding=\"async\" width=\"750\" height=\"1200\" data-src=\"https:\/\/www.lasrosas.com.ar\/portal\/wp-content\/uploads\/F50-Facial_SinColorx50g-3-2.png\" alt=\"\" data-id=\"68094\" data-full-url=\"https:\/\/www.lasrosas.com.ar\/portal\/wp-content\/uploads\/F50-Facial_SinColorx50g-3-2.png\" data-link=\"https:\/\/www.lasrosas.com.ar\/portal\/?attachment_id=68094\" class=\"wp-image-68094 lazyload\" data-srcset=\"https:\/\/www.lasrosas.com.ar\/portal\/wp-content\/uploads\/\/F50-Facial_SinColorx50g-3-2.png 750w, https:\/\/www.lasrosas.com.ar\/portal\/wp-content\/uploads\/\/F50-Facial_SinColorx50g-3-2-600x960.png 600w\" data-sizes=\"(max-width: 750px) 100vw, 750px\" src=\"data:image\/svg+xml;base64,PHN2ZyB3aWR0aD0iMSIgaGVpZ2h0PSIxIiB4bWxucz0iaHR0cDovL3d3dy53My5vcmcvMjAwMC9zdmciPjwvc3ZnPg==\" style=\"--smush-placeholder-width: 750px; --smush-placeholder-aspect-ratio: 750\/1200;\" \/><\/figure><\/li><\/ul><\/figure>\n\n\n\n<p>El da\u00f1o de la piel se acumula con el tiempo, comenzando con la primera quemadura de sol. Una quemadura con ampollas en la infancia o en la adolescencia, duplica las posibilidades de desarrollar melanoma en el futuro. Cuanto m\u00e1s se quema una persona, mayor es el riesgo de c\u00e1ncer de piel. El 80% del da\u00f1o solar en la piel lo adquirimos antes de los 18 a\u00f1os, por eso es muy importante tomar consciencia desde temprana edad.<\/p>\n\n\n\n<p>Algunos tips para proteger tu piel durante todo el a\u00f1o:<\/p>\n\n\n\n<ul class=\"wp-block-list\"><li>Eleg\u00ed un protector solar de acuerdo con tu tipo de piel. En rostro, lo recomendable es usar FPS50.<\/li><li>Aplica tu protector solar 30 minutos antes de la exposici\u00f3n solar.&nbsp;<\/li><li>Coloca la cantidad necesaria y distribu\u00ed uniformemente para una protecci\u00f3n \u00f3ptima.<\/li><li>Presta especial atenci\u00f3n a las zonas sensibles como nuca, orejas y nariz.<\/li><li>Reaplica cada 3-4h en invierno y cada 2h en verano, en caso de tener exposiciones prolongadas.<\/li><\/ul>\n\n\n\n<p>Dermagl\u00f3s aconseja tambi\u00e9n mantener la piel hidratada con cremas y geles post solares e hidratantes y beber l\u00edquido de manera constante para evitar la deshidrataci\u00f3n. Otro punto clave es el chequeo de lunares, que debe realizarse una vez al a\u00f1o con un dermat\u00f3logo para prevenir enfermedades.<\/p>\n\n\n\n<p>Asesor\u00f3: Dra. Mar\u00eda In\u00e9s Hern\u00e1ndez, m\u00e9dica dermat\u00f3loga, MN: 99153<\/p>\n<!-- AddThis Advanced Settings generic via filter on the_content --><!-- AddThis Share Buttons generic via filter on the_content -->","protected":false},"excerpt":{"rendered":"<p>Dermagl\u00f3s, marca l\u00edder en cuidado de la piel, reafirma su compromiso con la concientizaci\u00f3n sobre la importancia del uso del protector solar durante todo el a\u00f1o con el objetivo de prevenir enfermedades de la piel y el foto envejecimiento. La mayor\u00eda de las personas asocia el uso del protector solar con el verano, la playa [&hellip;]<!-- AddThis Advanced Settings generic via filter on get_the_excerpt --><!-- AddThis Share Buttons generic via filter on get_the_excerpt --><\/p>\n","protected":false},"author":6,"featured_media":68095,"comment_status":"closed","ping_status":"open","sticky":false,"template":"","format":"standard","meta":{"_acf_changed":false,"om_disable_all_campaigns":false,"_monsterinsights_skip_tracking":false,"_monsterinsights_sitenote_active":false,"_monsterinsights_sitenote_note":"","_monsterinsights_sitenote_category":0,"_uf_show_specific_survey":0,"_uf_disable_surveys":false,"footnotes":""},"categories":[376,100],"tags":[],"class_list":["post-68092","post","type-post","status-publish","format-standard","has-post-thumbnail","hentry","category-lifestyle","category-noticias"],"acf":[],"aioseo_notices":[],"_links":{"self":[{"href":"https:\/\/www.lasrosas.com.ar\/portal\/wp-json\/wp\/v2\/posts\/68092","targetHints":{"allow":["GET"]}}],"collection":[{"href":"https:\/\/www.lasrosas.com.ar\/portal\/wp-json\/wp\/v2\/posts"}],"about":[{"href":"https:\/\/www.lasrosas.com.ar\/portal\/wp-json\/wp\/v2\/types\/post"}],"author":[{"embeddable":true,"href":"https:\/\/www.lasrosas.com.ar\/portal\/wp-json\/wp\/v2\/users\/6"}],"replies":[{"embeddable":true,"href":"https:\/\/www.lasrosas.com.ar\/portal\/wp-json\/wp\/v2\/comments?post=68092"}],"version-history":[{"count":0,"href":"https:\/\/www.lasrosas.com.ar\/portal\/wp-json\/wp\/v2\/posts\/68092\/revisions"}],"wp:featuredmedia":[{"embeddable":true,"href":"https:\/\/www.lasrosas.com.ar\/portal\/wp-json\/wp\/v2\/media\/68095"}],"wp:attachment":[{"href":"https:\/\/www.lasrosas.com.ar\/portal\/wp-json\/wp\/v2\/media?parent=68092"}],"wp:term":[{"taxonomy":"category","embeddable":true,"href":"https:\/\/www.lasrosas.com.ar\/portal\/wp-json\/wp\/v2\/categories?post=68092"},{"taxonomy":"post_tag","embeddable":true,"href":"https:\/\/www.lasrosas.com.ar\/portal\/wp-json\/wp\/v2\/tags?post=68092"}],"curies":[{"name":"wp","href":"https:\/\/api.w.org\/{rel}","templated":true}]}}