{"id":67916,"date":"2023-06-23T15:39:29","date_gmt":"2023-06-23T18:39:29","guid":{"rendered":"https:\/\/www.lasrosas.com.ar\/portal\/?p=67916"},"modified":"2023-06-23T15:39:33","modified_gmt":"2023-06-23T18:39:33","slug":"buenos-aires-se-convierte-en-una-galeria-de-arte-al-aire-libre","status":"publish","type":"post","link":"https:\/\/www.lasrosas.com.ar\/portal\/buenos-aires-se-convierte-en-una-galeria-de-arte-al-aire-libre\/","title":{"rendered":"BUENOS AIRES SE CONVIERTE EN UNA GALER\u00cdA DE ARTE AL AIRE LIBRE"},"content":{"rendered":"\n<h4 class=\"wp-block-heading\"><em>El Premio Grupo Chomer permitir\u00e1 a un artista nacional exhibir su obra de manera permanente en la v\u00eda p\u00fablica<\/em><\/h4>\n\n\n\n<p>Es habitual caminar por las principales ciudades del mundo y encontrar esquinas llenas de color que forman parte del paisaje cotidiano y hasta lo transforman y resignifican. Estas manifestaciones art\u00edsticas, que van desde grafitis hasta instalaciones monumentales, se han convertido en una parte integral de la identidad urbana y ofrecen a los habitantes y visitantes una experiencia cultural \u00fanica.\u00a0<\/p>\n\n\n\n<p>Las obras en la v\u00eda p\u00fablica pueden presentar formas abstractas, materiales no convencionales y conceptos innovadores que desaf\u00edan las ideas tradicionales del arte, como la ic\u00f3nica <em>Floralis Gen\u00e9rica<\/em> de Eduardo Catalano, dise\u00f1ada para abrirse y cerrarse seg\u00fan la hora del d\u00eda en la Plaza de las Naciones Unidas en Palermo.<\/p>\n\n\n\n<figure class=\"wp-block-image size-large\"><img decoding=\"async\" width=\"1920\" height=\"1080\" data-src=\"https:\/\/www.lasrosas.com.ar\/portal\/wp-content\/uploads\/08-Jurados-Premio-Grupo-Chomer.jpg\" alt=\"\" class=\"wp-image-67917 lazyload\" data-srcset=\"https:\/\/www.lasrosas.com.ar\/portal\/wp-content\/uploads\/\/08-Jurados-Premio-Grupo-Chomer.jpg 1920w, https:\/\/www.lasrosas.com.ar\/portal\/wp-content\/uploads\/\/08-Jurados-Premio-Grupo-Chomer-960x540.jpg 960w, https:\/\/www.lasrosas.com.ar\/portal\/wp-content\/uploads\/\/08-Jurados-Premio-Grupo-Chomer-1536x864.jpg 1536w\" data-sizes=\"(max-width: 1920px) 100vw, 1920px\" src=\"data:image\/svg+xml;base64,PHN2ZyB3aWR0aD0iMSIgaGVpZ2h0PSIxIiB4bWxucz0iaHR0cDovL3d3dy53My5vcmcvMjAwMC9zdmciPjwvc3ZnPg==\" style=\"--smush-placeholder-width: 1920px; --smush-placeholder-aspect-ratio: 1920\/1080;\" \/><\/figure>\n\n\n\n<p>Consciente del impacto del arte y el dise\u00f1o en la vida cotidiana, la empresa dedicada a la inversi\u00f3n y desarrollo inmobiliario,<strong> Grupo Chomer<\/strong>, anunci\u00f3 el lanzamiento del <strong>Premio Grupo Chomer<\/strong>, en colaboraci\u00f3n con <strong>Meridiano<\/strong>, la C\u00e1mara Argentina de Galer\u00edas de Arte Contempor\u00e1neo. El objetivo: brindar a un artista nacional la oportunidad de mostrar su talento llevando sus ideas a nuevos escenarios y escalas.<\/p>\n\n\n\n<p>La escultura premiada ser\u00e1 exhibida de manera permanente en el exterior del <strong>edificio <\/strong><strong><em>Selene<\/em><\/strong>, perteneciente al grupo desarrollador, en La Lucila, Vicente L\u00f3pez, que cuenta con una vista panor\u00e1mica excepcional del R\u00edo de la Plata y la Ciudad de Buenos Aires. Adem\u00e1s, se sumar\u00e1 a otras esculturas emblem\u00e1ticas que ya forman parte del paisaje del barrio como lo son <em>La Victoria <\/em>de Luis Perlotti, <em>El Eterno Resurgir<\/em> de Norberto G\u00f3mez o <em>El Monumento al Milenio<\/em> que lleva 23 a\u00f1os en Melo y el r\u00edo.<\/p>\n\n\n\n<p>Uno de los aspectos m\u00e1s fascinantes del arte en la v\u00eda p\u00fablica es su accesibilidad.<em> <\/em><strong><em>\u201cLa enorme ventaja que ofrece el arte cuando es emplazado en el contexto urbano es que se vuelve completamente inclusivo. Puede ser apreciado por cualquier persona, en cualquier momento y de forma gratuita\u201d<\/em><\/strong>, explica <strong>Florencia Battiti<\/strong>, curadora integrante del jurado del Premio Grupo Chomer.&nbsp;<\/p>\n\n\n\n<figure class=\"wp-block-gallery columns-3 is-cropped wp-block-gallery-1 is-layout-flex wp-block-gallery-is-layout-flex\"><ul class=\"blocks-gallery-grid\"><li class=\"blocks-gallery-item\"><figure><img decoding=\"async\" width=\"1920\" height=\"1280\" data-src=\"https:\/\/www.lasrosas.com.ar\/portal\/wp-content\/uploads\/03-Representantes-de-las-galeri\u0301as-asociadas-a-Meridiano-1920x1280.jpg\" alt=\"\" data-id=\"67918\" data-full-url=\"https:\/\/www.lasrosas.com.ar\/portal\/wp-content\/uploads\/03-Representantes-de-las-galeri\u0301as-asociadas-a-Meridiano-scaled.jpg\" data-link=\"https:\/\/www.lasrosas.com.ar\/portal\/?attachment_id=67918\" class=\"wp-image-67918 lazyload\" data-srcset=\"https:\/\/www.lasrosas.com.ar\/portal\/wp-content\/uploads\/03-Representantes-de-las-galeri\u0301as-asociadas-a-Meridiano-1920x1280.jpg 1920w, https:\/\/www.lasrosas.com.ar\/portal\/wp-content\/uploads\/03-Representantes-de-las-galeri\u0301as-asociadas-a-Meridiano-960x640.jpg 960w, https:\/\/www.lasrosas.com.ar\/portal\/wp-content\/uploads\/03-Representantes-de-las-galeri\u0301as-asociadas-a-Meridiano-1536x1024.jpg 1536w, https:\/\/www.lasrosas.com.ar\/portal\/wp-content\/uploads\/03-Representantes-de-las-galeri\u0301as-asociadas-a-Meridiano-scaled.jpg 2048w\" data-sizes=\"(max-width: 1920px) 100vw, 1920px\" src=\"data:image\/svg+xml;base64,PHN2ZyB3aWR0aD0iMSIgaGVpZ2h0PSIxIiB4bWxucz0iaHR0cDovL3d3dy53My5vcmcvMjAwMC9zdmciPjwvc3ZnPg==\" style=\"--smush-placeholder-width: 1920px; --smush-placeholder-aspect-ratio: 1920\/1280;\" \/><\/figure><\/li><li class=\"blocks-gallery-item\"><figure><img decoding=\"async\" width=\"1920\" height=\"994\" data-src=\"https:\/\/www.lasrosas.com.ar\/portal\/wp-content\/uploads\/02-Acceso-de-Selene-Libertador-referencia-de-emplazamiento-de-la-obra-1920x994.jpg\" alt=\"\" data-id=\"67920\" data-full-url=\"https:\/\/www.lasrosas.com.ar\/portal\/wp-content\/uploads\/02-Acceso-de-Selene-Libertador-referencia-de-emplazamiento-de-la-obra-scaled.jpg\" data-link=\"https:\/\/www.lasrosas.com.ar\/portal\/?attachment_id=67920\" class=\"wp-image-67920 lazyload\" data-srcset=\"https:\/\/www.lasrosas.com.ar\/portal\/wp-content\/uploads\/\/02-Acceso-de-Selene-Libertador-referencia-de-emplazamiento-de-la-obra-1920x994.jpg 1920w, https:\/\/www.lasrosas.com.ar\/portal\/wp-content\/uploads\/\/02-Acceso-de-Selene-Libertador-referencia-de-emplazamiento-de-la-obra-960x497.jpg 960w, https:\/\/www.lasrosas.com.ar\/portal\/wp-content\/uploads\/\/02-Acceso-de-Selene-Libertador-referencia-de-emplazamiento-de-la-obra-1536x795.jpg 1536w, https:\/\/www.lasrosas.com.ar\/portal\/wp-content\/uploads\/\/02-Acceso-de-Selene-Libertador-referencia-de-emplazamiento-de-la-obra-scaled.jpg 2048w\" data-sizes=\"(max-width: 1920px) 100vw, 1920px\" src=\"data:image\/svg+xml;base64,PHN2ZyB3aWR0aD0iMSIgaGVpZ2h0PSIxIiB4bWxucz0iaHR0cDovL3d3dy53My5vcmcvMjAwMC9zdmciPjwvc3ZnPg==\" style=\"--smush-placeholder-width: 1920px; --smush-placeholder-aspect-ratio: 1920\/994;\" \/><\/figure><\/li><li class=\"blocks-gallery-item\"><figure><img decoding=\"async\" width=\"1920\" height=\"1069\" data-src=\"https:\/\/www.lasrosas.com.ar\/portal\/wp-content\/uploads\/01-Selene-Libertador-1920x1069.jpg\" alt=\"\" data-id=\"67921\" data-full-url=\"https:\/\/www.lasrosas.com.ar\/portal\/wp-content\/uploads\/01-Selene-Libertador-scaled.jpg\" data-link=\"https:\/\/www.lasrosas.com.ar\/portal\/?attachment_id=67921\" class=\"wp-image-67921 lazyload\" data-srcset=\"https:\/\/www.lasrosas.com.ar\/portal\/wp-content\/uploads\/01-Selene-Libertador-1920x1069.jpg 1920w, https:\/\/www.lasrosas.com.ar\/portal\/wp-content\/uploads\/01-Selene-Libertador-960x534.jpg 960w, https:\/\/www.lasrosas.com.ar\/portal\/wp-content\/uploads\/01-Selene-Libertador-1536x855.jpg 1536w, https:\/\/www.lasrosas.com.ar\/portal\/wp-content\/uploads\/01-Selene-Libertador-scaled.jpg 2048w\" data-sizes=\"(max-width: 1920px) 100vw, 1920px\" src=\"data:image\/svg+xml;base64,PHN2ZyB3aWR0aD0iMSIgaGVpZ2h0PSIxIiB4bWxucz0iaHR0cDovL3d3dy53My5vcmcvMjAwMC9zdmciPjwvc3ZnPg==\" style=\"--smush-placeholder-width: 1920px; --smush-placeholder-aspect-ratio: 1920\/1069;\" \/><figcaption class=\"blocks-gallery-item__caption\">DCIM\\100MEDIA\\DJI_0006.JPG<\/figcaption><\/figure><\/li><\/ul><\/figure>\n\n\n\n<p>Tambi\u00e9n, es una forma de revitalizar y embellecer los espacios urbanos. Antiguos muros grises se convierten en lienzos coloridos, fachadas deslucidas cobran vida con murales impresionantes y plazas abandonadas se transforman en escenarios ef\u00edmeros para instalaciones audaces.&nbsp;<\/p>\n\n\n\n<p>Adem\u00e1s, ofrece una plataforma a los artistas emergentes para mostrar su talento y ganar visibilidad. <strong><em>\u201cMuchos artistas han encontrado en las intervenciones urbanas otras formas de establecer conexiones con los diversos p\u00fablicos y la escena art\u00edstica, permiti\u00e9ndoles expandir sus horizontes y abrir nuevas oportunidades profesionales\u201d<\/em><\/strong>, agrega <strong>Sebasti\u00e1n Vidal<\/strong>, curador y jurado del concurso.<\/p>\n\n\n\n<p>El <strong>Premio Grupo Chomer<\/strong> est\u00e1 dirigido a m\u00e1s de <strong>1.000 artistas<\/strong> que forman parte de las <strong>63 galer\u00edas que integran Meridiano<\/strong>. El ganador recibir\u00e1<strong> <\/strong>un monto de<strong> 7.000 USD<\/strong>, adem\u00e1s de <strong>10.000 USD<\/strong> para la creaci\u00f3n de su obra. Los interesados en participar podr\u00e1n aplicar con sus proyectos hasta el 30 de junio inclusive, completando el <a href=\"https:\/\/docs.google.com\/forms\/d\/1Cc06LrHlMQfRp7WB8Eyfo2PiaJwXm4USmajoa8E9L4M\/edit\">formulario<\/a> disponible en la p\u00e1gina <a href=\"http:\/\/www.somosmeridiano.com.ar\/premio-grupo-chomer\">web de Meridiano<\/a>.<\/p>\n\n\n\n<p>Un destacado jurado de expertos, compuesto por los curadores <strong>Florencia Battiti<\/strong> y <strong>Sebasti\u00e1n Vidal<\/strong>, el arquitecto del estudio MSGSSV, <strong>Dami\u00e1n Vins\u00f3n,<\/strong> y el CEO de <strong>Grupo Chomer<\/strong>, <strong>Iv\u00e1n Chomer<\/strong>, evaluar\u00e1 las propuestas y seleccionar\u00e1 al ganador.<em> <\/em><strong><em>\u201cEl arte en la v\u00eda p\u00fablica es una herramienta poderosa que rompe las barreras tradicionales de acceso a las obras y las acerca a todos los ciudadanos, en cualquier momento y lugar. Este es nuestro principal objetivo con el Premio Grupo Chomer\u00bb<\/em><\/strong>, detalla <strong>Chomer<\/strong>.&nbsp;<\/p>\n\n\n\n<p>La pieza seleccionada deber\u00e1 complementar el dise\u00f1o de la torre residencial de Grupo Chomer, que cuenta con 45 residencias de hasta 9 ambientes y un enfoque arquitect\u00f3nico innovador. El edificio Selene destaca por su movimiento exterior y su capacidad para ofrecer im\u00e1genes diversas en todo su per\u00edmetro. <strong><em>\u00abA primera vista, la torre impresiona con sus l\u00edneas horizontales curvas que establecen un fascinante di\u00e1logo con el agua. Estas formas din\u00e1micas se entrelazan armoniosamente con la estructura compuesta por hormig\u00f3n armado, vidrio y aluminio\u201d<\/em><\/strong>, explica el arquitecto, <strong>Dami\u00e1n Vins\u00f3n <\/strong>del estudio MSGSSV.&nbsp;<\/p>\n\n\n\n<p><strong><em>Los interesados deber\u00e1n ingresar al <\/em><\/strong><a href=\"https:\/\/docs.google.com\/forms\/d\/1Cc06LrHlMQfRp7WB8Eyfo2PiaJwXm4USmajoa8E9L4M\/edit\"><strong><em>formulario<\/em><\/strong><\/a><strong><em> en la\u00a0 <\/em><\/strong><a href=\"http:\/\/www.somosmeridiano.com.ar\/premio-grupo-chomer\"><strong><em>web de Meridiano<\/em><\/strong><\/a><strong><em>, donde encontrar\u00e1n las bases y condiciones del Premio y acceder\u00e1n a toda la documentaci\u00f3n necesaria para iniciar el proceso de inscripci\u00f3n. Los proyectos podr\u00e1n ser presentados hasta el 30 de junio de 2023 inclusive.<\/em><\/strong><\/p>\n<!-- AddThis Advanced Settings generic via filter on the_content --><!-- AddThis Share Buttons generic via filter on the_content -->","protected":false},"excerpt":{"rendered":"<p>El Premio Grupo Chomer permitir\u00e1 a un artista nacional exhibir su obra de manera permanente en la v\u00eda p\u00fablica Es habitual caminar por las principales ciudades del mundo y encontrar esquinas llenas de color que forman parte del paisaje cotidiano y hasta lo transforman y resignifican. Estas manifestaciones art\u00edsticas, que van desde grafitis hasta instalaciones [&hellip;]<!-- AddThis Advanced Settings generic via filter on get_the_excerpt --><!-- AddThis Share Buttons generic via filter on get_the_excerpt --><\/p>\n","protected":false},"author":6,"featured_media":67919,"comment_status":"closed","ping_status":"open","sticky":false,"template":"","format":"standard","meta":{"_acf_changed":false,"om_disable_all_campaigns":false,"_monsterinsights_skip_tracking":false,"_monsterinsights_sitenote_active":false,"_monsterinsights_sitenote_note":"","_monsterinsights_sitenote_category":0,"_uf_show_specific_survey":0,"_uf_disable_surveys":false,"footnotes":""},"categories":[100],"tags":[],"class_list":["post-67916","post","type-post","status-publish","format-standard","has-post-thumbnail","hentry","category-noticias"],"acf":[],"aioseo_notices":[],"_links":{"self":[{"href":"https:\/\/www.lasrosas.com.ar\/portal\/wp-json\/wp\/v2\/posts\/67916","targetHints":{"allow":["GET"]}}],"collection":[{"href":"https:\/\/www.lasrosas.com.ar\/portal\/wp-json\/wp\/v2\/posts"}],"about":[{"href":"https:\/\/www.lasrosas.com.ar\/portal\/wp-json\/wp\/v2\/types\/post"}],"author":[{"embeddable":true,"href":"https:\/\/www.lasrosas.com.ar\/portal\/wp-json\/wp\/v2\/users\/6"}],"replies":[{"embeddable":true,"href":"https:\/\/www.lasrosas.com.ar\/portal\/wp-json\/wp\/v2\/comments?post=67916"}],"version-history":[{"count":0,"href":"https:\/\/www.lasrosas.com.ar\/portal\/wp-json\/wp\/v2\/posts\/67916\/revisions"}],"wp:featuredmedia":[{"embeddable":true,"href":"https:\/\/www.lasrosas.com.ar\/portal\/wp-json\/wp\/v2\/media\/67919"}],"wp:attachment":[{"href":"https:\/\/www.lasrosas.com.ar\/portal\/wp-json\/wp\/v2\/media?parent=67916"}],"wp:term":[{"taxonomy":"category","embeddable":true,"href":"https:\/\/www.lasrosas.com.ar\/portal\/wp-json\/wp\/v2\/categories?post=67916"},{"taxonomy":"post_tag","embeddable":true,"href":"https:\/\/www.lasrosas.com.ar\/portal\/wp-json\/wp\/v2\/tags?post=67916"}],"curies":[{"name":"wp","href":"https:\/\/api.w.org\/{rel}","templated":true}]}}