{"id":67802,"date":"2023-06-21T16:08:08","date_gmt":"2023-06-21T19:08:08","guid":{"rendered":"https:\/\/www.lasrosas.com.ar\/portal\/?p=67802"},"modified":"2023-06-21T16:08:11","modified_gmt":"2023-06-21T19:08:11","slug":"los-mejores-eventos-en-vivo-continuan-en-tnt-con-la-transmision-del-concierto-power-our-planet-live-in-paris","status":"publish","type":"post","link":"https:\/\/www.lasrosas.com.ar\/portal\/los-mejores-eventos-en-vivo-continuan-en-tnt-con-la-transmision-del-concierto-power-our-planet-live-in-paris\/","title":{"rendered":"LOS MEJORES EVENTOS EN VIVO CONTIN\u00daAN EN TNT CON LA TRANSMISI\u00d3N DEL CONCIERTO \u00abPOWER OUR PLANET: LIVE IN PARIS\u00bb"},"content":{"rendered":"\n<p><em>Los artistas Lenny Kravitz, Billie Eilish, H.E.R y Jon Batiste, junto a los invitados especiales Ben Harper, Finneas y Mosimann, ser\u00e1n parte del concierto global que busca generar compromisos ante la crisis por el cambio clim\u00e1tico. El show se transmitir\u00e1 en vivo por\u00a0<\/em><strong>TNT<\/strong><em>\u00a0desde el Campo de Marte de Par\u00eds,\u00a0<\/em><strong><em>el 22 de junio a las 16:00 hs.<\/em><\/strong><\/p>\n\n\n\n<p><strong>Miami, Fl. \u2013 21 de Junio de 2023 &#8211;<\/strong>\u00a0<strong>TNT<\/strong>\u00a0contin\u00faa siendo el hogar de los mejores eventos en vivo del mundo con la transmisi\u00f3n del concierto\u00a0<strong>POWER OUR PLANET: LIVE IN PARIS\u00a0<\/strong>el pr\u00f3ximo<strong>\u00a0jueves 22 de junio a las 16:00 hs<\/strong>.\u00a0 Se trata de un concierto organizado por la organizaci\u00f3n Global Citizen con el objetivo de generar compromisos de los l\u00edderes mundiales y el sector privado para enfrentar la crisis por el cambio clim\u00e1tico, con las actuaciones especiales de varios de los artistas m\u00e1s reconocidos del mundo y la participaci\u00f3n de l\u00edderes y activistas. El evento tendr\u00e1 una duraci\u00f3n de tres horas y se llevar\u00e1 a cabo en el Campo de Marte de Par\u00eds, transmitido en vivo por\u00a0<strong>TNT<\/strong>.\u00a0\u00a0<\/p>\n\n\n\n<figure class=\"wp-block-gallery columns-2 is-cropped wp-block-gallery-1 is-layout-flex wp-block-gallery-is-layout-flex\"><ul class=\"blocks-gallery-grid\"><li class=\"blocks-gallery-item\"><figure><img decoding=\"async\" width=\"1288\" height=\"1920\" data-src=\"https:\/\/www.lasrosas.com.ar\/portal\/wp-content\/uploads\/FINNEAS_NYC2279_R-1288x1920.jpg\" alt=\"\" data-id=\"67803\" data-full-url=\"https:\/\/www.lasrosas.com.ar\/portal\/wp-content\/uploads\/FINNEAS_NYC2279_R-scaled.jpg\" data-link=\"https:\/\/www.lasrosas.com.ar\/portal\/?attachment_id=67803\" class=\"wp-image-67803 lazyload\" data-srcset=\"https:\/\/www.lasrosas.com.ar\/portal\/wp-content\/uploads\/\/FINNEAS_NYC2279_R-1288x1920.jpg 1288w, https:\/\/www.lasrosas.com.ar\/portal\/wp-content\/uploads\/\/FINNEAS_NYC2279_R-644x960.jpg 644w, https:\/\/www.lasrosas.com.ar\/portal\/wp-content\/uploads\/\/FINNEAS_NYC2279_R-1030x1536.jpg 1030w, https:\/\/www.lasrosas.com.ar\/portal\/wp-content\/uploads\/\/FINNEAS_NYC2279_R-scaled.jpg 1374w\" data-sizes=\"(max-width: 1288px) 100vw, 1288px\" src=\"data:image\/svg+xml;base64,PHN2ZyB3aWR0aD0iMSIgaGVpZ2h0PSIxIiB4bWxucz0iaHR0cDovL3d3dy53My5vcmcvMjAwMC9zdmciPjwvc3ZnPg==\" style=\"--smush-placeholder-width: 1288px; --smush-placeholder-aspect-ratio: 1288\/1920;\" \/><\/figure><\/li><li class=\"blocks-gallery-item\"><figure><img decoding=\"async\" width=\"1406\" height=\"1920\" data-src=\"https:\/\/www.lasrosas.com.ar\/portal\/wp-content\/uploads\/HER_0290_RGB_os1-1406x1920.jpg\" alt=\"\" data-id=\"67804\" data-full-url=\"https:\/\/www.lasrosas.com.ar\/portal\/wp-content\/uploads\/HER_0290_RGB_os1-scaled.jpg\" data-link=\"https:\/\/www.lasrosas.com.ar\/portal\/?attachment_id=67804\" class=\"wp-image-67804 lazyload\" data-srcset=\"https:\/\/www.lasrosas.com.ar\/portal\/wp-content\/uploads\/HER_0290_RGB_os1-1406x1920.jpg 1406w, https:\/\/www.lasrosas.com.ar\/portal\/wp-content\/uploads\/HER_0290_RGB_os1-703x960.jpg 703w, https:\/\/www.lasrosas.com.ar\/portal\/wp-content\/uploads\/HER_0290_RGB_os1-1125x1536.jpg 1125w, https:\/\/www.lasrosas.com.ar\/portal\/wp-content\/uploads\/HER_0290_RGB_os1-scaled.jpg 1500w\" data-sizes=\"(max-width: 1406px) 100vw, 1406px\" src=\"data:image\/svg+xml;base64,PHN2ZyB3aWR0aD0iMSIgaGVpZ2h0PSIxIiB4bWxucz0iaHR0cDovL3d3dy53My5vcmcvMjAwMC9zdmciPjwvc3ZnPg==\" style=\"--smush-placeholder-width: 1406px; --smush-placeholder-aspect-ratio: 1406\/1920;\" \/><\/figure><\/li><\/ul><\/figure>\n\n\n\n<p><strong>POWER OUR PLANET: LIVE IN PARIS<\/strong>\u00a0reunir\u00e1 en escena a algunos de los m\u00fasicos m\u00e1s reconocidos a nivel mundial como Lenny Kravitz, Billie Eilish, H.E.R y Jon Batiste, junto a invitados especiales como Ben Harper, Finneas y Mosimann. Tambi\u00e9n contar\u00e1 con la participaci\u00f3n de artistas internacionales como el actor brit\u00e1nico\u00a0John Boyega, la actriz norteamericana Connie Britton, la actriz y modelo canadiense Sabrina Dhowre Elba,\u00a0el escritor y director franc\u00e9s Cyril Dion, la actriz norteamericana Danai Gurira, la actriz alemana Diane Kruger, la actriz, directora y escritora senegalesa A\u00efssa Ma\u00efga, el actor norteamericano Norman Reedus, y la actriz malasia Michelle Yeoh.\u00a0Del encuentro tambi\u00e9n participar\u00e1n algunos de los j\u00f3venes activistas ambientalistas m\u00e1s destacados como Xiye Bastida, Camille Etienne, Jerome Foster, Brianna Fruean, Helena Gualinga y Mitzi Jonelle Tan, junto a\u00a0l\u00edderes de diversas partes del mundo y 20 mil ciudadanos globales, todos ellos alzando su voz y comprometidos con la acci\u00f3n urgente que se necesita en la mayor\u00eda de los pa\u00edses del planeta, particularmente en aquellos m\u00e1s vulnerables.\u00a0<\/p>\n\n\n\n<p>Bajo el liderazgo del Presidente de Francia Emmanuel Macron,\u00a0<strong>POWER OUR PLANET: LIVE IN PARIS<\/strong>\u00a0ser\u00e1 el punto de encuentro para los l\u00edderes mundiales que asisten a la Cumbre del Nuevo Pacto Financiero Global, con el objetivo de construir una econom\u00eda ecol\u00f3gica en todo el mundo, sin dejar a nadie afuera, reuniendo compromisos para poner fin a la pobreza extrema y abordar el cambio clim\u00e1tico.<\/p>\n\n\n\n<figure class=\"wp-block-gallery columns-2 is-cropped wp-block-gallery-2 is-layout-flex wp-block-gallery-is-layout-flex\"><ul class=\"blocks-gallery-grid\"><li class=\"blocks-gallery-item\"><figure><img decoding=\"async\" width=\"1280\" height=\"1920\" data-src=\"https:\/\/www.lasrosas.com.ar\/portal\/wp-content\/uploads\/Jon-Batiste-1280x1920.jpg\" alt=\"\" data-id=\"67805\" data-full-url=\"https:\/\/www.lasrosas.com.ar\/portal\/wp-content\/uploads\/Jon-Batiste-scaled.jpg\" data-link=\"https:\/\/www.lasrosas.com.ar\/portal\/?attachment_id=67805\" class=\"wp-image-67805 lazyload\" data-srcset=\"https:\/\/www.lasrosas.com.ar\/portal\/wp-content\/uploads\/\/Jon-Batiste-1280x1920.jpg 1280w, https:\/\/www.lasrosas.com.ar\/portal\/wp-content\/uploads\/\/Jon-Batiste-640x960.jpg 640w, https:\/\/www.lasrosas.com.ar\/portal\/wp-content\/uploads\/\/Jon-Batiste-1024x1536.jpg 1024w, https:\/\/www.lasrosas.com.ar\/portal\/wp-content\/uploads\/\/Jon-Batiste-scaled.jpg 1365w\" data-sizes=\"(max-width: 1280px) 100vw, 1280px\" src=\"data:image\/svg+xml;base64,PHN2ZyB3aWR0aD0iMSIgaGVpZ2h0PSIxIiB4bWxucz0iaHR0cDovL3d3dy53My5vcmcvMjAwMC9zdmciPjwvc3ZnPg==\" style=\"--smush-placeholder-width: 1280px; --smush-placeholder-aspect-ratio: 1280\/1920;\" \/><\/figure><\/li><li class=\"blocks-gallery-item\"><figure><img decoding=\"async\" width=\"1920\" height=\"1280\" data-src=\"https:\/\/www.lasrosas.com.ar\/portal\/wp-content\/uploads\/MOSIMANN--1920x1280.png\" alt=\"\" data-id=\"67807\" data-full-url=\"https:\/\/www.lasrosas.com.ar\/portal\/wp-content\/uploads\/MOSIMANN--scaled.png\" data-link=\"https:\/\/www.lasrosas.com.ar\/portal\/?attachment_id=67807\" class=\"wp-image-67807 lazyload\" data-srcset=\"https:\/\/www.lasrosas.com.ar\/portal\/wp-content\/uploads\/MOSIMANN--1920x1280.png 1920w, https:\/\/www.lasrosas.com.ar\/portal\/wp-content\/uploads\/MOSIMANN--960x640.png 960w, https:\/\/www.lasrosas.com.ar\/portal\/wp-content\/uploads\/MOSIMANN--1536x1024.png 1536w, https:\/\/www.lasrosas.com.ar\/portal\/wp-content\/uploads\/MOSIMANN--scaled.png 2048w\" data-sizes=\"(max-width: 1920px) 100vw, 1920px\" src=\"data:image\/svg+xml;base64,PHN2ZyB3aWR0aD0iMSIgaGVpZ2h0PSIxIiB4bWxucz0iaHR0cDovL3d3dy53My5vcmcvMjAwMC9zdmciPjwvc3ZnPg==\" style=\"--smush-placeholder-width: 1920px; --smush-placeholder-aspect-ratio: 1920\/1280;\" \/><\/figure><\/li><\/ul><\/figure>\n\n\n\n<p>Global Citizen, organizadora de\u00a0<strong>POWER OUR PLANET: LIVE IN PARIS,<\/strong>\u00a0es una organizaci\u00f3n internacional comprometida con la eliminaci\u00f3n de la pobreza extrema y la protecci\u00f3n del medio ambiente. Impulsada por una comunidad mundial de activistas cotidianos que alzan sus voces y pasan a la acci\u00f3n, el movimiento se amplifica mediante campa\u00f1as y eventos que re\u00fanen a l\u00edderes de la m\u00fasica, el entretenimiento, las pol\u00edticas p\u00fablicas, los medios de comunicaci\u00f3n, la filantrop\u00eda y el sector empresarial. Con una trayectoria que incluye otros eventos emblem\u00e1ticos como\u00a0<em>One World Together at Home\u00a0<\/em>y el\u00a0<em>Global Citizen Festival\u00a0<\/em>en Nueva York, Mumbai, Ghana y Johannesburgo durante los \u00faltimos 11 a\u00f1os, as\u00ed como el programa\u00a0<em>Global Citizen En Vivo,<\/em>\u00a0 que se desarroll\u00f3 en 7 continentes, 12 pa\u00edses y 15 ciudades durante 24 horas, el 22 de junio Global Citizen presentar\u00e1\u00a0<strong>POWER OUR PLANET: LIVE IN PARIS.<\/strong><\/p>\n\n\n\n<p><strong>No te pierdas la transmisi\u00f3n en vivo del evento POWER OUR PLANET: LIVE IN PARIS el jueves 22 de junio por TNT.&nbsp;<\/strong><\/p>\n<!-- AddThis Advanced Settings generic via filter on the_content --><!-- AddThis Share Buttons generic via filter on the_content -->","protected":false},"excerpt":{"rendered":"<p>Los artistas Lenny Kravitz, Billie Eilish, H.E.R y Jon Batiste, junto a los invitados especiales Ben Harper, Finneas y Mosimann, ser\u00e1n parte del concierto global que busca generar compromisos ante la crisis por el cambio clim\u00e1tico. El show se transmitir\u00e1 en vivo por\u00a0TNT\u00a0desde el Campo de Marte de Par\u00eds,\u00a0el 22 de junio a las 16:00 [&hellip;]<!-- AddThis Advanced Settings generic via filter on get_the_excerpt --><!-- AddThis Share Buttons generic via filter on get_the_excerpt --><\/p>\n","protected":false},"author":6,"featured_media":67806,"comment_status":"closed","ping_status":"open","sticky":false,"template":"","format":"standard","meta":{"_acf_changed":false,"om_disable_all_campaigns":false,"_monsterinsights_skip_tracking":false,"_monsterinsights_sitenote_active":false,"_monsterinsights_sitenote_note":"","_monsterinsights_sitenote_category":0,"_uf_show_specific_survey":0,"_uf_disable_surveys":false,"footnotes":""},"categories":[100],"tags":[],"class_list":["post-67802","post","type-post","status-publish","format-standard","has-post-thumbnail","hentry","category-noticias"],"acf":[],"aioseo_notices":[],"_links":{"self":[{"href":"https:\/\/www.lasrosas.com.ar\/portal\/wp-json\/wp\/v2\/posts\/67802","targetHints":{"allow":["GET"]}}],"collection":[{"href":"https:\/\/www.lasrosas.com.ar\/portal\/wp-json\/wp\/v2\/posts"}],"about":[{"href":"https:\/\/www.lasrosas.com.ar\/portal\/wp-json\/wp\/v2\/types\/post"}],"author":[{"embeddable":true,"href":"https:\/\/www.lasrosas.com.ar\/portal\/wp-json\/wp\/v2\/users\/6"}],"replies":[{"embeddable":true,"href":"https:\/\/www.lasrosas.com.ar\/portal\/wp-json\/wp\/v2\/comments?post=67802"}],"version-history":[{"count":0,"href":"https:\/\/www.lasrosas.com.ar\/portal\/wp-json\/wp\/v2\/posts\/67802\/revisions"}],"wp:featuredmedia":[{"embeddable":true,"href":"https:\/\/www.lasrosas.com.ar\/portal\/wp-json\/wp\/v2\/media\/67806"}],"wp:attachment":[{"href":"https:\/\/www.lasrosas.com.ar\/portal\/wp-json\/wp\/v2\/media?parent=67802"}],"wp:term":[{"taxonomy":"category","embeddable":true,"href":"https:\/\/www.lasrosas.com.ar\/portal\/wp-json\/wp\/v2\/categories?post=67802"},{"taxonomy":"post_tag","embeddable":true,"href":"https:\/\/www.lasrosas.com.ar\/portal\/wp-json\/wp\/v2\/tags?post=67802"}],"curies":[{"name":"wp","href":"https:\/\/api.w.org\/{rel}","templated":true}]}}