{"id":67790,"date":"2023-06-21T15:53:38","date_gmt":"2023-06-21T18:53:38","guid":{"rendered":"https:\/\/www.lasrosas.com.ar\/portal\/?p=67790"},"modified":"2023-06-21T15:53:41","modified_gmt":"2023-06-21T18:53:41","slug":"david-bisbal-sorprende-con-una-bachata-en-el-lanzamiento-de-ay-ay-ay-su-nuevo-single","status":"publish","type":"post","link":"https:\/\/www.lasrosas.com.ar\/portal\/david-bisbal-sorprende-con-una-bachata-en-el-lanzamiento-de-ay-ay-ay-su-nuevo-single\/","title":{"rendered":"DAVID BISBAL SORPRENDE CON UNA BACHATA EN EL LANZAMIENTO DE \u00abAY AY AY\u00bb, SU NUEVO SINGLE"},"content":{"rendered":"\n<p><strong>EL ARTISTA ESPA\u00d1OL ESTAR\u00c1 CELEBRANDO SUS 20 A\u00d1OS DE TRAYECTORIA EN LA M\u00daSICA CON FECHAS EN EL MOVISTAR ARENA, EL 28 DE OCTUBRE, EN C\u00d3RDOBA, EL 29 DE NOVIEMBRE, Y MONTEVIDEO, EL 1 DE DICIEMBRE.<\/strong><\/p>\n\n\n\n<figure class=\"wp-block-table\"><table class=\"\"><tbody><tr><td>Antes de su regreso a Argentina, donde celebrar\u00e1 junto a sus leales fans locales los 20 a\u00f1os de trayectoria en la m\u00fasica,&nbsp;<strong>David Bisbal<\/strong>&nbsp;presenta&nbsp;<strong>\u00abAY AY AY\u00bb<\/strong>&nbsp;es una canci\u00f3n que fusiona la esencia caracter\u00edstica de la bachata con la energ\u00eda y frescura que solo David Bisbal puede brindar. El sencillo presenta una letra apasionada y pegadiza, que envuelve al oyente en una historia de amor llena de emociones intensas y desbordantes.<br><br>\u00abAY AY AY\u00bb es la primera vez en la que David incursiona en el g\u00e9nero un himno a la pasi\u00f3n y al deseo, con la distintiva voz de David Bisbal impregnando cada nota con su emotividad caracter\u00edstica. La canci\u00f3n es un llamado a entregarse completamente al amor, dejando que las emociones fluyan sin restricciones.<\/td><\/tr><\/tbody><\/table><\/figure>\n\n\n\n<iframe width=\"560\" height=\"315\" data-src=\"https:\/\/www.youtube.com\/embed\/rfb7Z78Mbqo\" title=\"YouTube video player\" frameborder=\"0\" allow=\"accelerometer; autoplay; clipboard-write; encrypted-media; gyroscope; picture-in-picture; web-share\" allowfullscreen src=\"data:image\/svg+xml;base64,PHN2ZyB3aWR0aD0iMSIgaGVpZ2h0PSIxIiB4bWxucz0iaHR0cDovL3d3dy53My5vcmcvMjAwMC9zdmciPjwvc3ZnPg==\" class=\"lazyload\" data-load-mode=\"1\"><\/iframe>\n\n\n\n<p>El cantante espa\u00f1ol llegar\u00e1 a nuestro pa\u00eds para desembarcar en el\u00a0<strong>Movistar Arena, el 28 de noviembre<\/strong>, con entradas ya a la venta en\u00a0<a rel=\"noreferrer noopener\" href=\"https:\/\/lt.mydplr.com\/5bdcb3fa2740db305f19b1ee1ddc846f-16d6b84fabe730cfeb89d9763b4824b1\" target=\"_blank\">Movistar Arena<\/a>. Su segunda parada ser\u00e1 la ciudad de\u00a0<strong>C\u00f3rdoba, el 29 de noviembre en la Plaza de M\u00fasica<\/strong>, y su \u00faltimo show en nuestro continente ser\u00e1 el\u00a0<strong>1 de diciembre en la ciudad de Montevideo en el Antel Arena.<\/strong><\/p>\n\n\n\n<figure class=\"wp-block-image size-large\"><img decoding=\"async\" width=\"1080\" height=\"1350\" data-src=\"https:\/\/www.lasrosas.com.ar\/portal\/wp-content\/uploads\/unnamed-25.png\" alt=\"\" class=\"wp-image-67791 lazyload\" data-srcset=\"https:\/\/www.lasrosas.com.ar\/portal\/wp-content\/uploads\/\/unnamed-25.png 1080w, https:\/\/www.lasrosas.com.ar\/portal\/wp-content\/uploads\/\/unnamed-25-768x960.png 768w\" data-sizes=\"(max-width: 1080px) 100vw, 1080px\" src=\"data:image\/svg+xml;base64,PHN2ZyB3aWR0aD0iMSIgaGVpZ2h0PSIxIiB4bWxucz0iaHR0cDovL3d3dy53My5vcmcvMjAwMC9zdmciPjwvc3ZnPg==\" style=\"--smush-placeholder-width: 1080px; --smush-placeholder-aspect-ratio: 1080\/1350;\" \/><\/figure>\n\n\n\n<figure class=\"wp-block-table\"><table class=\"\"><tbody><tr><td><strong>TICKETS OFICIALES \u00daNICAMENTE<\/strong><strong>EN&nbsp;<a href=\"https:\/\/lt.mydplr.com\/bef5864f9180a409eb64d69fc1561333-16d6b84fabe730cfeb89d9763b4824b1\" target=\"_blank\" rel=\"noreferrer noopener\">MOVISTAR ARENA<\/a><\/strong><\/td><\/tr><\/tbody><\/table><\/figure>\n<!-- AddThis Advanced Settings generic via filter on the_content --><!-- AddThis Share Buttons generic via filter on the_content -->","protected":false},"excerpt":{"rendered":"<p>EL ARTISTA ESPA\u00d1OL ESTAR\u00c1 CELEBRANDO SUS 20 A\u00d1OS DE TRAYECTORIA EN LA M\u00daSICA CON FECHAS EN EL MOVISTAR ARENA, EL 28 DE OCTUBRE, EN C\u00d3RDOBA, EL 29 DE NOVIEMBRE, Y MONTEVIDEO, EL 1 DE DICIEMBRE. Antes de su regreso a Argentina, donde celebrar\u00e1 junto a sus leales fans locales los 20 a\u00f1os de trayectoria en [&hellip;]<!-- AddThis Advanced Settings generic via filter on get_the_excerpt --><!-- AddThis Share Buttons generic via filter on get_the_excerpt --><\/p>\n","protected":false},"author":6,"featured_media":67792,"comment_status":"closed","ping_status":"open","sticky":false,"template":"","format":"standard","meta":{"_acf_changed":false,"om_disable_all_campaigns":false,"_monsterinsights_skip_tracking":false,"_monsterinsights_sitenote_active":false,"_monsterinsights_sitenote_note":"","_monsterinsights_sitenote_category":0,"_uf_show_specific_survey":0,"_uf_disable_surveys":false,"footnotes":""},"categories":[100],"tags":[],"class_list":["post-67790","post","type-post","status-publish","format-standard","has-post-thumbnail","hentry","category-noticias"],"acf":[],"aioseo_notices":[],"_links":{"self":[{"href":"https:\/\/www.lasrosas.com.ar\/portal\/wp-json\/wp\/v2\/posts\/67790","targetHints":{"allow":["GET"]}}],"collection":[{"href":"https:\/\/www.lasrosas.com.ar\/portal\/wp-json\/wp\/v2\/posts"}],"about":[{"href":"https:\/\/www.lasrosas.com.ar\/portal\/wp-json\/wp\/v2\/types\/post"}],"author":[{"embeddable":true,"href":"https:\/\/www.lasrosas.com.ar\/portal\/wp-json\/wp\/v2\/users\/6"}],"replies":[{"embeddable":true,"href":"https:\/\/www.lasrosas.com.ar\/portal\/wp-json\/wp\/v2\/comments?post=67790"}],"version-history":[{"count":0,"href":"https:\/\/www.lasrosas.com.ar\/portal\/wp-json\/wp\/v2\/posts\/67790\/revisions"}],"wp:featuredmedia":[{"embeddable":true,"href":"https:\/\/www.lasrosas.com.ar\/portal\/wp-json\/wp\/v2\/media\/67792"}],"wp:attachment":[{"href":"https:\/\/www.lasrosas.com.ar\/portal\/wp-json\/wp\/v2\/media?parent=67790"}],"wp:term":[{"taxonomy":"category","embeddable":true,"href":"https:\/\/www.lasrosas.com.ar\/portal\/wp-json\/wp\/v2\/categories?post=67790"},{"taxonomy":"post_tag","embeddable":true,"href":"https:\/\/www.lasrosas.com.ar\/portal\/wp-json\/wp\/v2\/tags?post=67790"}],"curies":[{"name":"wp","href":"https:\/\/api.w.org\/{rel}","templated":true}]}}