{"id":67764,"date":"2023-06-18T08:14:00","date_gmt":"2023-06-18T11:14:00","guid":{"rendered":"https:\/\/www.lasrosas.com.ar\/portal\/?p=67764"},"modified":"2023-06-21T08:21:46","modified_gmt":"2023-06-21T11:21:46","slug":"juan-ingaramo-2","status":"publish","type":"post","link":"https:\/\/www.lasrosas.com.ar\/portal\/juan-ingaramo-2\/","title":{"rendered":"JUAN INGARAMO EN UNA EDICI\u00d3N ESPECIAL DEL DIA DEL PADRE"},"content":{"rendered":"\n<p>Juan Ingaramo, un cordob\u00e9s nacido en el barrio San Vicente. Cantautor, productor, multi instrumentista y unos de los m\u00e1ximos exponentes de la nueva escena.<\/p>\n\n\n\n<p>Entrenado para la composici\u00f3n popular, y con su gusto por el cuarteto, el rock y el pop, Juan se abre y nos cuenta todo sobre su \u00faltimo sencillo, su pr\u00f3xima gira y su vida de actor.<br><br>En esta edici\u00f3n especial por el D\u00eda del padre, elegimos a Juan, un pap\u00e1 j\u00f3ven y primerizo que adem\u00e1s de su talento art\u00edstico encuentra inspiraci\u00f3n en su experiencia como padre, lo cual se refleja en sus letras y melod\u00edas. A trav\u00e9s de su m\u00fasica, comparte reflexiones y emociones, creando canciones llenas de amor y dedicaci\u00f3n a su familia.<\/p>\n\n\n\n<figure class=\"wp-block-image size-large\"><img decoding=\"async\" width=\"1920\" height=\"1280\" data-src=\"https:\/\/www.lasrosas.com.ar\/portal\/wp-content\/uploads\/IMG_0556e-1920x1280.jpg\" alt=\"\" class=\"wp-image-67765 lazyload\" data-srcset=\"https:\/\/www.lasrosas.com.ar\/portal\/wp-content\/uploads\/\/IMG_0556e-1920x1280.jpg 1920w, https:\/\/www.lasrosas.com.ar\/portal\/wp-content\/uploads\/\/IMG_0556e-960x640.jpg 960w, https:\/\/www.lasrosas.com.ar\/portal\/wp-content\/uploads\/\/IMG_0556e-1536x1024.jpg 1536w, https:\/\/www.lasrosas.com.ar\/portal\/wp-content\/uploads\/\/IMG_0556e-scaled.jpg 2048w\" data-sizes=\"(max-width: 1920px) 100vw, 1920px\" src=\"data:image\/svg+xml;base64,PHN2ZyB3aWR0aD0iMSIgaGVpZ2h0PSIxIiB4bWxucz0iaHR0cDovL3d3dy53My5vcmcvMjAwMC9zdmciPjwvc3ZnPg==\" style=\"--smush-placeholder-width: 1920px; --smush-placeholder-aspect-ratio: 1920\/1280;\" \/><\/figure>\n\n\n\n<p><strong>Bueno, pr\u00f3xima tapa de la revista, Las Rosas as\u00ed que quer\u00edamos charlar con vos un poquito, est\u00e1s en un presente incre\u00edble \u00bfque est\u00e1s viviendo?<\/strong><\/p>\n\n\n\n<p>Estamos bien, estamos contento por suerte disfrutando el presente de todo esto que a veces es lo m\u00e1s dif\u00edcil, porque siempre uno quiere mas o est\u00e1 ah\u00ed en la rosca, pero la verdad aprendiendo y disfrutando<\/p>\n\n\n\n<p><strong>Es muy f\u00e1cil hablar de lo que uno pas\u00f3, de lo que uno hizo, pero vamos al presente. Me parece que est\u00e1s disfrutando tu presente a palo, incluso estrenando una canci\u00f3n nueva que ya es un hitazo, contame c\u00f3mo estuvo eso?&nbsp;<\/strong><\/p>\n\n\n\n<p>S\u00ed, tal cual eso, pero creo que tambi\u00e9n con lo que uno ha pasado es que analiza su presente, porque es parte de la historia y es lo que nos hace.<\/p>\n\n\n\n<p><strong>\u00bfY est\u00e1s c\u00f3mo quer\u00edas? \u00bfC\u00f3mo imaginaste? o Eso no nunca te lo hubieras imaginado? La vida te trajo ac\u00e1 o lo decidiste hace mucho tiempo?<\/strong><\/p>\n\n\n\n<p>No, siempre lo so\u00f1\u00e9, te soy sincero, o sea siempre quise esto, es muy loco. Despu\u00e9s si la vida son decisiones todo el tiempo. <br>A ver espec\u00edficamente en lo art\u00edstico, en lo musical tom\u00e9 millones de decisiones y creo que siempre fue bastante org\u00e1nico todo, c\u00f3mo que lo que quer\u00eda hacer se iba dando, no es que yo dec\u00eda bueno, me voy a dedicar a la m\u00fasica, voy a ser solista, no. Esas cosas se fueron dando porque las ten\u00eda adentro.<\/p>\n\n\n\n<figure class=\"wp-block-gallery columns-3 is-cropped wp-block-gallery-1 is-layout-flex wp-block-gallery-is-layout-flex\"><ul class=\"blocks-gallery-grid\"><li class=\"blocks-gallery-item\"><figure><img decoding=\"async\" width=\"1280\" height=\"1920\" data-src=\"https:\/\/www.lasrosas.com.ar\/portal\/wp-content\/uploads\/IMG_0506e-1-1280x1920.jpg\" alt=\"\" data-id=\"67766\" data-full-url=\"https:\/\/www.lasrosas.com.ar\/portal\/wp-content\/uploads\/IMG_0506e-1-scaled.jpg\" data-link=\"https:\/\/www.lasrosas.com.ar\/portal\/?attachment_id=67766\" class=\"wp-image-67766 lazyload\" data-srcset=\"https:\/\/www.lasrosas.com.ar\/portal\/wp-content\/uploads\/\/IMG_0506e-1-1280x1920.jpg 1280w, https:\/\/www.lasrosas.com.ar\/portal\/wp-content\/uploads\/\/IMG_0506e-1-640x960.jpg 640w, https:\/\/www.lasrosas.com.ar\/portal\/wp-content\/uploads\/\/IMG_0506e-1-1024x1536.jpg 1024w, https:\/\/www.lasrosas.com.ar\/portal\/wp-content\/uploads\/\/IMG_0506e-1-scaled.jpg 1365w\" data-sizes=\"(max-width: 1280px) 100vw, 1280px\" src=\"data:image\/svg+xml;base64,PHN2ZyB3aWR0aD0iMSIgaGVpZ2h0PSIxIiB4bWxucz0iaHR0cDovL3d3dy53My5vcmcvMjAwMC9zdmciPjwvc3ZnPg==\" style=\"--smush-placeholder-width: 1280px; --smush-placeholder-aspect-ratio: 1280\/1920;\" \/><\/figure><\/li><li class=\"blocks-gallery-item\"><figure><img decoding=\"async\" width=\"1280\" height=\"1920\" data-src=\"https:\/\/www.lasrosas.com.ar\/portal\/wp-content\/uploads\/IMG_0497e-1280x1920.jpg\" alt=\"\" data-id=\"67767\" data-full-url=\"https:\/\/www.lasrosas.com.ar\/portal\/wp-content\/uploads\/IMG_0497e-scaled.jpg\" data-link=\"https:\/\/www.lasrosas.com.ar\/portal\/?attachment_id=67767\" class=\"wp-image-67767 lazyload\" data-srcset=\"https:\/\/www.lasrosas.com.ar\/portal\/wp-content\/uploads\/\/IMG_0497e-1280x1920.jpg 1280w, https:\/\/www.lasrosas.com.ar\/portal\/wp-content\/uploads\/\/IMG_0497e-640x960.jpg 640w, https:\/\/www.lasrosas.com.ar\/portal\/wp-content\/uploads\/\/IMG_0497e-1024x1536.jpg 1024w, https:\/\/www.lasrosas.com.ar\/portal\/wp-content\/uploads\/\/IMG_0497e-scaled.jpg 1365w\" data-sizes=\"(max-width: 1280px) 100vw, 1280px\" src=\"data:image\/svg+xml;base64,PHN2ZyB3aWR0aD0iMSIgaGVpZ2h0PSIxIiB4bWxucz0iaHR0cDovL3d3dy53My5vcmcvMjAwMC9zdmciPjwvc3ZnPg==\" style=\"--smush-placeholder-width: 1280px; --smush-placeholder-aspect-ratio: 1280\/1920;\" \/><\/figure><\/li><li class=\"blocks-gallery-item\"><figure><img decoding=\"async\" width=\"1280\" height=\"1920\" data-src=\"https:\/\/www.lasrosas.com.ar\/portal\/wp-content\/uploads\/IMG_0506e-1280x1920.jpg\" alt=\"\" data-id=\"67768\" data-full-url=\"https:\/\/www.lasrosas.com.ar\/portal\/wp-content\/uploads\/IMG_0506e-scaled.jpg\" data-link=\"https:\/\/www.lasrosas.com.ar\/portal\/?attachment_id=67768\" class=\"wp-image-67768 lazyload\" data-srcset=\"https:\/\/www.lasrosas.com.ar\/portal\/wp-content\/uploads\/\/IMG_0506e-1280x1920.jpg 1280w, https:\/\/www.lasrosas.com.ar\/portal\/wp-content\/uploads\/\/IMG_0506e-640x960.jpg 640w, https:\/\/www.lasrosas.com.ar\/portal\/wp-content\/uploads\/\/IMG_0506e-1024x1536.jpg 1024w, https:\/\/www.lasrosas.com.ar\/portal\/wp-content\/uploads\/\/IMG_0506e-scaled.jpg 1365w\" data-sizes=\"(max-width: 1280px) 100vw, 1280px\" src=\"data:image\/svg+xml;base64,PHN2ZyB3aWR0aD0iMSIgaGVpZ2h0PSIxIiB4bWxucz0iaHR0cDovL3d3dy53My5vcmcvMjAwMC9zdmciPjwvc3ZnPg==\" style=\"--smush-placeholder-width: 1280px; --smush-placeholder-aspect-ratio: 1280\/1920;\" \/><\/figure><\/li><\/ul><\/figure>\n\n\n\n<p><strong>Los g\u00e9neros qu\u00e9 haces, porque tambi\u00e9n te animas a jugar con todos y a todo lo mejoras, \u00bfa eso lo decidiste o llego en un momento y dejaste que la cosa fluya<\/strong><\/p>\n\n\n\n<p>Mira te dir\u00eda que es justamente no es que yo dije voy a agarrar a un referente cordob\u00e9s como Rodrigo y lo voy a adaptar, la verdad que no, fue todo por amor a la m\u00fasica. Probar de todo desde el juego y tampoco ten\u00eda tanta conciencia y ni me imaginaba que ese tema iba a ser un \u00abhit\u00bb. Es como todo bastante m\u00e1s inocente de lo que por ah\u00ed se cree y eso est\u00e1 bueno, porque significa que es m\u00e1s rom\u00e1ntico y no todo planeado para el \u00e9xito.<\/p>\n\n\n\n<p><strong>Est\u00e1s en una \u00e9poca en la que se hace m\u00fasica de otra forma antes se armaba un disco y se pensaba quiz\u00e1s en uno o dos a\u00f1os salga y hoy la m\u00fasica va fluyendo y sali\u00f3 un temita y sale y eso creo que relaja mucho m\u00e1s al artista<\/strong><\/p>\n\n\n\n<p>S\u00ed, mira yo como que soy medio tambi\u00e9n old school en un punto, entonces me gusta hacer un disco, con un concepto, con muchas canciones en el medio. Si hay singles o ideas que salen las saco, pero me gusta eso de armar una historia, un concepto, un disco, a m\u00ed me divierte m\u00e1s. Tambi\u00e9n porque me da m\u00e1s herramientas para la gira, para conectar con la gente y que esa gente se divierta me gusta mucho. C\u00f3mo tambi\u00e9n pensar la historia, no es tanto la canci\u00f3n si. <br>En los \u00faltimos Show en C\u00f3rdoba por ejemplo hay muchas familias vienen, abuelas con sus nietas, padres con sus hijos y yo tengo que contar una historia en el show.<\/p>\n\n\n\n<figure class=\"wp-block-gallery columns-3 is-cropped wp-block-gallery-2 is-layout-flex wp-block-gallery-is-layout-flex\"><ul class=\"blocks-gallery-grid\"><li class=\"blocks-gallery-item\"><figure><img decoding=\"async\" width=\"1920\" height=\"1411\" data-src=\"https:\/\/www.lasrosas.com.ar\/portal\/wp-content\/uploads\/IMG_0432e-1920x1411.jpg\" alt=\"\" data-id=\"67769\" data-full-url=\"https:\/\/www.lasrosas.com.ar\/portal\/wp-content\/uploads\/IMG_0432e-scaled.jpg\" data-link=\"https:\/\/www.lasrosas.com.ar\/portal\/?attachment_id=67769\" class=\"wp-image-67769 lazyload\" data-srcset=\"https:\/\/www.lasrosas.com.ar\/portal\/wp-content\/uploads\/IMG_0432e-1920x1411.jpg 1920w, https:\/\/www.lasrosas.com.ar\/portal\/wp-content\/uploads\/IMG_0432e-960x705.jpg 960w, https:\/\/www.lasrosas.com.ar\/portal\/wp-content\/uploads\/IMG_0432e-1536x1129.jpg 1536w, https:\/\/www.lasrosas.com.ar\/portal\/wp-content\/uploads\/IMG_0432e-scaled.jpg 2048w\" data-sizes=\"(max-width: 1920px) 100vw, 1920px\" src=\"data:image\/svg+xml;base64,PHN2ZyB3aWR0aD0iMSIgaGVpZ2h0PSIxIiB4bWxucz0iaHR0cDovL3d3dy53My5vcmcvMjAwMC9zdmciPjwvc3ZnPg==\" style=\"--smush-placeholder-width: 1920px; --smush-placeholder-aspect-ratio: 1920\/1411;\" \/><\/figure><\/li><li class=\"blocks-gallery-item\"><figure><img decoding=\"async\" width=\"1920\" height=\"1280\" data-src=\"https:\/\/www.lasrosas.com.ar\/portal\/wp-content\/uploads\/IMG_0472e-1920x1280.jpg\" alt=\"\" data-id=\"67770\" data-full-url=\"https:\/\/www.lasrosas.com.ar\/portal\/wp-content\/uploads\/IMG_0472e-scaled.jpg\" data-link=\"https:\/\/www.lasrosas.com.ar\/portal\/?attachment_id=67770\" class=\"wp-image-67770 lazyload\" data-srcset=\"https:\/\/www.lasrosas.com.ar\/portal\/wp-content\/uploads\/IMG_0472e-1920x1280.jpg 1920w, https:\/\/www.lasrosas.com.ar\/portal\/wp-content\/uploads\/IMG_0472e-960x640.jpg 960w, https:\/\/www.lasrosas.com.ar\/portal\/wp-content\/uploads\/IMG_0472e-1536x1024.jpg 1536w, https:\/\/www.lasrosas.com.ar\/portal\/wp-content\/uploads\/IMG_0472e-scaled.jpg 2048w\" data-sizes=\"(max-width: 1920px) 100vw, 1920px\" src=\"data:image\/svg+xml;base64,PHN2ZyB3aWR0aD0iMSIgaGVpZ2h0PSIxIiB4bWxucz0iaHR0cDovL3d3dy53My5vcmcvMjAwMC9zdmciPjwvc3ZnPg==\" style=\"--smush-placeholder-width: 1920px; --smush-placeholder-aspect-ratio: 1920\/1280;\" \/><\/figure><\/li><li class=\"blocks-gallery-item\"><figure><img decoding=\"async\" width=\"1920\" height=\"1280\" data-src=\"https:\/\/www.lasrosas.com.ar\/portal\/wp-content\/uploads\/IMG_0480e-1920x1280.jpg\" alt=\"\" data-id=\"67771\" data-full-url=\"https:\/\/www.lasrosas.com.ar\/portal\/wp-content\/uploads\/IMG_0480e-scaled.jpg\" data-link=\"https:\/\/www.lasrosas.com.ar\/portal\/?attachment_id=67771\" class=\"wp-image-67771 lazyload\" data-srcset=\"https:\/\/www.lasrosas.com.ar\/portal\/wp-content\/uploads\/\/IMG_0480e-1920x1280.jpg 1920w, https:\/\/www.lasrosas.com.ar\/portal\/wp-content\/uploads\/\/IMG_0480e-960x640.jpg 960w, https:\/\/www.lasrosas.com.ar\/portal\/wp-content\/uploads\/\/IMG_0480e-1536x1024.jpg 1536w, https:\/\/www.lasrosas.com.ar\/portal\/wp-content\/uploads\/\/IMG_0480e-scaled.jpg 2048w\" data-sizes=\"(max-width: 1920px) 100vw, 1920px\" src=\"data:image\/svg+xml;base64,PHN2ZyB3aWR0aD0iMSIgaGVpZ2h0PSIxIiB4bWxucz0iaHR0cDovL3d3dy53My5vcmcvMjAwMC9zdmciPjwvc3ZnPg==\" style=\"--smush-placeholder-width: 1920px; --smush-placeholder-aspect-ratio: 1920\/1280;\" \/><\/figure><\/li><\/ul><\/figure>\n\n\n\n<p><strong>-Y como vas con la parte actoral, porque te est\u00e1s animando, est\u00e1s fluyendo, pensas en alg\u00fan momento dedicarte a lo actoral?<\/strong><\/p>\n\n\n\n<p>Lo de la actuaci\u00f3n no lo hab\u00eda planeado, ni pensado. De hecho cuando me lo ofrecieron le dije que no, pero cuando apareci\u00f3 y vi que el personaje era bastante para m\u00ed o que ten\u00eda mucho que ver dije bueno, vamos a probar.<\/p>\n\n\n\n<p><strong>\u00bfY sali\u00f3 como esperabas?<\/strong><\/p>\n\n\n\n<p>Para m\u00ed est\u00e1 b\u00e1rbaro (risas) estoy rodeado de gente del palo y he tenido muy buenas devoluciones, de hecho me han ofrecido muchas cosas, ahora hay ofertas en pie, pero no tengo apuro y quiero ir tranquilito, lo m\u00edo es la m\u00fasica por ahora.<\/p>\n\n\n\n<p><strong>\u00bfPero costo o fluy\u00f3 as\u00ed como la m\u00fasica?<\/strong><\/p>\n\n\n\n<p>No de hecho ya est\u00e1 sucediendo, pero sali\u00f3, porque tampoco ten\u00eda expectativas ni un mandato de ser actor, entonces fui a divertirme, con respeto, adem\u00e1s era un elenco muy groso,<\/p>\n\n\n\n<p>Lo tom\u00e9 como un juego y esa fue la clave para pasarla bien, y no sufrirla porque sino si te pones neur\u00f3tico, fuiste. Imag\u00ednate una serie de mucha expectativa, de mucho presupuesto, el elenco era el mejor elenco del pa\u00eds estaban Mercedes Mor\u00e1n, Peretti, Furriel, Nancy Dupl\u00e1a y Peter, Maite, estaba todo el mundo. Entonces fue bueno que me haya podido divertir.<\/p>\n\n\n\n<p><strong>-Juan a que edad te fuiste de C\u00f3rdoba?<\/strong><\/p>\n\n\n\n<p>&nbsp;A los 20 a\u00f1os<\/p>\n\n\n\n<p><strong>-\u00bfQu\u00e9 es lo m\u00e1s dec\u00eds o tenes de C\u00f3rdoba?&nbsp;<\/strong><\/p>\n\n\n\n<p>Para mi tengo todo de C\u00f3rdoba, porque adem\u00e1s voy muy seguido, voy una o dos veces por mes, tengo mucha familia all\u00e1, muchos amigos, mucha gente querida, me gusta estar en C\u00f3rdoba.<\/p>\n\n\n\n<p>Y hacer m\u00fasica de C\u00f3rdoba no necesariamente es cuarteto, pero viste que uno hace la m\u00fasica de donde uno es, o as\u00ed es como m\u00e1s me gusta estar en contacto. Y no solo eso, me gusta estar en la ciudad y caminar<\/p>\n\n\n\n<p><strong>\u00bfY qu\u00e9 pas\u00f3 porque C\u00f3rdoba no abre ese abanico a otros estilos?<\/strong><\/p>\n\n\n\n<p>Yo no creo que sea as\u00ed la verdad, yo me fui por cosas m\u00e1s personales, porque yo quer\u00eda ir a buscar otra historia, ten\u00eda ganas de la aventura, y a lo mejor en C\u00f3rdoba ya era hijo de mi viejo, que es m\u00fasico y no quer\u00eda eso.<\/p>\n\n\n\n<p>De hecho creo que hay una gran posibilidad en C\u00f3rdoba y desde C\u00f3rdoba para hacer m\u00fasica. Pero bueno tambi\u00e9n depende de las maneras de hacerlo y no es solamente la m\u00fasica, ni el talento, eso es solo una parte y con suerte, pero cuesta toda la otra parte, y tambi\u00e9n creo que ahora gracias a las redes podes hacer cualquier cosa desde cualquier lado, cuando yo me vine a Buenos Aires no hab\u00eda ni facebook.<\/p>\n\n\n\n<p><strong>&#8211; Juan se viene la gira europea, \u00bfc\u00f3mo te vas preparando, con la familia? \u00bfC\u00f3mo va a ser eso? \u00bfCu\u00e1ntos d\u00edas te vas a ir? \u00bfPor d\u00f3nde vas a andar?<\/strong><\/p>\n\n\n\n<p>Tengo como dos giras una en Madrid y otra en Barcelona son 10 d\u00edas, desde que fui pap\u00e1 me cuesta bastante irme mucho tiempo, as\u00ed que la trato de exprimir al m\u00e1ximo<\/p>\n\n\n\n<p>Ahora estuve M\u00e9xico 11 d\u00edas y es duro, pero tambi\u00e9n es lo que amo y obviamente estar viaje por m\u00e1s que no est\u00e9s \u00abde viaje\u00bb lo disfruto, me inspira, me gusta estar en otros lugares, en otros pa\u00edses, con otras culturas, con otra gente, como que vuelvo inspirado y a la vez me gusta estar en contacto con este otro p\u00fablico. Ahora en M\u00e9xico conoc\u00ed a los fans mexicanos y me sigue sorprendiendo qu\u00e9 la m\u00fasica es tan universal y llegue tan lejos, porque para m\u00ed todav\u00eda es el barrio, as\u00ed que feliz, ansioso, faltando unos d\u00edas, tengo que preparar muchas cosas para Espa\u00f1a.<\/p>\n\n\n\n<figure class=\"wp-block-gallery columns-3 is-cropped wp-block-gallery-3 is-layout-flex wp-block-gallery-is-layout-flex\"><ul class=\"blocks-gallery-grid\"><li class=\"blocks-gallery-item\"><figure><img decoding=\"async\" width=\"1920\" height=\"1280\" data-src=\"https:\/\/www.lasrosas.com.ar\/portal\/wp-content\/uploads\/IMG_0422e-1920x1280.jpg\" alt=\"\" data-id=\"67772\" data-full-url=\"https:\/\/www.lasrosas.com.ar\/portal\/wp-content\/uploads\/IMG_0422e-scaled.jpg\" data-link=\"https:\/\/www.lasrosas.com.ar\/portal\/?attachment_id=67772\" class=\"wp-image-67772 lazyload\" data-srcset=\"https:\/\/www.lasrosas.com.ar\/portal\/wp-content\/uploads\/\/IMG_0422e-1920x1280.jpg 1920w, https:\/\/www.lasrosas.com.ar\/portal\/wp-content\/uploads\/\/IMG_0422e-960x640.jpg 960w, https:\/\/www.lasrosas.com.ar\/portal\/wp-content\/uploads\/\/IMG_0422e-1536x1024.jpg 1536w, https:\/\/www.lasrosas.com.ar\/portal\/wp-content\/uploads\/\/IMG_0422e-scaled.jpg 2048w\" data-sizes=\"(max-width: 1920px) 100vw, 1920px\" src=\"data:image\/svg+xml;base64,PHN2ZyB3aWR0aD0iMSIgaGVpZ2h0PSIxIiB4bWxucz0iaHR0cDovL3d3dy53My5vcmcvMjAwMC9zdmciPjwvc3ZnPg==\" style=\"--smush-placeholder-width: 1920px; --smush-placeholder-aspect-ratio: 1920\/1280;\" \/><\/figure><\/li><li class=\"blocks-gallery-item\"><figure><img decoding=\"async\" width=\"1920\" height=\"1280\" data-src=\"https:\/\/www.lasrosas.com.ar\/portal\/wp-content\/uploads\/IMG_0403e-1920x1280.jpg\" alt=\"\" data-id=\"67773\" data-full-url=\"https:\/\/www.lasrosas.com.ar\/portal\/wp-content\/uploads\/IMG_0403e-scaled.jpg\" data-link=\"https:\/\/www.lasrosas.com.ar\/portal\/?attachment_id=67773\" class=\"wp-image-67773 lazyload\" data-srcset=\"https:\/\/www.lasrosas.com.ar\/portal\/wp-content\/uploads\/\/IMG_0403e-1920x1280.jpg 1920w, https:\/\/www.lasrosas.com.ar\/portal\/wp-content\/uploads\/\/IMG_0403e-960x640.jpg 960w, https:\/\/www.lasrosas.com.ar\/portal\/wp-content\/uploads\/\/IMG_0403e-1536x1024.jpg 1536w, https:\/\/www.lasrosas.com.ar\/portal\/wp-content\/uploads\/\/IMG_0403e-scaled.jpg 2048w\" data-sizes=\"(max-width: 1920px) 100vw, 1920px\" src=\"data:image\/svg+xml;base64,PHN2ZyB3aWR0aD0iMSIgaGVpZ2h0PSIxIiB4bWxucz0iaHR0cDovL3d3dy53My5vcmcvMjAwMC9zdmciPjwvc3ZnPg==\" style=\"--smush-placeholder-width: 1920px; --smush-placeholder-aspect-ratio: 1920\/1280;\" \/><\/figure><\/li><li class=\"blocks-gallery-item\"><figure><img decoding=\"async\" width=\"1920\" height=\"1280\" data-src=\"https:\/\/www.lasrosas.com.ar\/portal\/wp-content\/uploads\/IMG_0408e-1920x1280.jpg\" alt=\"\" data-id=\"67774\" data-full-url=\"https:\/\/www.lasrosas.com.ar\/portal\/wp-content\/uploads\/IMG_0408e-scaled.jpg\" data-link=\"https:\/\/www.lasrosas.com.ar\/portal\/?attachment_id=67774\" class=\"wp-image-67774 lazyload\" data-srcset=\"https:\/\/www.lasrosas.com.ar\/portal\/wp-content\/uploads\/\/IMG_0408e-1920x1280.jpg 1920w, https:\/\/www.lasrosas.com.ar\/portal\/wp-content\/uploads\/\/IMG_0408e-960x640.jpg 960w, https:\/\/www.lasrosas.com.ar\/portal\/wp-content\/uploads\/\/IMG_0408e-1536x1024.jpg 1536w, https:\/\/www.lasrosas.com.ar\/portal\/wp-content\/uploads\/\/IMG_0408e-scaled.jpg 2048w\" data-sizes=\"(max-width: 1920px) 100vw, 1920px\" src=\"data:image\/svg+xml;base64,PHN2ZyB3aWR0aD0iMSIgaGVpZ2h0PSIxIiB4bWxucz0iaHR0cDovL3d3dy53My5vcmcvMjAwMC9zdmciPjwvc3ZnPg==\" style=\"--smush-placeholder-width: 1920px; --smush-placeholder-aspect-ratio: 1920\/1280;\" \/><\/figure><\/li><\/ul><\/figure>\n\n\n\n<p><strong>-\u00bfCuando te vas?&nbsp;<\/strong><\/p>\n\n\n\n<p>El 26 viajo<\/p>\n\n\n\n<p><strong>-\u00bfya fuiste a Espa\u00f1a a tocar?&nbsp;<\/strong><\/p>\n\n\n\n<p>Si, si fui y es hermoso encontrarse con la gente y bueno con esto de las plataformas ahora llegas a todo el mundo.<\/p>\n\n\n\n<p><strong>\u00bfC\u00f3mo ves la m\u00fasica hoy? si bien vos dec\u00eds sos un poco antiguo en el estilo y la forma en la cual te gusta hacer m\u00fasica, pero tambi\u00e9n hay algo muy moderno<\/strong><\/p>\n\n\n\n<p>S\u00ed que creo que ahora tambi\u00e9n se hace de todo, se pondera el single y la cosa m\u00e1s inmediata, pero solo eso, el artista en un momento tienen que tocar \u00ablo antiguo\u00bb<\/p>\n\n\n\n<p><strong>-\u00bfHay algo de la m\u00fasica nueva, de la forma de hacer m\u00fasica de los pibes j\u00f3venes, de los artistas j\u00f3venes que no termina de cerrar o de gustar ?<\/strong><\/p>\n\n\n\n<p>S\u00ed y todos tienen su argumento, no dejan de ser una cuesti\u00f3n de gusto en la m\u00fasica, creo que despu\u00e9s podes evaluarla por la calidad, pero bueno depende tambi\u00e9n del privilegio que tuviste vos, a qu\u00e9 educaci\u00f3n accediste, qu\u00e9 m\u00fasica pudiste escuchar y qu\u00e9 te permite a vos hacer ese juicio de valor, yo creo que lo bueno de esta generaci\u00f3n es que se ha democratizado el acceso la producci\u00f3n musical y que todos los pibitos que hacen m\u00fasica y la rompen en todo el mundo son ese claro ejemplo, mira Mar\u00eda Becerra una piba de quilmes que era youtuber y ahora le rompe el mundo y es mega talentosa, lo mismo los traperos, la verdad que yo lo festejo.<\/p>\n\n\n\n<p><strong>-Hay una video de Sting que dice que la m\u00fasica antes ten\u00eda un desenlace contado en historia que se escrib\u00eda con un principio y en un momento el estribillo estallaba y despu\u00e9s un desenlace o un final y que ahora es todo un ruido en al momento de escribir, \u00bfa vos que te gusta escribir, qu\u00e9 te gusta el reversionar canciones que tienen contenido, qu\u00e9 opinas de esto, que incluso Fito tambi\u00e9n opino.<\/strong><\/p>\n\n\n\n<p>A m\u00ed me parece un poco lo mismo que lo que pasa con Fito que entiendo que \u00e9l lo ve as\u00ed, pero yo escucho un track, como \u00abAutom\u00e1tico de Mar\u00eda Becerra\u00bb y me parece art\u00edsticamente muy bueno, el dise\u00f1o mel\u00f3dico de ella, lo r\u00edtmico en su voz, como frasea, despu\u00e9s las cosas que dice son reflejo de la sociedad, no nos olvidemos que la m\u00fasica es un reflejo de la sociedad y tambi\u00e9n siempre existi\u00f3 m\u00fasica de esto que dice Sting no tan elaborada, siempre hubo m\u00fasica sin tanto contenido, pero tampoco se que tanto contenido puede tener la m\u00fasica<\/p>\n\n\n\n<p>Cambia el mundo, cambia la m\u00fasica, yo soy m\u00e1s partidario de acompa\u00f1ar, esos cambios dejar que fluyan y de escuchar, yo salgo de fiesta y esa m\u00fasica que Fito cr\u00edtica, yo la bailo.<\/p>\n\n\n\n<figure class=\"wp-block-gallery columns-3 is-cropped wp-block-gallery-4 is-layout-flex wp-block-gallery-is-layout-flex\"><ul class=\"blocks-gallery-grid\"><li class=\"blocks-gallery-item\"><figure><img decoding=\"async\" width=\"1920\" height=\"1280\" data-src=\"https:\/\/www.lasrosas.com.ar\/portal\/wp-content\/uploads\/IMG_0542e-1920x1280.jpg\" alt=\"\" data-id=\"67775\" data-full-url=\"https:\/\/www.lasrosas.com.ar\/portal\/wp-content\/uploads\/IMG_0542e-scaled.jpg\" data-link=\"https:\/\/www.lasrosas.com.ar\/portal\/?attachment_id=67775\" class=\"wp-image-67775 lazyload\" data-srcset=\"https:\/\/www.lasrosas.com.ar\/portal\/wp-content\/uploads\/IMG_0542e-1920x1280.jpg 1920w, https:\/\/www.lasrosas.com.ar\/portal\/wp-content\/uploads\/IMG_0542e-960x640.jpg 960w, https:\/\/www.lasrosas.com.ar\/portal\/wp-content\/uploads\/IMG_0542e-1536x1024.jpg 1536w, https:\/\/www.lasrosas.com.ar\/portal\/wp-content\/uploads\/IMG_0542e-scaled.jpg 2048w\" data-sizes=\"(max-width: 1920px) 100vw, 1920px\" src=\"data:image\/svg+xml;base64,PHN2ZyB3aWR0aD0iMSIgaGVpZ2h0PSIxIiB4bWxucz0iaHR0cDovL3d3dy53My5vcmcvMjAwMC9zdmciPjwvc3ZnPg==\" style=\"--smush-placeholder-width: 1920px; --smush-placeholder-aspect-ratio: 1920\/1280;\" \/><\/figure><\/li><li class=\"blocks-gallery-item\"><figure><img decoding=\"async\" width=\"1920\" height=\"1280\" data-src=\"https:\/\/www.lasrosas.com.ar\/portal\/wp-content\/uploads\/IMG_0539e-1920x1280.jpg\" alt=\"\" data-id=\"67776\" data-full-url=\"https:\/\/www.lasrosas.com.ar\/portal\/wp-content\/uploads\/IMG_0539e-scaled.jpg\" data-link=\"https:\/\/www.lasrosas.com.ar\/portal\/?attachment_id=67776\" class=\"wp-image-67776 lazyload\" data-srcset=\"https:\/\/www.lasrosas.com.ar\/portal\/wp-content\/uploads\/\/IMG_0539e-1920x1280.jpg 1920w, https:\/\/www.lasrosas.com.ar\/portal\/wp-content\/uploads\/\/IMG_0539e-960x640.jpg 960w, https:\/\/www.lasrosas.com.ar\/portal\/wp-content\/uploads\/\/IMG_0539e-1536x1024.jpg 1536w, https:\/\/www.lasrosas.com.ar\/portal\/wp-content\/uploads\/\/IMG_0539e-scaled.jpg 2048w\" data-sizes=\"(max-width: 1920px) 100vw, 1920px\" src=\"data:image\/svg+xml;base64,PHN2ZyB3aWR0aD0iMSIgaGVpZ2h0PSIxIiB4bWxucz0iaHR0cDovL3d3dy53My5vcmcvMjAwMC9zdmciPjwvc3ZnPg==\" style=\"--smush-placeholder-width: 1920px; --smush-placeholder-aspect-ratio: 1920\/1280;\" \/><\/figure><\/li><li class=\"blocks-gallery-item\"><figure><img decoding=\"async\" width=\"1920\" height=\"1280\" data-src=\"https:\/\/www.lasrosas.com.ar\/portal\/wp-content\/uploads\/IMG_0541e-1920x1280.jpg\" alt=\"\" data-id=\"67778\" data-full-url=\"https:\/\/www.lasrosas.com.ar\/portal\/wp-content\/uploads\/IMG_0541e-scaled.jpg\" data-link=\"https:\/\/www.lasrosas.com.ar\/portal\/?attachment_id=67778\" class=\"wp-image-67778 lazyload\" data-srcset=\"https:\/\/www.lasrosas.com.ar\/portal\/wp-content\/uploads\/\/IMG_0541e-1920x1280.jpg 1920w, https:\/\/www.lasrosas.com.ar\/portal\/wp-content\/uploads\/\/IMG_0541e-960x640.jpg 960w, https:\/\/www.lasrosas.com.ar\/portal\/wp-content\/uploads\/\/IMG_0541e-1536x1024.jpg 1536w, https:\/\/www.lasrosas.com.ar\/portal\/wp-content\/uploads\/\/IMG_0541e-scaled.jpg 2048w\" data-sizes=\"(max-width: 1920px) 100vw, 1920px\" src=\"data:image\/svg+xml;base64,PHN2ZyB3aWR0aD0iMSIgaGVpZ2h0PSIxIiB4bWxucz0iaHR0cDovL3d3dy53My5vcmcvMjAwMC9zdmciPjwvc3ZnPg==\" style=\"--smush-placeholder-width: 1920px; --smush-placeholder-aspect-ratio: 1920\/1280;\" \/><\/figure><\/li><\/ul><\/figure>\n\n\n\n<p><strong>-Juan contanos c\u00f3mo fue hacer las fotos de la revista, porque ah\u00ed tambi\u00e9n hay que actuar un poco? Se te ve muy facha con los looks de Levis<\/strong><\/p>\n\n\n\n<p>Tuvo buena la sesi\u00f3n y no la actuaci\u00f3n es m\u00e1s dif\u00edcil, tener que decir un texto y que parezca de verdad, prep\u00e1rate despu\u00e9s los videoclips y las fotos son un chiste (risas)<\/p>\n\n\n\n<p><strong>Entonces te prep\u00e1rate, \u00bfte curte hacer una escena? despu\u00e9s de eso, \u00bftodo es m\u00e1s f\u00e1cil ?&nbsp;<\/strong><\/p>\n\n\n\n<p>Si despu\u00e9s de eso, uno le va perdiendo el miedo a la c\u00e1mara, te vas haciendo amigo.<\/p>\n\n\n\n<p><strong>-Te trataron bien la gente de las Rosas, \u00bfte hicieron sentir bien?&nbsp;<\/strong><\/p>\n\n\n\n<p>Si 100% como en casa.<\/p>\n<!-- AddThis Advanced Settings generic via filter on the_content --><!-- AddThis Share Buttons generic via filter on the_content -->","protected":false},"excerpt":{"rendered":"<p>Juan Ingaramo, un cordob\u00e9s nacido en el barrio San Vicente. Cantautor, productor, multi instrumentista y unos de los m\u00e1ximos exponentes de la nueva escena. Entrenado para la composici\u00f3n popular, y con su gusto por el cuarteto, el rock y el pop, Juan se abre y nos cuenta todo sobre su \u00faltimo sencillo, su pr\u00f3xima gira [&hellip;]<!-- AddThis Advanced Settings generic via filter on get_the_excerpt --><!-- AddThis Share Buttons generic via filter on get_the_excerpt --><\/p>\n","protected":false},"author":6,"featured_media":67777,"comment_status":"closed","ping_status":"open","sticky":false,"template":"","format":"standard","meta":{"_acf_changed":false,"om_disable_all_campaigns":false,"_monsterinsights_skip_tracking":false,"_monsterinsights_sitenote_active":false,"_monsterinsights_sitenote_note":"","_monsterinsights_sitenote_category":0,"_uf_show_specific_survey":0,"_uf_disable_surveys":false,"footnotes":""},"categories":[236,234,29,100,38],"tags":[],"class_list":["post-67764","post","type-post","status-publish","format-standard","has-post-thumbnail","hentry","category-cover-tapa","category-trend","category-revista","category-noticias","category-entrevistas"],"acf":[],"aioseo_notices":[],"_links":{"self":[{"href":"https:\/\/www.lasrosas.com.ar\/portal\/wp-json\/wp\/v2\/posts\/67764","targetHints":{"allow":["GET"]}}],"collection":[{"href":"https:\/\/www.lasrosas.com.ar\/portal\/wp-json\/wp\/v2\/posts"}],"about":[{"href":"https:\/\/www.lasrosas.com.ar\/portal\/wp-json\/wp\/v2\/types\/post"}],"author":[{"embeddable":true,"href":"https:\/\/www.lasrosas.com.ar\/portal\/wp-json\/wp\/v2\/users\/6"}],"replies":[{"embeddable":true,"href":"https:\/\/www.lasrosas.com.ar\/portal\/wp-json\/wp\/v2\/comments?post=67764"}],"version-history":[{"count":0,"href":"https:\/\/www.lasrosas.com.ar\/portal\/wp-json\/wp\/v2\/posts\/67764\/revisions"}],"wp:featuredmedia":[{"embeddable":true,"href":"https:\/\/www.lasrosas.com.ar\/portal\/wp-json\/wp\/v2\/media\/67777"}],"wp:attachment":[{"href":"https:\/\/www.lasrosas.com.ar\/portal\/wp-json\/wp\/v2\/media?parent=67764"}],"wp:term":[{"taxonomy":"category","embeddable":true,"href":"https:\/\/www.lasrosas.com.ar\/portal\/wp-json\/wp\/v2\/categories?post=67764"},{"taxonomy":"post_tag","embeddable":true,"href":"https:\/\/www.lasrosas.com.ar\/portal\/wp-json\/wp\/v2\/tags?post=67764"}],"curies":[{"name":"wp","href":"https:\/\/api.w.org\/{rel}","templated":true}]}}