{"id":6761,"date":"2018-08-23T15:00:59","date_gmt":"2018-08-23T18:00:59","guid":{"rendered":"https:\/\/www.lasrosas.com.ar\/portal\/?p=6761"},"modified":"2018-08-23T16:21:49","modified_gmt":"2018-08-23T19:21:49","slug":"uber-es-legal","status":"publish","type":"post","link":"https:\/\/www.lasrosas.com.ar\/portal\/uber-es-legal\/","title":{"rendered":"\u00bfUBER ES LEGAL?"},"content":{"rendered":"<h3><strong>La Corte Suprema de Justicia desestim\u00f3 una denuncia que busca declarar al servicio de transporte \u00abUber\u00bb como ilegal.\u00a0<\/strong><\/h3>\n<p>La Corte desestim\u00f3 una apelaci\u00f3n realizada por el Sindicato de peones de taxistas por un problema administrativo. Esto se debi\u00f3 a que no presentaron un escrito obligatorio establecido en el art\u00edculo 257 del C\u00f3digo Procesal Civil y Comercial de la Naci\u00f3n. Ante est\u00e1 falta, el Sindicato fue intimado intimado a realizar un deposito que se encuentra establecido en el C\u00f3digo Procesal. Por lo tanto, est\u00e9 fallo no se pronunci\u00f3 sobre la legalidad o ilegalidad del servicio que ofrecen los choferes de Uber.<\/p>\n<blockquote class=\"twitter-tweet\" data-width=\"500\" data-dnt=\"true\">\n<p lang=\"es\" dir=\"ltr\">Ante consulta de colegas, informo que la <a href=\"https:\/\/twitter.com\/CorteSupremaAR?ref_src=twsrc%5Etfw\">@CorteSupremaAR<\/a> no se pronunci\u00f3 sobre la legalidad o no de la actividad de Uber; en un caso desestim\u00f3 un recurso de queja ante el incumplimiento de recaudos previstos en la acordada 4\/2007 (cuestiones formales) <a href=\"https:\/\/t.co\/nCfIGhYxK4\">pic.twitter.com\/nCfIGhYxK4<\/a><\/p>\n<p>&mdash; Maria Bourdin (@BourdinMaria) <a href=\"https:\/\/twitter.com\/BourdinMaria\/status\/1031942707298660353?ref_src=twsrc%5Etfw\">August 21, 2018<\/a><\/p><\/blockquote>\n<p><script async src=\"https:\/\/platform.twitter.com\/widgets.js\" charset=\"utf-8\"><\/script><\/p>\n<!-- AddThis Advanced Settings generic via filter on the_content --><!-- AddThis Share Buttons generic via filter on the_content -->","protected":false},"excerpt":{"rendered":"<p>La Corte Suprema de Justicia desestim\u00f3 una denuncia que busca declarar al servicio de transporte \u00abUber\u00bb como ilegal.\u00a0 La Corte desestim\u00f3 una apelaci\u00f3n realizada por el Sindicato de peones de taxistas por un problema administrativo. Esto se debi\u00f3 a que no presentaron un escrito obligatorio establecido en el art\u00edculo 257 del C\u00f3digo Procesal Civil y [&hellip;]<!-- AddThis Advanced Settings generic via filter on get_the_excerpt --><!-- AddThis Share Buttons generic via filter on get_the_excerpt --><\/p>\n","protected":false},"author":6,"featured_media":6773,"comment_status":"closed","ping_status":"open","sticky":false,"template":"","format":"standard","meta":{"_acf_changed":false,"om_disable_all_campaigns":false,"_monsterinsights_skip_tracking":false,"_monsterinsights_sitenote_active":false,"_monsterinsights_sitenote_note":"","_monsterinsights_sitenote_category":0,"_uf_show_specific_survey":0,"_uf_disable_surveys":false,"footnotes":""},"categories":[100],"tags":[],"class_list":["post-6761","post","type-post","status-publish","format-standard","has-post-thumbnail","hentry","category-noticias"],"acf":[],"aioseo_notices":[],"_links":{"self":[{"href":"https:\/\/www.lasrosas.com.ar\/portal\/wp-json\/wp\/v2\/posts\/6761","targetHints":{"allow":["GET"]}}],"collection":[{"href":"https:\/\/www.lasrosas.com.ar\/portal\/wp-json\/wp\/v2\/posts"}],"about":[{"href":"https:\/\/www.lasrosas.com.ar\/portal\/wp-json\/wp\/v2\/types\/post"}],"author":[{"embeddable":true,"href":"https:\/\/www.lasrosas.com.ar\/portal\/wp-json\/wp\/v2\/users\/6"}],"replies":[{"embeddable":true,"href":"https:\/\/www.lasrosas.com.ar\/portal\/wp-json\/wp\/v2\/comments?post=6761"}],"version-history":[{"count":0,"href":"https:\/\/www.lasrosas.com.ar\/portal\/wp-json\/wp\/v2\/posts\/6761\/revisions"}],"wp:featuredmedia":[{"embeddable":true,"href":"https:\/\/www.lasrosas.com.ar\/portal\/wp-json\/wp\/v2\/media\/6773"}],"wp:attachment":[{"href":"https:\/\/www.lasrosas.com.ar\/portal\/wp-json\/wp\/v2\/media?parent=6761"}],"wp:term":[{"taxonomy":"category","embeddable":true,"href":"https:\/\/www.lasrosas.com.ar\/portal\/wp-json\/wp\/v2\/categories?post=6761"},{"taxonomy":"post_tag","embeddable":true,"href":"https:\/\/www.lasrosas.com.ar\/portal\/wp-json\/wp\/v2\/tags?post=6761"}],"curies":[{"name":"wp","href":"https:\/\/api.w.org\/{rel}","templated":true}]}}