{"id":67605,"date":"2023-06-13T14:11:26","date_gmt":"2023-06-13T17:11:26","guid":{"rendered":"https:\/\/www.lasrosas.com.ar\/portal\/?p=67605"},"modified":"2023-06-13T14:11:28","modified_gmt":"2023-06-13T17:11:28","slug":"en-la-lucha-contra-la-caspa-un-enfoque-revolucionario-y-sinergico-de-la-mano-de-kerastase","status":"publish","type":"post","link":"https:\/\/www.lasrosas.com.ar\/portal\/en-la-lucha-contra-la-caspa-un-enfoque-revolucionario-y-sinergico-de-la-mano-de-kerastase\/","title":{"rendered":"EN LA LUCHA CONTRA LA CASPA, UN ENFOQUE REVOLUCIONARIO Y SIN\u00c9RGICO, DE LA MANO DE K\u00c9RASTASE"},"content":{"rendered":"\n<p>Junio 2023. En la actualidad muchas personas padecen de caspa, pero muy pocas saben c\u00f3mo tratarla o qu\u00e9 productos usar. Los pacientes cuando acceden a sus consultas dermatol\u00f3gicas, van en b\u00fasqueda de soluciones para el acn\u00e9, ros\u00e1cea, o una rutina de skin care. Y a lo \u00faltimo, surge la pregunta con un cierto dejo de verg\u00fcenza \u00bfqu\u00e9 puedo hacer con la caspa?&nbsp; Nos explica Lucas Ponti, Dermat\u00f3logo. Entonces, \u00bfqu\u00e9 es la caspa? \u00bfC\u00f3mo podemos tratarla? \u00bfY cu\u00e1les son los productos recomendados para tratarla?<\/p>\n\n\n\n<p><strong>\u00bfQu\u00e9 es la caspa y qu\u00e9 la provoca?<\/strong><\/p>\n\n\n\n<p>Como cualquier otro tipo de piel, el cuero cabelludo se renueva constantemente desprendi\u00e9ndose de las c\u00e9lulas muertas y desarrollando otras nuevas. Cada 14 d\u00edas, las nuevas c\u00e9lulas procedentes de las capas m\u00e1s profundas del cuero cabelludo afloran a la superficie, empujando las c\u00e9lulas viejas hacia fuera. Normalmente, estas c\u00e9lulas se desprenden f\u00e1cilmente durante el lavado, por lo que no son visibles en el cabello.<\/p>\n\n\n\n<p>\u201c<em>Pero el estr\u00e9s, el cansancio, los cambios hormonales y los agresores externos son causantes de generar las c\u00e9lulas epid\u00e9rmicas muertas, las cuales se deben a un colapso de la renovaci\u00f3n epid\u00e9rmica normal del cuero cabelludo, causada por una levadura llamada malassezia. Esta levadura est\u00e1 presente en todos los cueros cabelludos, pero en mayor cantidad en algunos de ellos, causando caspa<\/em>\u201d explica <strong>Lucas Ponti<\/strong>. A su vez, agreg\u00f3, \u201c<em>algo s\u00faper importante a tener en cuenta es que todo se simplifica al utilizar un producto adecuado para cada tipo de cabello<\/em>\u201d.<\/p>\n\n\n\n<figure class=\"wp-block-gallery columns-3 is-cropped wp-block-gallery-1 is-layout-flex wp-block-gallery-is-layout-flex\"><ul class=\"blocks-gallery-grid\"><li class=\"blocks-gallery-item\"><figure><img decoding=\"async\" width=\"1080\" height=\"1080\" data-src=\"https:\/\/www.lasrosas.com.ar\/portal\/wp-content\/uploads\/3474637135690_Bain-Creme-Anti-Pelliculaire_IMG1.jpg\" alt=\"\" data-id=\"67610\" data-full-url=\"https:\/\/www.lasrosas.com.ar\/portal\/wp-content\/uploads\/3474637135690_Bain-Creme-Anti-Pelliculaire_IMG1.jpg\" data-link=\"https:\/\/www.lasrosas.com.ar\/portal\/?attachment_id=67610\" class=\"wp-image-67610 lazyload\" data-srcset=\"https:\/\/www.lasrosas.com.ar\/portal\/wp-content\/uploads\/3474637135690_Bain-Creme-Anti-Pelliculaire_IMG1.jpg 1080w, https:\/\/www.lasrosas.com.ar\/portal\/wp-content\/uploads\/3474637135690_Bain-Creme-Anti-Pelliculaire_IMG1-960x960.jpg 960w\" data-sizes=\"(max-width: 1080px) 100vw, 1080px\" src=\"data:image\/svg+xml;base64,PHN2ZyB3aWR0aD0iMSIgaGVpZ2h0PSIxIiB4bWxucz0iaHR0cDovL3d3dy53My5vcmcvMjAwMC9zdmciPjwvc3ZnPg==\" style=\"--smush-placeholder-width: 1080px; --smush-placeholder-aspect-ratio: 1080\/1080;\" \/><\/figure><\/li><li class=\"blocks-gallery-item\"><figure><img decoding=\"async\" width=\"1280\" height=\"1920\" data-src=\"https:\/\/www.lasrosas.com.ar\/portal\/wp-content\/uploads\/3474637135690_Bain-Creme-Anti-Pelliculaire_IMG7-1280x1920.jpg\" alt=\"\" data-id=\"67611\" data-full-url=\"https:\/\/www.lasrosas.com.ar\/portal\/wp-content\/uploads\/3474637135690_Bain-Creme-Anti-Pelliculaire_IMG7-scaled.jpg\" data-link=\"https:\/\/www.lasrosas.com.ar\/portal\/?attachment_id=67611\" class=\"wp-image-67611 lazyload\" data-srcset=\"https:\/\/www.lasrosas.com.ar\/portal\/wp-content\/uploads\/3474637135690_Bain-Creme-Anti-Pelliculaire_IMG7-1280x1920.jpg 1280w, https:\/\/www.lasrosas.com.ar\/portal\/wp-content\/uploads\/3474637135690_Bain-Creme-Anti-Pelliculaire_IMG7-640x960.jpg 640w, https:\/\/www.lasrosas.com.ar\/portal\/wp-content\/uploads\/3474637135690_Bain-Creme-Anti-Pelliculaire_IMG7-1024x1536.jpg 1024w, https:\/\/www.lasrosas.com.ar\/portal\/wp-content\/uploads\/3474637135690_Bain-Creme-Anti-Pelliculaire_IMG7-scaled.jpg 1365w\" data-sizes=\"(max-width: 1280px) 100vw, 1280px\" src=\"data:image\/svg+xml;base64,PHN2ZyB3aWR0aD0iMSIgaGVpZ2h0PSIxIiB4bWxucz0iaHR0cDovL3d3dy53My5vcmcvMjAwMC9zdmciPjwvc3ZnPg==\" style=\"--smush-placeholder-width: 1280px; --smush-placeholder-aspect-ratio: 1280\/1920;\" \/><\/figure><\/li><li class=\"blocks-gallery-item\"><figure><img decoding=\"async\" width=\"1080\" height=\"1080\" data-src=\"https:\/\/www.lasrosas.com.ar\/portal\/wp-content\/uploads\/3474637135744_Micro-Peeling_IMG1.jpg\" alt=\"\" data-id=\"67614\" data-full-url=\"https:\/\/www.lasrosas.com.ar\/portal\/wp-content\/uploads\/3474637135744_Micro-Peeling_IMG1.jpg\" data-link=\"https:\/\/www.lasrosas.com.ar\/portal\/?attachment_id=67614\" class=\"wp-image-67614 lazyload\" data-srcset=\"https:\/\/www.lasrosas.com.ar\/portal\/wp-content\/uploads\/3474637135744_Micro-Peeling_IMG1.jpg 1080w, https:\/\/www.lasrosas.com.ar\/portal\/wp-content\/uploads\/3474637135744_Micro-Peeling_IMG1-960x960.jpg 960w\" data-sizes=\"(max-width: 1080px) 100vw, 1080px\" src=\"data:image\/svg+xml;base64,PHN2ZyB3aWR0aD0iMSIgaGVpZ2h0PSIxIiB4bWxucz0iaHR0cDovL3d3dy53My5vcmcvMjAwMC9zdmciPjwvc3ZnPg==\" style=\"--smush-placeholder-width: 1080px; --smush-placeholder-aspect-ratio: 1080\/1080;\" \/><\/figure><\/li><\/ul><\/figure>\n\n\n\n<p><strong>\u00bfCu\u00e1l es la mejor manera para eliminarla?<\/strong><\/p>\n\n\n\n<p>Es importante lavar el cuero cabelludo con regularidad para eliminar el exceso de grasa y evitar la proliferaci\u00f3n excesiva de levaduras malassezia, as\u00ed como eliminar suavemente las c\u00e9lulas muertas y equilibrar el delicado microbioma del cuero cabelludo. El cuero cabelludo requiere un tratamiento constante y diario para controlar la caspa y \u201c<strong><em>el cuidado de la piel no debe detenerse en la l\u00ednea del cabello\u201d<\/em><\/strong><strong> <\/strong>menciona Lucas como frase de cabecera para sus pacientes cuando vienen en b\u00fasquedas de consultas Dermatol\u00f3gicas<strong>.<\/strong><\/p>\n\n\n\n<p>Es por estas razones que K\u00e9rastase opto por combatir el problema y mantener la experiencia de lujo para el cuidado del cabello, creando <strong>Symbiose<\/strong>, su nuevo lanzamiento, que tras 30 a\u00f1os de investigaci\u00f3n cient\u00edfica, otorgan una belleza integral en el cabello, con una gama de productos personalizados que es segura y eficaz contra la caspa.&nbsp;<\/p>\n\n\n\n<p>Los productos <strong>Symbiose,<\/strong> est\u00e1n dise\u00f1ados con una formula \u00fanica para cuidar las pieles sensibles propensas a la caspa. Compuesta por \u00e1cido salic\u00edlico, que trabaja sobre las consecuencias de la caspa, disolviendo las escamas; bifidus, que evita la reaparici\u00f3n de la caspa; piroctona olamina, regula el desequilibrio del microbioma actuando en\u00a0 forma duradera sobre las causas.<\/p>\n\n\n\n<figure class=\"wp-block-gallery columns-3 is-cropped wp-block-gallery-2 is-layout-flex wp-block-gallery-is-layout-flex\"><ul class=\"blocks-gallery-grid\"><li class=\"blocks-gallery-item\"><figure><img decoding=\"async\" width=\"1080\" height=\"1080\" data-src=\"https:\/\/www.lasrosas.com.ar\/portal\/wp-content\/uploads\/3474637136321_-Serum-Nuit_-IMG1-1.jpg\" alt=\"\" data-id=\"67612\" data-full-url=\"https:\/\/www.lasrosas.com.ar\/portal\/wp-content\/uploads\/3474637136321_-Serum-Nuit_-IMG1-1.jpg\" data-link=\"https:\/\/www.lasrosas.com.ar\/portal\/?attachment_id=67612\" class=\"wp-image-67612 lazyload\" data-srcset=\"https:\/\/www.lasrosas.com.ar\/portal\/wp-content\/uploads\/3474637136321_-Serum-Nuit_-IMG1-1.jpg 1080w, https:\/\/www.lasrosas.com.ar\/portal\/wp-content\/uploads\/3474637136321_-Serum-Nuit_-IMG1-1-960x960.jpg 960w\" data-sizes=\"(max-width: 1080px) 100vw, 1080px\" src=\"data:image\/svg+xml;base64,PHN2ZyB3aWR0aD0iMSIgaGVpZ2h0PSIxIiB4bWxucz0iaHR0cDovL3d3dy53My5vcmcvMjAwMC9zdmciPjwvc3ZnPg==\" style=\"--smush-placeholder-width: 1080px; --smush-placeholder-aspect-ratio: 1080\/1080;\" \/><\/figure><\/li><li class=\"blocks-gallery-item\"><figure><img decoding=\"async\" width=\"1080\" height=\"1080\" data-src=\"https:\/\/www.lasrosas.com.ar\/portal\/wp-content\/uploads\/3474637136321_-Serum-Nuit_-IMG1.jpg\" alt=\"\" data-id=\"67613\" data-full-url=\"https:\/\/www.lasrosas.com.ar\/portal\/wp-content\/uploads\/3474637136321_-Serum-Nuit_-IMG1.jpg\" data-link=\"https:\/\/www.lasrosas.com.ar\/portal\/?attachment_id=67613\" class=\"wp-image-67613 lazyload\" data-srcset=\"https:\/\/www.lasrosas.com.ar\/portal\/wp-content\/uploads\/3474637136321_-Serum-Nuit_-IMG1.jpg 1080w, https:\/\/www.lasrosas.com.ar\/portal\/wp-content\/uploads\/3474637136321_-Serum-Nuit_-IMG1-960x960.jpg 960w\" data-sizes=\"(max-width: 1080px) 100vw, 1080px\" src=\"data:image\/svg+xml;base64,PHN2ZyB3aWR0aD0iMSIgaGVpZ2h0PSIxIiB4bWxucz0iaHR0cDovL3d3dy53My5vcmcvMjAwMC9zdmciPjwvc3ZnPg==\" style=\"--smush-placeholder-width: 1080px; --smush-placeholder-aspect-ratio: 1080\/1080;\" \/><\/figure><\/li><li class=\"blocks-gallery-item\"><figure><img decoding=\"async\" width=\"1920\" height=\"1920\" data-src=\"https:\/\/www.lasrosas.com.ar\/portal\/wp-content\/uploads\/Micro-Peeling_IMG-1920x1920.jpg\" alt=\"\" data-id=\"67616\" data-full-url=\"https:\/\/www.lasrosas.com.ar\/portal\/wp-content\/uploads\/Micro-Peeling_IMG.jpg\" data-link=\"https:\/\/www.lasrosas.com.ar\/portal\/?attachment_id=67616\" class=\"wp-image-67616 lazyload\" data-srcset=\"https:\/\/www.lasrosas.com.ar\/portal\/wp-content\/uploads\/Micro-Peeling_IMG-1920x1920.jpg 1920w, https:\/\/www.lasrosas.com.ar\/portal\/wp-content\/uploads\/Micro-Peeling_IMG-960x960.jpg 960w, https:\/\/www.lasrosas.com.ar\/portal\/wp-content\/uploads\/Micro-Peeling_IMG-1536x1536.jpg 1536w, https:\/\/www.lasrosas.com.ar\/portal\/wp-content\/uploads\/Micro-Peeling_IMG.jpg 2000w\" data-sizes=\"(max-width: 1920px) 100vw, 1920px\" src=\"data:image\/svg+xml;base64,PHN2ZyB3aWR0aD0iMSIgaGVpZ2h0PSIxIiB4bWxucz0iaHR0cDovL3d3dy53My5vcmcvMjAwMC9zdmciPjwvc3ZnPg==\" style=\"--smush-placeholder-width: 1920px; --smush-placeholder-aspect-ratio: 1920\/1920;\" \/><\/figure><\/li><\/ul><\/figure>\n\n\n\n<p>La rutina consta de tres pasos:<\/p>\n\n\n\n<ol class=\"wp-block-list\"><li><strong>Exfoliar: MICRO-PEELING CELLULAIRE.<\/strong>&nbsp; Un Tratamiento celular Micro-exfoliante para el cuero cabelludo sensible propenso a la caspa. Una f\u00f3rmula purificante para exfoliar instant\u00e1neamente las c\u00e9lulas muertas y eliminar la caspa visible. \u201cSe siente que el cuero cabelludo respira\u201d. Sin siliconas.<\/li><li><strong>Ba\u00f1ar: BAIN CREME ANTI-PELLICULAIRE.<\/strong> Shampoo celular hidratante anticaspa.<strong> <\/strong>Elimina la caspa y las escamas al mismo tiempo que hidrata y calma el cuero cabelludo seco. Sin sulfatos ni siliconas.&nbsp;<\/li><li><strong>Tratar: SERUM CELLULAIRE NUIT -ANTI-PELLICULAIRE INTENSIF.<\/strong>&nbsp; S\u00e9rum celular nocturno anticaspa intensivo, sin sulfatos ni siliconas, para cuero cabelludo sensible y todo tipo de caspa. Ayuda a eliminar la caspa desde su origen gracias a su acci\u00f3n continua de 8hs por la noche, el momento de mayor renovaci\u00f3n del cuero cabelludo. Hasta 7 semanas de eficacia anticaspa.<sup> *Resultados de pruebas cl\u00ednicas en 34 personas durante 4 semanas, 3 aplicaciones por semana<\/sup><\/li><\/ol>\n<!-- AddThis Advanced Settings generic via filter on the_content --><!-- AddThis Share Buttons generic via filter on the_content -->","protected":false},"excerpt":{"rendered":"<p>Junio 2023. En la actualidad muchas personas padecen de caspa, pero muy pocas saben c\u00f3mo tratarla o qu\u00e9 productos usar. Los pacientes cuando acceden a sus consultas dermatol\u00f3gicas, van en b\u00fasqueda de soluciones para el acn\u00e9, ros\u00e1cea, o una rutina de skin care. Y a lo \u00faltimo, surge la pregunta con un cierto dejo de [&hellip;]<!-- AddThis Advanced Settings generic via filter on get_the_excerpt --><!-- AddThis Share Buttons generic via filter on get_the_excerpt --><\/p>\n","protected":false},"author":6,"featured_media":67615,"comment_status":"closed","ping_status":"open","sticky":false,"template":"","format":"standard","meta":{"_acf_changed":false,"om_disable_all_campaigns":false,"_monsterinsights_skip_tracking":false,"_monsterinsights_sitenote_active":false,"_monsterinsights_sitenote_note":"","_monsterinsights_sitenote_category":0,"_uf_show_specific_survey":0,"_uf_disable_surveys":false,"footnotes":""},"categories":[376,100],"tags":[],"class_list":["post-67605","post","type-post","status-publish","format-standard","has-post-thumbnail","hentry","category-lifestyle","category-noticias"],"acf":[],"aioseo_notices":[],"_links":{"self":[{"href":"https:\/\/www.lasrosas.com.ar\/portal\/wp-json\/wp\/v2\/posts\/67605","targetHints":{"allow":["GET"]}}],"collection":[{"href":"https:\/\/www.lasrosas.com.ar\/portal\/wp-json\/wp\/v2\/posts"}],"about":[{"href":"https:\/\/www.lasrosas.com.ar\/portal\/wp-json\/wp\/v2\/types\/post"}],"author":[{"embeddable":true,"href":"https:\/\/www.lasrosas.com.ar\/portal\/wp-json\/wp\/v2\/users\/6"}],"replies":[{"embeddable":true,"href":"https:\/\/www.lasrosas.com.ar\/portal\/wp-json\/wp\/v2\/comments?post=67605"}],"version-history":[{"count":0,"href":"https:\/\/www.lasrosas.com.ar\/portal\/wp-json\/wp\/v2\/posts\/67605\/revisions"}],"wp:featuredmedia":[{"embeddable":true,"href":"https:\/\/www.lasrosas.com.ar\/portal\/wp-json\/wp\/v2\/media\/67615"}],"wp:attachment":[{"href":"https:\/\/www.lasrosas.com.ar\/portal\/wp-json\/wp\/v2\/media?parent=67605"}],"wp:term":[{"taxonomy":"category","embeddable":true,"href":"https:\/\/www.lasrosas.com.ar\/portal\/wp-json\/wp\/v2\/categories?post=67605"},{"taxonomy":"post_tag","embeddable":true,"href":"https:\/\/www.lasrosas.com.ar\/portal\/wp-json\/wp\/v2\/tags?post=67605"}],"curies":[{"name":"wp","href":"https:\/\/api.w.org\/{rel}","templated":true}]}}