{"id":67442,"date":"2023-06-09T13:50:07","date_gmt":"2023-06-09T16:50:07","guid":{"rendered":"https:\/\/www.lasrosas.com.ar\/portal\/?p=67442"},"modified":"2023-06-22T12:39:31","modified_gmt":"2023-06-22T15:39:31","slug":"llega-avatar-el-camino-del-agua-a-disney","status":"publish","type":"post","link":"https:\/\/www.lasrosas.com.ar\/portal\/llega-avatar-el-camino-del-agua-a-disney\/","title":{"rendered":"LLEGA AVATAR: EL CAMINO DEL AGUA A DISNEY+"},"content":{"rendered":"\n<p><strong>TODO SOBRE EL MUNDO ACU\u00c1TICO DEL FEN\u00d3MENO GLOBAL DE JAMES CAMERON: ARRECIFES ID\u00cdLICOS, CRIATURAS FANT\u00c1STICAS Y UN NUEVO CLAN<\/strong><\/p>\n\n\n\n<p><strong><em>La pel\u00edcula no solo cuenta una historia independiente a la de AVATAR, disponible en Disney+, sino que incursiona en la captura de actuaci\u00f3n bajo el agua, coloc\u00e1ndose una vez m\u00e1s a la vanguardia en el uso de la tecnolog\u00eda en la narraci\u00f3n cinematogr\u00e1fica<\/em><\/strong>.<\/p>\n\n\n\n<p>Tras su paso por los cines en diciembre de 2022, ma\u00f1ana llega a Disney+&nbsp;<strong><em>AVATAR: EL CAMINO DEL AGUA<\/em><\/strong>.Dirigido por el reconocido realizador&nbsp;<strong>James Cameron<\/strong>, el film reencuentra a las audiencias del mundo entero con el cautivante universo de Pandora, la tierra de los Na\u2019vi introducida en 2009 en&nbsp;<em>AVATAR,&nbsp;<\/em>la pel\u00edcula convertida en fen\u00f3meno cultural que empuj\u00f3 los l\u00edmites de lo conocido hasta ese momento en materia de tecnolog\u00eda al servicio de la narraci\u00f3n cinematogr\u00e1fica.<\/p>\n\n\n\n<p>Trece a\u00f1os despu\u00e9s de aquel hito,&nbsp;<strong><em>AVATAR: EL CAMINO DEL AGUA<\/em><\/strong>&nbsp;expande el universo de Pandora y lleva el arte de los efectos visuales a niveles sin precedentes, transportando a la audiencia al hogar de la comunidad Metkayina, un rinc\u00f3n fascinante en las islas oce\u00e1nicas nunca antes presentado en la saga. En la historia, Jake Sully (<strong>Sam Worthington<\/strong>), su esposa Neytiri (<strong>Zoe Salda\u00f1a<\/strong>) y sus hijos llegan all\u00ed buscando refugio de la cacer\u00eda implacable de la \u201cgente del cielo\u201d, nucleada en la Administraci\u00f3n de Desarrollo y Recursos (RDA, por sus siglas en ingl\u00e9s) y liderada por Quaritch (<strong>Stephen Lang<\/strong>).<\/p>\n\n\n\n<p>Cuenta el productor&nbsp;<strong>Jon Landau<\/strong>: \u201c<em>Pandora es otro personaje de la pel\u00edcula. Estuvimos usando Pandora como una met\u00e1fora de nuestro mundo, y podr\u00edamos viajar por nuestro mundo durante a\u00f1os y no llegar a ver todas las maravillas que contiene. Entonces, Jim (James Cameron) tom\u00f3 la decisi\u00f3n de mantener la historia ambientada en Pandora y explorar nuevos biomas y nuevas culturas. Basado en su amor por el oc\u00e9ano y mi amor por el oc\u00e9ano, decidimos que el oc\u00e9ano ser\u00eda el nuevo entorno para nuestras historias<\/em>\u201d.&nbsp;La creaci\u00f3n del mundo habitado por la comunidad Metkayina present\u00f3 nuevos y grandes desaf\u00edos para el equipo creativo de la saga, y el extraordinario resultado de esos esfuerzos brilla en pantalla.<\/p>\n\n\n\n<figure class=\"wp-block-image\"><img decoding=\"async\" src=\"https:\/\/mail.google.com\/mail\/u\/0?ui=2&amp;ik=f354a747cd&amp;attid=0.3&amp;permmsgid=msg-f:1768152244653034541&amp;th=1889bd19335a8c2d&amp;view=fimg&amp;fur=ip&amp;sz=s0-l75-ft&amp;attbid=ANGjdJ9mPlNNh1cQAxXSNqtU5ajYbHMpDkmh1vdS3EyeQsOKDKt2wP7SFEOIz0v1EdukSc7c0ERs5wyDTzB2C6P5GG3UM288qXX8gYm7R3dWsvRqYh6RxBo0d5w39-E&amp;disp=emb&amp;realattid=18891fd9c09692e333\" alt=\"\"\/><\/figure>\n\n\n\n<p><strong>CREANDO A LA GENTE DEL ARRECIFE<\/strong><\/p>\n\n\n\n<p><strong>Dylan Cole<\/strong>, el dise\u00f1ador de producci\u00f3n de&nbsp;<strong><em>AVATAR: EL CAMINO DEL AGUA<\/em><\/strong>, debi\u00f3 crear un ecosistema completo que reflejara todos los aspectos de vida del clan Metkayina. Al centro de ese sistema est\u00e1n, por supuesto, los integrantes de ese clan.&nbsp;Los personajes tienen la piel de un tono azul ligeramente diferente al de los Omatikaya, y su fisiolog\u00eda tambi\u00e9n es distinta. Tienen las manos m\u00e1s grandes, el t\u00f3rax m\u00e1s ancho y tienen gruesas protuberancias cartilaginosas debajo de la piel, casi como aletas, que se extienden a los lados de los brazos y las piernas para ayudarlos a nadar. Tambi\u00e9n tienen colas m\u00e1s anchas para ayudarlos a impulsar el cuerpo por el agua. Cameron explica: \u201c<em>El clan Metkayina, la gente del arrecife, se adapt\u00f3 a la vida en el mar, de modo que su aspecto es notablemente diferente<\/em>\u201d.<\/p>\n\n\n\n<p>La vestimenta de los Metkayina tambi\u00e9n es un elemento importante de su aspecto visual. Si bien la mayor parte de los trajes fueron creados digitalmente por&nbsp;<em>W\u0113t\u0101 FX, el estudio de efectos visuales del realizador neozeland\u00e9s Peter Jackson, muchos de ellos y de la joyer\u00eda se fabricaron f\u00edsicamente. \u201cUna de las razones por las cuales confeccionamos las prendas fue porque el movimiento de una prenda no se puede entender sin tener la pieza completa. Si algo es pesado, tiene plumas, fibras o flecos, para entender la manera en la que se mueve en el aire, si hay brisa o bajo el agua, hay que tener la prenda f\u00edsica para ver c\u00f3mo se comporta\u201d, explica la dise\u00f1adora de vestuario&nbsp;<strong>Deborah L. Scott<\/strong>, ganadora del premio Oscar<\/em><sup>\u00ae<\/sup><em>&nbsp;por su trabajo en TITANIC.<\/em><em><\/em><\/p>\n\n\n\n<p>Landau agrega: \u201cSi quer\u00edamos que&nbsp;<em>W\u0113t\u0101 FX hiciera trajes que parecieran reales, ten\u00edamos que darles algo en lo que basarse. Las hermosas creaciones que dise\u00f1\u00f3 Deb y que luego fueron confeccionadas por los incre\u00edbles artesanos del taller de W\u0113t\u0101 FX lograron exactamente eso\u201d.<\/em><em><\/em><\/p>\n\n\n\n<figure class=\"wp-block-image\"><img decoding=\"async\" src=\"https:\/\/mail.google.com\/mail\/u\/0?ui=2&amp;ik=f354a747cd&amp;attid=0.4&amp;permmsgid=msg-f:1768152244653034541&amp;th=1889bd19335a8c2d&amp;view=fimg&amp;fur=ip&amp;sz=s0-l75-ft&amp;attbid=ANGjdJ_I9PYD5R8BJx1_7hZJfJJLt0SX_vw8qxuOnHR4LaEU1PFRDC6GbiSsrK2Kqo1ItgXBz_w6ieGEmBjVk2NufswRHjcIOUpZOBsxEf5_dkgFRztH7rUB5ls5SuE&amp;disp=emb&amp;realattid=18891fd9c097745b44\" alt=\"\"\/><\/figure>\n\n\n\n<p><strong>UNA ALDEA ID\u00cdLICA<\/strong><\/p>\n\n\n\n<p>La aldea en las remotas islas oce\u00e1nicas de Pandora que los Metkayina llaman hogar cobr\u00f3 vida en base a una premisa: deb\u00eda evocar una sensaci\u00f3n de vida id\u00edlica en el arrecife. All\u00ed, los integrantes del clan habitan en completa armon\u00eda con las maravillosas especies vegetales y animales que los rodean. La comunidad tiene su epicentro espiritual en la Ensenada de los Ancestros, un lugar sagrado donde se encuentra el \u00c1rbol de los Esp\u00edritus, un elemento que hace referencia al \u00c1rbol de las Almas, el sauce gigantesco atacado por las fuerzas de la RDA en&nbsp;<em>AVATAR<\/em>. \u201c<em>Mantuvimos la idea de que fuera un \u00e1rbol, con resplandecientes zarcillos y frondas color magenta, como ex\u00f3ticas algas pardas\u201d<\/em>, cuenta Cole<em>.<\/em><\/p>\n\n\n\n<figure class=\"wp-block-image\"><img decoding=\"async\" src=\"https:\/\/mail.google.com\/mail\/u\/0?ui=2&amp;ik=f354a747cd&amp;attid=0.5&amp;permmsgid=msg-f:1768152244653034541&amp;th=1889bd19335a8c2d&amp;view=fimg&amp;fur=ip&amp;sz=s0-l75-ft&amp;attbid=ANGjdJ_yrkz-BpQdrmg1cORAoIyERRB5sBVUnQE3gILdHlNy58ysuJuRpxbUQ6kV6KfE04PRYTgFJP9XBSiDte_oyuDFR8QOap3MpETg8PX6eRKg7pMfBe6hh_Ak8kI&amp;disp=emb&amp;realattid=18891fd9c09855d355\" alt=\"\"\/><\/figure>\n\n\n\n<p><strong>TULKUN, ILU, SKIMWING<\/strong><\/p>\n\n\n\n<p>Otro elemento central en el mundo de los Metkayina presentado en la pel\u00edcula es su fauna. El clan cohabita con especies fant\u00e1sticas que tiene roles muy importantes en su cultura y su relaci\u00f3n con el entorno. Una figura central es el tulkun,&nbsp;una criatura inteligente parecida a una ballena que puede llegar a tener 90 metros de largo. Cameron explica: \u201c<em>La idea es que la cultura tulkun y la cultura Na\u2019vi se unen por la m\u00fasica, las canciones y la danza. Los Metkayina, por ejemplo, le hacen tatuajes a los tulkun expresando su historia familiar. Los tulkun adultos que pasaron por su ceremonia de pasaje a la adultez, tienen todo el cuerpo y las aletas tatuadas, al igual que los Metkayina, que se hacen sus primeros tatuajes en la adolescencia<\/em>\u201d.<\/p>\n\n\n\n<p>Entre los tulkun tiene especial protagonismo Payakan, un tulkun adolescente que se hace amigo de Lo\u2019ak (<strong>Britain Dalton<\/strong>), el hijo de Jake y Neytiri. La dupla se comunica con una Lengua de Se\u00f1as dise\u00f1ado especialmente para la producci\u00f3n de la pel\u00edcula por el actor y defensor de los derechos de las personas Sordas CJ Jones.<\/p>\n\n\n\n<p>Otra de las criaturas acu\u00e1ticas creadas para el film es el ilu, un mam\u00edfero juguet\u00f3n que Cameron describe como \u201cuna cruza entre una versi\u00f3n biplano de una manta raya fusionado al largo cuello del plesiosaurio con las alas canard de un avi\u00f3n de combate europeo\u201d. En la historia tambi\u00e9n se destacan los skimwing, anfibios que hacen las veces de monturas de guerreros y cuyo dise\u00f1o est\u00e1 inspirado en parte en los peces voladores, pero la forma de la cabeza es muy diferente, y tiene alas brillantes con un dise\u00f1o color negro y naranja con algo de blanco.<\/p>\n\n\n\n<figure class=\"wp-block-image\"><img decoding=\"async\" src=\"https:\/\/mail.google.com\/mail\/u\/0?ui=2&amp;ik=f354a747cd&amp;attid=0.6&amp;permmsgid=msg-f:1768152244653034541&amp;th=1889bd19335a8c2d&amp;view=fimg&amp;fur=ip&amp;sz=s0-l75-ft&amp;attbid=ANGjdJ9jqJzreFHM6MqTbaDOBAroJ9bVaIHDoPOK-t8JEkXyy3ssqxo9aXeDOQ80PpDs8-7pdy3XZYegMP8KwpXMmMa0mNqEBeTTfreIXLXGgL9LaHMokjjLQ7ByhNo&amp;disp=emb&amp;realattid=18891fd9c099374b66\" alt=\"\"\/><\/figure>\n\n\n\n<p><strong>UNA MIRADA CLAVE<\/strong><\/p>\n\n\n\n<p>El mundo de Pandora no ser\u00eda el mismo sin el aporte \u201cm\u00e1gico\u201d del director de fotograf\u00eda&nbsp;<strong>Russell Carpenter<\/strong>. Cameron asegura que su mirada fue clave en la creaci\u00f3n del universo visual de&nbsp;<strong><em>AVATAR: EL CAMINO DEL AGUA<\/em><\/strong>. Tanto las escenas en la comunidad Metkayina como aquellas en los bosques de Pandora y en los entornos de la RDA est\u00e1n atravesadas por el talento de Carpenter, quien debi\u00f3 dedicar especial atenci\u00f3n a la iluminaci\u00f3n. \u201c<em>Cuando tienes una combinaci\u00f3n de acci\u00f3n real y animaci\u00f3n digital, una de las cosas m\u00e1s dif\u00edciles es la iluminaci\u00f3n interactiva. Tambi\u00e9n est\u00e1bamos filmando esto en 3D, en im\u00e1genes de alto rango din\u00e1mico a 48 cuadros por segundo. Russell ten\u00eda que tener en cuenta todo eso<\/em>\u201d, se\u00f1ala Landau.<\/p>\n\n\n\n<p>Carpenter tambi\u00e9n trabaj\u00f3 minuciosamente para cerciorase de que la iluminaci\u00f3n complementara la paleta de colores establecida de la pel\u00edcula. \u201c<em>Jim quiere que todo afecte al espectador de una cierta manera, que estimule las neuronas de nuestro sistema visual y nuestro cerebro de una manera en particular. Por eso le prestamos tanta atenci\u00f3n al color, al detalle, al movimiento de la c\u00e1mara, para que ayuden a dar esa sensaci\u00f3n de inmersi\u00f3n<\/em>\u201d, concluye.<\/p>\n\n\n\n<p><strong><em>AVATAR: EL CAMINO DEL AGUA&nbsp;<\/em><\/strong>estrena ma\u00f1ana, 7 de junio, en Disney+.<\/p>\n<!-- AddThis Advanced Settings generic via filter on the_content --><!-- AddThis Share Buttons generic via filter on the_content -->","protected":false},"excerpt":{"rendered":"<p>TODO SOBRE EL MUNDO ACU\u00c1TICO DEL FEN\u00d3MENO GLOBAL DE JAMES CAMERON: ARRECIFES ID\u00cdLICOS, CRIATURAS FANT\u00c1STICAS Y UN NUEVO CLAN La pel\u00edcula no solo cuenta una historia independiente a la de AVATAR, disponible en Disney+, sino que incursiona en la captura de actuaci\u00f3n bajo el agua, coloc\u00e1ndose una vez m\u00e1s a la vanguardia en el uso [&hellip;]<!-- AddThis Advanced Settings generic via filter on get_the_excerpt --><!-- AddThis Share Buttons generic via filter on get_the_excerpt --><\/p>\n","protected":false},"author":6,"featured_media":67443,"comment_status":"closed","ping_status":"open","sticky":false,"template":"","format":"standard","meta":{"_acf_changed":false,"om_disable_all_campaigns":false,"_monsterinsights_skip_tracking":false,"_monsterinsights_sitenote_active":false,"_monsterinsights_sitenote_note":"","_monsterinsights_sitenote_category":0,"_uf_show_specific_survey":0,"_uf_disable_surveys":false,"footnotes":""},"categories":[100],"tags":[],"class_list":["post-67442","post","type-post","status-publish","format-standard","has-post-thumbnail","hentry","category-noticias"],"acf":[],"aioseo_notices":[],"_links":{"self":[{"href":"https:\/\/www.lasrosas.com.ar\/portal\/wp-json\/wp\/v2\/posts\/67442","targetHints":{"allow":["GET"]}}],"collection":[{"href":"https:\/\/www.lasrosas.com.ar\/portal\/wp-json\/wp\/v2\/posts"}],"about":[{"href":"https:\/\/www.lasrosas.com.ar\/portal\/wp-json\/wp\/v2\/types\/post"}],"author":[{"embeddable":true,"href":"https:\/\/www.lasrosas.com.ar\/portal\/wp-json\/wp\/v2\/users\/6"}],"replies":[{"embeddable":true,"href":"https:\/\/www.lasrosas.com.ar\/portal\/wp-json\/wp\/v2\/comments?post=67442"}],"version-history":[{"count":0,"href":"https:\/\/www.lasrosas.com.ar\/portal\/wp-json\/wp\/v2\/posts\/67442\/revisions"}],"wp:featuredmedia":[{"embeddable":true,"href":"https:\/\/www.lasrosas.com.ar\/portal\/wp-json\/wp\/v2\/media\/67443"}],"wp:attachment":[{"href":"https:\/\/www.lasrosas.com.ar\/portal\/wp-json\/wp\/v2\/media?parent=67442"}],"wp:term":[{"taxonomy":"category","embeddable":true,"href":"https:\/\/www.lasrosas.com.ar\/portal\/wp-json\/wp\/v2\/categories?post=67442"},{"taxonomy":"post_tag","embeddable":true,"href":"https:\/\/www.lasrosas.com.ar\/portal\/wp-json\/wp\/v2\/tags?post=67442"}],"curies":[{"name":"wp","href":"https:\/\/api.w.org\/{rel}","templated":true}]}}